{"id":9886,"date":"2010-11-17T18:41:29","date_gmt":"2010-11-17T17:41:29","guid":{"rendered":"http:\/\/www.schiebener.net\/wordpress\/?p=9886"},"modified":"2010-11-17T19:47:02","modified_gmt":"2010-11-17T18:47:02","slug":"arnsberger-ausbildungsbundnis-spd-fordert-ausbildungsgarantie-fur-haupt-und-forderschuler","status":"publish","type":"post","link":"https:\/\/www.schiebener.net\/wordpress\/arnsberger-ausbildungsbundnis-spd-fordert-ausbildungsgarantie-fur-haupt-und-forderschuler\/","title":{"rendered":"Arnsberger Ausbildungsb\u00fcndnis: SPD fordert Ausbildungsgarantie f\u00fcr Haupt- und F\u00f6rdersch\u00fcler"},"content":{"rendered":"<figure id=\"attachment_9890\" aria-describedby=\"caption-attachment-9890\" style=\"width: 151px\" class=\"wp-caption alignleft\"><img loading=\"lazy\" decoding=\"async\" class=\"size-medium wp-image-9890 \" title=\"postaandreas\" src=\"http:\/\/www.schiebener.net\/wordpress\/wp-content\/uploads\/2010\/11\/postaandreas-216x300.jpg\" alt=\"Andreas Posta (foto: spd)\" width=\"151\" height=\"210\" srcset=\"https:\/\/www.schiebener.net\/wordpress\/wp-content\/uploads\/2010\/11\/postaandreas-216x300.jpg 216w, https:\/\/www.schiebener.net\/wordpress\/wp-content\/uploads\/2010\/11\/postaandreas.jpg 320w\" sizes=\"auto, (max-width: 151px) 85vw, 151px\" \/><figcaption id=\"caption-attachment-9890\" class=\"wp-caption-text\">Andreas Posta (foto: spd)<\/figcaption><\/figure>\n<p><strong>Arnsberg. (<a href=\"http:\/\/www.spd-arnsberg.de\/html\/-1\/welcome\/index.html\" target=\"_blank\">spd)<\/a> Hauptsch\u00fcler und Hauptsch\u00fclerinnen haben immer noch deutlich schlechtere Chancen auf dem Arbeitsmarkt als Absolventen anderer weiterf\u00fchrenden Schulen, beklagt Andreas Posta, stellvertretender Vorsitzender im Ausschuss Schule, Jugend und Familie.<\/strong><\/p>\n<p>Ebenso benachteiligt seien F\u00f6rdersch\u00fcler und F\u00f6rdersch\u00fclerinnen. Der Deutsche <a href=\"http:\/\/www.bildungsbericht.de\/zeigen.html?seite=6153\" target=\"_blank\">Bildungsbericht 2008<\/a> spiegele diese Tendenz deutlich wieder.<\/p>\n<p>Andreas Posta und Fraktionskollegin Erika Hahnwald, ebenfalls Mitglied im Schulausschuss, wollen den Schulabg\u00e4ngern eine \u00e2\u20ac\u017eOdyssee\u00e2\u20ac\u0153 von Nachqualifizierungen und \u00dcberbr\u00fcckungsma\u00dfnahmen ersparen.<\/p>\n<p>Beide sind \u00fcberzeugt, dass mit geeigneten Ma\u00dfnahmen dieser &#8222;Odyssee&#8220; entgegen gewirkt werden kann. \u00c4hnlich dem preisgekr\u00f6nten \u00e2\u20ac\u017e<a href=\"http:\/\/www.wdr.de\/wissen\/wdr_wissen\/themen\/schule_beruf\/aktuell\/2010\/02\/pakt_der_hauptschueler.php5\" target=\"_blank\">Gevelsberger Pakt<\/a>\u00e2\u20ac\u0153 solle in Arnsberg ein Ausbildungsb\u00fcndnis Vorschub leisten, so Andreas Posta (SPD).<\/p>\n<p>&#8222;Es darf uns kein Sch\u00fcler verloren gehen&#8220;, so Posta und Hahnwald, &#8222;wir wollen die <a href=\"http:\/\/www.wfa-arnsberg.de\/\" target=\"_blank\">Wirtschaftsf\u00f6rderung Arnsberg (WFA)<\/a> mit einbinden.&#8220;  Es solle um Firmen geworben werden, die dann an diesem \u00e2\u20ac\u017eArnsberger B\u00fcndnis\u00e2\u20ac\u0153 teilnehmen.<\/p>\n<p>Schule, Sch\u00fcler, Eltern und Ausbildungsbetriebe k\u00f6nnten verbindlich rechtliche Vertr\u00e4ge abschlie\u00dfen. Ein solcher Vertrag sichere den Jugendlichen in diesen schwierigen Zeiten dann einen Ausbildungsvertrag.<\/p>\n<p>Ganz ohne eigenen Einsatz gehe es allerdings nicht, erkl\u00e4rt Erika Hahnwald. Voraussetzungen zur Vertragserf\u00fcllung seien ein gutes soziales Verhalten, mindestens befriedigende Leistungen in Deutsch und Mathematik. Ein &#8222;Ausreichend&#8220; in Englisch kann durch ein Gut in einem anderen Fach ausgeglichen werden. Die Sch\u00fcler verpflichten sich dar\u00fcber hinaus, Sozialstunden zu leisten.<\/p>\n<p>Kern des Vertrages sollte vorrangig sein, dass die Sch\u00fcler\/Innen lernen, sich an feste Regeln zu halten. Dazu geh\u00f6rt auch P\u00fcnktlichkeit und kein unentschuldigtes Fehlen, au\u00dferdem keine Gewaltaus\u00fcbung.<\/p>\n<p>SPD-Chef Franz-Josef Schr\u00f6der erg\u00e4nzt: \u00e2\u20ac\u0153Der Antrag liegt der Verwaltung vor. Wir k\u00f6nnen uns gut vorstellen, das Projekt in das bereits bestehende Konzept &#8222;<a href=\"http:\/\/www.arnsberg.de\/videos\/pro-be.php\" target=\"_blank\">ProBe<\/a>&#8220; mit einzubeziehen. Nach dem Motto \u00e2\u20ac\u017eKinder und Jugendliche stark machen\u00e2\u20ac\u0153, sind wir guter Dinge das Projekt etablieren zu k\u00f6nnen.\u00e2\u20ac\u0153<\/p>\n","protected":false},"excerpt":{"rendered":"<p>Arnsberg. (spd) Hauptsch\u00fcler und Hauptsch\u00fclerinnen haben immer noch deutlich schlechtere Chancen auf dem Arbeitsmarkt als Absolventen anderer weiterf\u00fchrenden Schulen, beklagt Andreas Posta, stellvertretender Vorsitzender im Ausschuss Schule, Jugend und Familie. &hellip; <a href=\"https:\/\/www.schiebener.net\/wordpress\/arnsberger-ausbildungsbundnis-spd-fordert-ausbildungsgarantie-fur-haupt-und-forderschuler\/\" class=\"more-link\"><span class=\"screen-reader-text\">\u201eArnsberger Ausbildungsb\u00fcndnis: SPD fordert Ausbildungsgarantie f\u00fcr Haupt- und F\u00f6rdersch\u00fcler\u201c <\/span>weiterlesen<\/a><\/p>\n","protected":false},"author":17,"featured_media":0,"comment_status":"open","ping_status":"open","sticky":false,"template":"","format":"standard","meta":{"footnotes":""},"categories":[542,3,303,80],"tags":[2097,1350,2098,2095,13,2096],"class_list":["post-9886","post","type-post","status-publish","format-standard","hentry","category-arbeitswelt","category-bildung-und-schule","category-in-unserem-briefkasten","category-lokales","tag-andreas-posta","tag-arnsberg","tag-erika-hahnwald","tag-probe","tag-spd","tag-wfa"],"_links":{"self":[{"href":"https:\/\/www.schiebener.net\/wordpress\/wp-json\/wp\/v2\/posts\/9886","targetHints":{"allow":["GET"]}}],"collection":[{"href":"https:\/\/www.schiebener.net\/wordpress\/wp-json\/wp\/v2\/posts"}],"about":[{"href":"https:\/\/www.schiebener.net\/wordpress\/wp-json\/wp\/v2\/types\/post"}],"author":[{"embeddable":true,"href":"https:\/\/www.schiebener.net\/wordpress\/wp-json\/wp\/v2\/users\/17"}],"replies":[{"embeddable":true,"href":"https:\/\/www.schiebener.net\/wordpress\/wp-json\/wp\/v2\/comments?post=9886"}],"version-history":[{"count":0,"href":"https:\/\/www.schiebener.net\/wordpress\/wp-json\/wp\/v2\/posts\/9886\/revisions"}],"wp:attachment":[{"href":"https:\/\/www.schiebener.net\/wordpress\/wp-json\/wp\/v2\/media?parent=9886"}],"wp:term":[{"taxonomy":"category","embeddable":true,"href":"https:\/\/www.schiebener.net\/wordpress\/wp-json\/wp\/v2\/categories?post=9886"},{"taxonomy":"post_tag","embeddable":true,"href":"https:\/\/www.schiebener.net\/wordpress\/wp-json\/wp\/v2\/tags?post=9886"}],"curies":[{"name":"wp","href":"https:\/\/api.w.org\/{rel}","templated":true}]}}