{"id":9623,"date":"2010-10-31T18:17:46","date_gmt":"2010-10-31T16:17:46","guid":{"rendered":"http:\/\/www.schiebener.net\/wordpress\/?p=9623"},"modified":"2010-10-31T18:17:46","modified_gmt":"2010-10-31T16:17:46","slug":"verdi-dortmund-medien-macht-und-meinungsmache","status":"publish","type":"post","link":"https:\/\/www.schiebener.net\/wordpress\/verdi-dortmund-medien-macht-und-meinungsmache\/","title":{"rendered":"ver.di Dortmund: Medien, Macht und Meinungsmache"},"content":{"rendered":"<figure id=\"attachment_8108\" aria-describedby=\"caption-attachment-8108\" style=\"width: 240px\" class=\"wp-caption alignleft\"><img loading=\"lazy\" decoding=\"async\" class=\"size-full wp-image-8108\" title=\"wazdortmund \" src=\"http:\/\/www.schiebener.net\/wordpress\/wp-content\/uploads\/2010\/06\/wazdortmund.png\" alt=\"Medienimperium: WAZ hier in Dortmund (foto: archiv)\" width=\"240\" height=\"180\" \/><figcaption id=\"caption-attachment-8108\" class=\"wp-caption-text\">Medienimperium: WAZ hier in Dortmund (foto: archiv)<\/figcaption><\/figure>\n<p>Durch einen <a href=\"http:\/\/www.ruhrbarone.de\/wem-gehoren-die-medien\/\" target=\"_blank\">Artikel bei den Ruhrbaronen<\/a> bin ich auf <a href=\"http:\/\/dortmund.verdi.de\/data\/FB-8-Veranstaltung.pdf\" target=\"_blank\">folgende Veranstaltung<\/a> aufmerksam geworden:<\/p>\n<p><em>Medien, Macht und Meinungsmache<br \/>\nVortrag und Diskussion mit Tom Schimmeck, freier Autor und Journalist<br \/>\nam Donnerstag, 4. November 2010<br \/>\nab 19.00 Uhr Einlass, 19.30 Uhr Beginn<br \/>\nin Dortmund, verdi-Haus, K\u00f6nigswall 36 (schr\u00e4g gegen\u00fcber vom Hauptbahnhof)<\/em><\/p>\n<p>Der Abend richtet sich ausdr\u00fccklich nicht nur an Journalisten, sondern wir wollen eine politische Diskussion \u00fcber demokratische \u00d6ffentlichkeit und Medien ansto\u00dfen. Jeder, der Zeitung liest, fernsieht, Radio h\u00f6rt oder im Internet unterwegs ist, ist eingeladen hinzukommen und mitzureden!<\/p>\n<p>Wie kommt ein Thema in die Zeitung oder ins Fernsehen? Wessen Interessen bedienen die Medien? Wie funktionieren Lobbyarbeit, PR und Expertentum? Wie bewegen sich Medien und Journalisten zwischen Aufkl\u00e4rungsauftrag, Quote und Rendite, Zeitmangel und Hungerhonoraren?<\/p>\n<p>Dar\u00fcber diskutieren wir mit Tom Schimmeck, Autor des Buches \u00e2\u20ac\u017eAm besten nichts Neues. Medien, Macht und Meinungsmache\u00e2\u20ac\u0153. Er arbeitet u. a. f\u00fcr die S\u00fcddeutsche Zeitung, die ZEIT, den Deutschlandfunk und den NDR und war Mitbegr\u00fcnder der taz.<\/p>\n<p>Heribert Prantl schreibt \u00fcber ihn: \u00e2\u20ac\u017eWenn man seine Texte liest, denkt man sich: Karl Kraus ist ja eigentlich tot, Kurt Tucholsky auch. Tom Schimmeck erinnert an sie, an die ganz Gro\u00dfen unseres Metiers. Aber er ist er selber. Er ist Essayist, er ist Kommentator, er ist auch Prophet.\u00e2\u20ac\u0153<\/p>\n<p>Hier als Vorgeschmack ein paar S\u00e4tze aus dem genannten Buch: \u00e2\u20ac\u017eWas fr\u00fcher dezent in Bu\u00cc\u02c6ros und Hinterzimmern ausgehandelt wurde, kommt nun auf die gro\u00dfe B\u00fchne. M\u00e4chtige Interessen verschaffen sich direkt Geh\u00f6r, treten in Talkshows auf, kommentieren in Bild, verbandeln sich auch mit seri\u00f6seren Bl\u00e4ttern zu allerlei \u00bbMedienpartnerschaften\u00ab, um die Gesellschaft nach ihrem Willen zu formen. Fu\u00cc\u02c6r den Normalverbraucher werden die Botschaften auf griffige, bis zur Unkenntlichkeit verk\u00fcrzte Formeln reduziert, in Geschichten verpackt und u\u00cc\u02c6ber interessante, wiedererkennbare Figuren hinausgetragen. Die Prinzip ist immer gleich:\u00a0 Aufmerksamkeit schaffen. L\u00e4rm erzeugen. (&#8230;)<\/p>\n<p>Allzu oft fungieren Medien heute als Outlets f\u00fcr die Produkte der Spin-Meister. Journalisten verkommen zu Kellnern, die den Salat der Meinungsk\u00f6che federnden Schrittes zum Publikum tragen. Allm\u00e4hlich verschmilzt alles mit allem, wird eins unter dem Begriff \u00bbPolitische Kommunikation\u00ab: Verb\u00e4nde und Firmen entsenden Dauerpraktikanten in die Ministerien. Lobby-Anw\u00e4lte formulieren die Gesetze.<\/p>\n<p>Medien, Politik und professionelle Meinungsmacher zeigen sich Hand in Hand. An den PR-Schulen lernt der Nachwuchs die Eroberung der \u00bbMeinungsf\u00fchrerschaft\u00ab mit allen Tricks \u00e2\u20ac\u201c u\u00cc\u02c6ber Personalisierung, Dramatisierung oder durch symbolisch aufgeladene Attacken und Techniken des \u00bbFraming\u00ab. (&#8230;) Selbst der knallharte Fake ist keine Seltenheit mehr.\u00e2\u20ac\u0153<\/p>\n<p>Die ruhrbarone <a href=\"http:\/\/www.ruhrbarone.de\/wem-gehoren-die-medien\/\" target=\"_blank\">ver\u00f6ffentlichen, etwas gek\u00fcrzt, die Rede<\/a>, die Schimmeck beim  Kongress \u00e2\u20ac\u017e\u00d6ffentlichkeit und Demokratie\u00e2\u20ac\u0153 Anfang Oktober in Berlin  gehalten hat: Wem geh\u00f6ren die Medien? Sehr lesenswert.<\/p>\n","protected":false},"excerpt":{"rendered":"<p>Durch einen Artikel bei den Ruhrbaronen bin ich auf folgende Veranstaltung aufmerksam geworden: Medien, Macht und Meinungsmache Vortrag und Diskussion mit Tom Schimmeck, freier Autor und Journalist am Donnerstag, 4. &hellip; <a href=\"https:\/\/www.schiebener.net\/wordpress\/verdi-dortmund-medien-macht-und-meinungsmache\/\" class=\"more-link\"><span class=\"screen-reader-text\">\u201ever.di Dortmund: Medien, Macht und Meinungsmache\u201c <\/span>weiterlesen<\/a><\/p>\n","protected":false},"author":3,"featured_media":0,"comment_status":"open","ping_status":"open","sticky":false,"template":"","format":"standard","meta":{"footnotes":""},"categories":[32,24,1208],"tags":[5852,2019,603],"class_list":["post-9623","post","type-post","status-publish","format-standard","hentry","category-medien","category-politik","category-wirtschaft","tag-medien","tag-tom-schimmeck","tag-verdi-dortmund"],"_links":{"self":[{"href":"https:\/\/www.schiebener.net\/wordpress\/wp-json\/wp\/v2\/posts\/9623","targetHints":{"allow":["GET"]}}],"collection":[{"href":"https:\/\/www.schiebener.net\/wordpress\/wp-json\/wp\/v2\/posts"}],"about":[{"href":"https:\/\/www.schiebener.net\/wordpress\/wp-json\/wp\/v2\/types\/post"}],"author":[{"embeddable":true,"href":"https:\/\/www.schiebener.net\/wordpress\/wp-json\/wp\/v2\/users\/3"}],"replies":[{"embeddable":true,"href":"https:\/\/www.schiebener.net\/wordpress\/wp-json\/wp\/v2\/comments?post=9623"}],"version-history":[{"count":0,"href":"https:\/\/www.schiebener.net\/wordpress\/wp-json\/wp\/v2\/posts\/9623\/revisions"}],"wp:attachment":[{"href":"https:\/\/www.schiebener.net\/wordpress\/wp-json\/wp\/v2\/media?parent=9623"}],"wp:term":[{"taxonomy":"category","embeddable":true,"href":"https:\/\/www.schiebener.net\/wordpress\/wp-json\/wp\/v2\/categories?post=9623"},{"taxonomy":"post_tag","embeddable":true,"href":"https:\/\/www.schiebener.net\/wordpress\/wp-json\/wp\/v2\/tags?post=9623"}],"curies":[{"name":"wp","href":"https:\/\/api.w.org\/{rel}","templated":true}]}}