{"id":9386,"date":"2010-10-18T09:57:44","date_gmt":"2010-10-18T07:57:44","guid":{"rendered":"http:\/\/www.schiebener.net\/wordpress\/?p=9386"},"modified":"2010-10-18T10:00:37","modified_gmt":"2010-10-18T08:00:37","slug":"gefunden-merkel-wer-das-christliche-menschenbild-nicht-akzeptiert-ist-%e2%80%9cfehl-am-platze%e2%80%9d-in-deutschland","status":"publish","type":"post","link":"https:\/\/www.schiebener.net\/wordpress\/gefunden-merkel-wer-das-christliche-menschenbild-nicht-akzeptiert-ist-%e2%80%9cfehl-am-platze%e2%80%9d-in-deutschland\/","title":{"rendered":"Gefunden &#8211; Merkel: Wer das christliche Menschenbild nicht akzeptiert, ist \u00e2\u20ac\u0153fehl am Platze\u00e2\u20ac\u009d in Deutschland."},"content":{"rendered":"<figure id=\"attachment_7605\" aria-describedby=\"caption-attachment-7605\" style=\"width: 150px\" class=\"wp-caption alignleft\"><img loading=\"lazy\" decoding=\"async\" class=\"size-thumbnail wp-image-7605\" title=\"Bildstock St. Blasius\" src=\"http:\/\/www.schiebener.net\/wordpress\/wp-content\/uploads\/2010\/05\/blasiusbildstock-150x150.png\" alt=\"Bildstock St. Blasius (archiv: zoom)\" width=\"150\" height=\"150\" \/><figcaption id=\"caption-attachment-7605\" class=\"wp-caption-text\">Bildstock St. Blasius (archiv: zoom)<\/figcaption><\/figure>\n<p><strong>Ein guter Text von Wolfgang Lieb auf den Nachdenkseiten: <\/strong><\/p>\n<p><strong><\/strong>&#8222;Die CDU-Vorsitzende erkl\u00e4rte auf einer CDU-Regionalkonferenz in  Berlin-Brandenburg: \u00e2\u20ac\u0153Wir f\u00fchlen uns dem christlichen Menschenbild  verbunden, das ist das, was uns ausmacht.\u00e2\u20ac\u009d Wer das nicht akzeptiere, \u00e2\u20ac\u0153<a href=\"http:\/\/www.spiegel.de\/politik\/deutschland\/0,1518,723466,00.html\" target=\"_blank\">der ist bei uns fehl am Platz<\/a>\u00e2\u20ac\u0153.<\/p>\n<p>Nein, Frau Kanzlerin, ich f\u00fchle mich dem Menschenbild des Humanismus  verbunden und als \u00e2\u20ac\u017eVerfassungspatriot\u00e2\u20ac\u0153 dem Menschenbild des  Grundgesetzes und nicht dem christlichen Menschbild verpflichtet. Bin  ich also \u00e2\u20ac\u017ebei uns fehl am Platze\u00e2\u20ac\u0153?\u00a0 &#8230;<\/p>\n<p>Zur Erinnerung Frau Merkel: das Menschbild des Grundgesetzes ergibt sich aus:<\/p>\n<ul>\n<li>\u00e2\u20ac\u017eDie W\u00fcrde des Menschen ist unantastbar\u00e2\u20ac\u0153 (Art. I Abs. 1, Satz 1 GG)<\/li>\n<li>\u00e2\u20ac\u017eSie (die unantastbare W\u00fcrde des Menschen) zu achten und zu sch\u00fctzen ist Verpflichtung aller staatlichen Gewalt\u00e2\u20ac\u0153 (I 1, 2 GG)<\/li>\n<li>\u00e2\u20ac\u017eDie Freiheit der Person ist unverletzlich\u00e2\u20ac\u0153 (II 2, 2 GG)<\/li>\n<li>\u00e2\u20ac\u017eJeder hat das Recht auf Leben und die k\u00f6rperliche Unversehrtheit\u00e2\u20ac\u0153 (II 2, 1 GG)<\/li>\n<li> \u00e2\u20ac\u017eJeder hat das Recht auf die freie Entfaltung seiner  Pers\u00f6nlichkeit, soweit er nicht die Rechte anderer verletzt und nicht  gegen die verfassungsm\u00e4\u00dfige Ordnung oder das Sittengesetz verst\u00f6\u00dft\u00e2\u20ac\u0153 (II 1  GG)<\/li>\n<li>\u00e2\u20ac\u017eDas Deutsche Volk bekennt sich darum zu den unverletzlichen und  ver\u00e4u\u00dferlichen Menschenrechten als Grundlage jeder menschlichen  Gemeinschaft, des Friedens und der Gerechtigkeit in der Welt\u00e2\u20ac\u0153 (I 2 GG).<\/li>\n<\/ul>\n<p>Nach unserem Grundgesetz bekennt sich das Deutsche Volk also zu einem  universalistischen Verst\u00e4ndnis von Menschenrechten. Wenn das  Grundgesetz von der Untastbarkeit der W\u00fcrde \u00e2\u20ac\u017edes Menschen\u00e2\u20ac\u0153 spricht, so  gilt das nicht nur f\u00fcr die W\u00fcrde des Deutschen, sondern f\u00fcr die W\u00fcrde  aller Menschen, die unter dem Grundgesetz leben &#8230;&#8220;<\/p>\n<p><a href=\"http:\/\/www.nachdenkseiten.de\/?p=7119\" target=\"_blank\">alles lesen<\/a><\/p>\n","protected":false},"excerpt":{"rendered":"<p>Ein guter Text von Wolfgang Lieb auf den Nachdenkseiten: &#8222;Die CDU-Vorsitzende erkl\u00e4rte auf einer CDU-Regionalkonferenz in Berlin-Brandenburg: \u00e2\u20ac\u0153Wir f\u00fchlen uns dem christlichen Menschenbild verbunden, das ist das, was uns ausmacht.\u00e2\u20ac\u009d &hellip; <a href=\"https:\/\/www.schiebener.net\/wordpress\/gefunden-merkel-wer-das-christliche-menschenbild-nicht-akzeptiert-ist-%e2%80%9cfehl-am-platze%e2%80%9d-in-deutschland\/\" class=\"more-link\"><span class=\"screen-reader-text\">\u201eGefunden &#8211; Merkel: Wer das christliche Menschenbild nicht akzeptiert, ist \u00e2\u20ac\u0153fehl am Platze\u00e2\u20ac\u009d in Deutschland.\u201c <\/span>weiterlesen<\/a><\/p>\n","protected":false},"author":17,"featured_media":0,"comment_status":"open","ping_status":"open","sticky":false,"template":"","format":"standard","meta":{"footnotes":""},"categories":[24,49,379],"tags":[1963,515,756,101,5853,1093],"class_list":["post-9386","post","type-post","status-publish","format-standard","hentry","category-politik","category-religion","category-umleitung","tag-christentum","tag-grundgesetz","tag-merkel","tag-nachdenkseiten","tag-religion","tag-wolfgang-lieb"],"_links":{"self":[{"href":"https:\/\/www.schiebener.net\/wordpress\/wp-json\/wp\/v2\/posts\/9386","targetHints":{"allow":["GET"]}}],"collection":[{"href":"https:\/\/www.schiebener.net\/wordpress\/wp-json\/wp\/v2\/posts"}],"about":[{"href":"https:\/\/www.schiebener.net\/wordpress\/wp-json\/wp\/v2\/types\/post"}],"author":[{"embeddable":true,"href":"https:\/\/www.schiebener.net\/wordpress\/wp-json\/wp\/v2\/users\/17"}],"replies":[{"embeddable":true,"href":"https:\/\/www.schiebener.net\/wordpress\/wp-json\/wp\/v2\/comments?post=9386"}],"version-history":[{"count":0,"href":"https:\/\/www.schiebener.net\/wordpress\/wp-json\/wp\/v2\/posts\/9386\/revisions"}],"wp:attachment":[{"href":"https:\/\/www.schiebener.net\/wordpress\/wp-json\/wp\/v2\/media?parent=9386"}],"wp:term":[{"taxonomy":"category","embeddable":true,"href":"https:\/\/www.schiebener.net\/wordpress\/wp-json\/wp\/v2\/categories?post=9386"},{"taxonomy":"post_tag","embeddable":true,"href":"https:\/\/www.schiebener.net\/wordpress\/wp-json\/wp\/v2\/tags?post=9386"}],"curies":[{"name":"wp","href":"https:\/\/api.w.org\/{rel}","templated":true}]}}