{"id":9324,"date":"2010-10-15T22:17:19","date_gmt":"2010-10-15T20:17:19","guid":{"rendered":"http:\/\/www.schiebener.net\/wordpress\/?p=9324"},"modified":"2010-10-15T22:17:19","modified_gmt":"2010-10-15T20:17:19","slug":"hausarztemangel-im-hsk-hallenberg-marsberg-und-bestwig-besonders-betroffen","status":"publish","type":"post","link":"https:\/\/www.schiebener.net\/wordpress\/hausarztemangel-im-hsk-hallenberg-marsberg-und-bestwig-besonders-betroffen\/","title":{"rendered":"Haus\u00e4rztemangel im HSK. Hallenberg, Marsberg und Bestwig besonders betroffen."},"content":{"rendered":"<h3 class=\"header\"><strong>Haus\u00e4rztemangel im HSK &#8211; Hausarztaktionsprogramm NRW vorgestellt<\/strong><\/h3>\n<h4>Hallenberg, Marsberg und Bestwig besonders betroffen<\/h4>\n<p><a href=\"http:\/\/www.presse-service.de\/data.cfm\/static\/776236.html\" target=\"_blank\"><em>Hochsauerlandkreis<\/em> (Pressemeldung<\/a>)<\/p>\n<p><strong>In Hallenberg und Marsberg ist die Versorgung mit Haus\u00e4rzten bedroht.  Hallenberg nimmt landesweit Platz 11 ein, Marsberg Platz 28. Diese  Fakten legte Dr. Jan Leidel, Ansprechpartner f\u00fcr das  Hausarztaktionsprogramm im Gesundheitsministerium NRW und bis zu seiner  Pensionierung Leiter des K\u00f6lner Gesundheitsamtes, in einem Fachgespr\u00e4ch  im Kreishaus Meschede vor. Mittelfristig wird es auch Schwierigkeiten in  Bestwig geben, das landesweit Platz 55 belegt. <\/strong><\/p>\n<p style=\"text-align: center;\">\n<figure id=\"attachment_9325\" aria-describedby=\"caption-attachment-9325\" style=\"width: 417px\" class=\"wp-caption aligncenter\"><a href=\"http:\/\/www.schiebener.net\/wordpress\/wp-content\/uploads\/2010\/10\/hausaerztemangel01.jpg\" target=\"_blank\"><img loading=\"lazy\" decoding=\"async\" class=\"size-full wp-image-9325  \" title=\"M\u00e4nnerrunde zum Haus\u00e4rztemangel\" src=\"http:\/\/www.schiebener.net\/wordpress\/wp-content\/uploads\/2010\/10\/hausaerztemangel01.jpg\" alt=\"M\u00e4nnerrunde zum Haus\u00e4rztemangel: v.l.n.r.: Volker Koch (Direktor Karolinen-Hospital H\u00fcsten und Schatzmeister des Vereins), Dr. Peter Kleeschulte (Leiter Gesundheitsamt HSK und Vorstandsmitglied des Vereins), Dr. Jan Leidel (Gesundheitsministerium NRW), Landrat Dr. Karl Schneider und Dr. Christoph Bauer (Allgemeinmediziner und Vereinsvorsitzender) bereiten in einem Gespr\u00e4ch die Veranstaltung vor.  (Foto: Pressestelle HSK) \" width=\"417\" height=\"169\" srcset=\"https:\/\/www.schiebener.net\/wordpress\/wp-content\/uploads\/2010\/10\/hausaerztemangel01.jpg 994w, https:\/\/www.schiebener.net\/wordpress\/wp-content\/uploads\/2010\/10\/hausaerztemangel01-300x121.jpg 300w\" sizes=\"auto, (max-width: 417px) 85vw, 417px\" \/><\/a><figcaption id=\"caption-attachment-9325\" class=\"wp-caption-text\">M\u00e4nnerrunde zum Haus\u00e4rztemangel: v.l.n.r.: Volker Koch (Direktor Karolinen-Hospital H\u00fcsten und Schatzmeister des Vereins), Dr. Peter Kleeschulte (Leiter Gesundheitsamt HSK und Vorstandsmitglied des Vereins), Dr. Jan Leidel (Gesundheitsministerium NRW), Landrat Dr. Karl Schneider und Dr. Christoph Bauer (Allgemeinmediziner und Vereinsvorsitzender) bereiten in einem Gespr\u00e4ch die Veranstaltung vor.  (Foto: Pressestelle HSK) <\/figcaption><\/figure>\n<p><strong>Das Hausarztaktionsprogramm<\/strong><\/p>\n<p>Die St\u00e4dte Hallenberg und Marsberg geh\u00f6ren im Hausarztaktionsprogramm  NRW zum F\u00f6rdergebiet 1 und die Gemeinde Bestwig zum F\u00f6rdergebiet 2. Ein  Hausarzt, der sich in den beiden St\u00e4dten niederl\u00e4sst, kann bis zu 50.000  Euro erhalten, in Bestwig betr\u00e4gt die F\u00f6rderung immerhin noch 25.000  Euro. F\u00f6rderm\u00f6glichkeiten gibt es ebenfalls f\u00fcr die Besch\u00e4ftigung eines  Weiterbildungsassistenten w\u00e4hrend der Praxisphase mit maximal 2.000 Euro  monatlich.<\/p>\n<p><strong>Suche nach Fachkr\u00e4ften f\u00fcr Krankenh\u00e4user und Arztpraxen<\/strong><\/p>\n<p>Dr. Leidel lobte die Aktivit\u00e4ten mit Vorbildcharakter im  Hochsauerlandkreis: \u00e2\u20ac\u017eMit der Gr\u00fcndung des Vereins und dem Aufbau von  gemeinsamen Strukturen hat die Region bereits reagiert und sich den  k\u00fcnftigen Herausforderungen gestellt.\u00e2\u20ac\u0153 So gr\u00fcndete sich bereits vor  einem Jahr der Verein zur F\u00f6rderung der \u00e4rztlichen Berufsaus\u00fcbung. Um  \u00e4rztlichen Nachwuchs f\u00fcr die Region zu gewinnen, hat der Verein eine  Personalagentur beauftragt, direkt nach Fachkr\u00e4ften f\u00fcr Krankenh\u00e4user  und Praxen zu suchen. Eine Agentur f\u00fcr Wirtschaftskommunikation wird  k\u00fcnftig Aktionen an Hochschulen, Messen und Kongressen starten und in  den sogenannten \u00e2\u20ac\u017eSocial Media&#8220; wie Twitter und Facebook aktiv werden.<\/p>\n<p><strong>Weiterbildungsverbund?<\/strong><\/p>\n<p>Weiterhin wird intensiv an dem Weiterbildungsverbund f\u00fcr \u00c4rzte im HSK  gearbeitet. F\u00fcr den Bereich Allgemeinmedizin gibt es bereits ein  Konzept, das auf die F\u00e4cher Innere Medizin, Chirurgie sowie Kinder- und  Jugendmedizin ausgeweitet werden soll. Dar\u00fcber hinaus hat es erste  Hilfen bei familienunterst\u00fctzenden Ma\u00dfnahmen wie der Wohnungssuche und  der Suche nach Kindergartenpl\u00e4tzen gegeben. \u00e2\u20ac\u017eDas sind die  Handlungsfelder, die kommunal besetzt werden k\u00f6nnen. Wichtige  Entscheidungen bleiben aber der Hochschul- und Gesundheitspolitik sowie  den medizinischen Fakult\u00e4ten vorbehalten\u00e2\u20ac\u0153, zeigte Dr. Leidel die Grenzen  f\u00fcr die Handelnden vor Ort auf.<\/p>\n<p><strong>Landrat Schneider: &#8222;Ich habe die Entwicklungen rechtzeitig erkannt&#8220;<\/strong><\/p>\n<p>F\u00fcr Landrat Dr. Karl Schneider ist die \u00e4rztliche Versorgung im  Hochsauerlandkreis eine wesentliche strategische Frage bei der  Kreisentwicklung: \u00e2\u20ac\u017eIch habe die Entwicklungen rechtzeitig erkannt und  diesem Thema im Rahmen des Wirtschaftspolitischen Programms des HSK eine  hohe Bedeutung beigemessen.\u00e2\u20ac\u0153 Landrat Dr. Schneider und Dr. Christoph  Bauer, Vorsitzender des Vereins zur F\u00f6rderung der \u00e4rztlichen  Berufsaus\u00fcbung, hatten zur Veranstaltung ins Kreishaus Meschede  eingeladen. Teilnehmer waren Vertreter der St\u00e4dte und Gemeinden, der  \u00c4rztekammer und der Kassen\u00e4rztlichen Vereinigung Westfalen-Lippe, des  Vereins sowie leitende Mitarbeiter von Krankenh\u00e4usern und des  Hochsauerlandkreises.<\/p>\n","protected":false},"excerpt":{"rendered":"<p>Haus\u00e4rztemangel im HSK &#8211; Hausarztaktionsprogramm NRW vorgestellt Hallenberg, Marsberg und Bestwig besonders betroffen Hochsauerlandkreis (Pressemeldung) In Hallenberg und Marsberg ist die Versorgung mit Haus\u00e4rzten bedroht. Hallenberg nimmt landesweit Platz 11 &hellip; <a href=\"https:\/\/www.schiebener.net\/wordpress\/hausarztemangel-im-hsk-hallenberg-marsberg-und-bestwig-besonders-betroffen\/\" class=\"more-link\"><span class=\"screen-reader-text\">\u201eHaus\u00e4rztemangel im HSK. Hallenberg, Marsberg und Bestwig besonders betroffen.\u201c <\/span>weiterlesen<\/a><\/p>\n","protected":false},"author":17,"featured_media":0,"comment_status":"open","ping_status":"open","sticky":false,"template":"","format":"standard","meta":{"footnotes":""},"categories":[303,80,24],"tags":[1945,835,1283],"class_list":["post-9324","post","type-post","status-publish","format-standard","hentry","category-in-unserem-briefkasten","category-lokales","category-politik","tag-hausarztemangel","tag-hochsauerlandkreis","tag-landrat-dr-karl-schneider"],"_links":{"self":[{"href":"https:\/\/www.schiebener.net\/wordpress\/wp-json\/wp\/v2\/posts\/9324","targetHints":{"allow":["GET"]}}],"collection":[{"href":"https:\/\/www.schiebener.net\/wordpress\/wp-json\/wp\/v2\/posts"}],"about":[{"href":"https:\/\/www.schiebener.net\/wordpress\/wp-json\/wp\/v2\/types\/post"}],"author":[{"embeddable":true,"href":"https:\/\/www.schiebener.net\/wordpress\/wp-json\/wp\/v2\/users\/17"}],"replies":[{"embeddable":true,"href":"https:\/\/www.schiebener.net\/wordpress\/wp-json\/wp\/v2\/comments?post=9324"}],"version-history":[{"count":0,"href":"https:\/\/www.schiebener.net\/wordpress\/wp-json\/wp\/v2\/posts\/9324\/revisions"}],"wp:attachment":[{"href":"https:\/\/www.schiebener.net\/wordpress\/wp-json\/wp\/v2\/media?parent=9324"}],"wp:term":[{"taxonomy":"category","embeddable":true,"href":"https:\/\/www.schiebener.net\/wordpress\/wp-json\/wp\/v2\/categories?post=9324"},{"taxonomy":"post_tag","embeddable":true,"href":"https:\/\/www.schiebener.net\/wordpress\/wp-json\/wp\/v2\/tags?post=9324"}],"curies":[{"name":"wp","href":"https:\/\/api.w.org\/{rel}","templated":true}]}}