{"id":9221,"date":"2010-09-29T15:27:50","date_gmt":"2010-09-29T13:27:50","guid":{"rendered":"http:\/\/www.schiebener.net\/wordpress\/?p=9221"},"modified":"2010-09-29T15:27:50","modified_gmt":"2010-09-29T13:27:50","slug":"wiemeringhauser-dorfladenprojekt-informationsabend-am-donnerstag-30-september-2010","status":"publish","type":"post","link":"https:\/\/www.schiebener.net\/wordpress\/wiemeringhauser-dorfladenprojekt-informationsabend-am-donnerstag-30-september-2010\/","title":{"rendered":"Wiemeringhauser Dorfladenprojekt: Informationsabend am Donnerstag, 30. September 2010"},"content":{"rendered":"<h3>Unser Dorfladenprojekt &#8211; ein Informationsabend am 30. September 2010<\/h3>\n<figure id=\"attachment_5170\" aria-describedby=\"caption-attachment-5170\" style=\"width: 300px\" class=\"wp-caption alignleft\"><img loading=\"lazy\" decoding=\"async\" class=\"size-medium wp-image-5170\" title=\"Wiemeringhausen im Hochsauerland\" src=\"http:\/\/www.schiebener.net\/wordpress\/wp-content\/uploads\/2009\/10\/wiemeringhausen01-300x225.jpg\" alt=\"Wiemeringhausen im Hochsauerland (archiv: zoom)\" width=\"300\" height=\"225\" srcset=\"https:\/\/www.schiebener.net\/wordpress\/wp-content\/uploads\/2009\/10\/wiemeringhausen01-300x225.jpg 300w, https:\/\/www.schiebener.net\/wordpress\/wp-content\/uploads\/2009\/10\/wiemeringhausen01.jpg 480w\" sizes=\"auto, (max-width: 300px) 85vw, 300px\" \/><figcaption id=\"caption-attachment-5170\" class=\"wp-caption-text\">Wiemeringhausen im Hochsauerland (archiv: zoom)<\/figcaption><\/figure>\n<p><em>(Bericht von Talat Durguter und J\u00fcrgen Winzer)<\/em><\/p>\n<p><strong>In der B\u00fcrgerversammlung am 18. Mai 2010 haben wir Ihnen die ersten Informationen zu einem m\u00f6glichen Projekt \u00e2\u20ac\u017eDORV-Zentrum\/Dorfladen-Wiemeringhausen&#8220; geben d\u00fcrfen. Wie hierbei angek\u00fcndigt, m\u00f6chten wir nun zu einem 2. Info-Abend einladen.<\/strong><\/p>\n<p>An diesem Abend steht alleine das Thema \u00e2\u20ac\u017eDORV-Zentrum\/Dorfladen-Wiemeringhausen&#8220; im Mittelpunkt. Wir m\u00f6chten hier weitere, ausf\u00fchrlichere Informationen geben und die M\u00f6glichkeiten eines solchen Projektes gerne mit Ihnen diskutieren.<\/p>\n<p>Au\u00dferdem wird uns an diesem Abend ein Projektverantwortlicher des Projektes \u00e2\u20ac\u017eDORV-Zentrum V\u00f6llinghausen&#8220; zur Verf\u00fcgung stehen. Er wird nicht nur aus dem bisher erfolgreich verlaufenden Projekt berichten, sondern auch Ihre und unsere Fragen beantworten k\u00f6nnen.<\/p>\n<p>Gleichzeitig m\u00f6chten wir die Gelegenheit nutzen, und \u00fcber einen Fragebogen informieren, der Anfang Oktober an alle Haushalte unseres Ortes im Zuge dieses Projektes verteilt werden wird. Der Informationsabend findet statt am Donnerstag, 30.09.10 um 20:00 Uhr im Gasthof Sch\u00f6ttes. Bei Fragen zu diesem Thema ist ab sofort auch folgende Webseite freigeschaltet:<\/p>\n<p><a href=\"http:\/\/www.dorfladen-wiemeringhausen.de\" target=\"_blank\">www.dorfladen-wiemeringhausen.de<\/a> Hier finden Sie aktuelle Nachrichten, Informationen und Terminank\u00fcndigungen zu dem Thema.<\/p>\n","protected":false},"excerpt":{"rendered":"<p>Unser Dorfladenprojekt &#8211; ein Informationsabend am 30. September 2010 (Bericht von Talat Durguter und J\u00fcrgen Winzer) In der B\u00fcrgerversammlung am 18. Mai 2010 haben wir Ihnen die ersten Informationen zu &hellip; <a href=\"https:\/\/www.schiebener.net\/wordpress\/wiemeringhauser-dorfladenprojekt-informationsabend-am-donnerstag-30-september-2010\/\" class=\"more-link\"><span class=\"screen-reader-text\">\u201eWiemeringhauser Dorfladenprojekt: Informationsabend am Donnerstag, 30. September 2010\u201c <\/span>weiterlesen<\/a><\/p>\n","protected":false},"author":17,"featured_media":0,"comment_status":"open","ping_status":"open","sticky":false,"template":"","format":"standard","meta":{"footnotes":""},"categories":[303,674,80,24],"tags":[1914,940,883],"class_list":["post-9221","post","type-post","status-publish","format-standard","hentry","category-in-unserem-briefkasten","category-kultur","category-lokales","category-politik","tag-dorfladen","tag-schottes","tag-wiemeringhausen"],"_links":{"self":[{"href":"https:\/\/www.schiebener.net\/wordpress\/wp-json\/wp\/v2\/posts\/9221","targetHints":{"allow":["GET"]}}],"collection":[{"href":"https:\/\/www.schiebener.net\/wordpress\/wp-json\/wp\/v2\/posts"}],"about":[{"href":"https:\/\/www.schiebener.net\/wordpress\/wp-json\/wp\/v2\/types\/post"}],"author":[{"embeddable":true,"href":"https:\/\/www.schiebener.net\/wordpress\/wp-json\/wp\/v2\/users\/17"}],"replies":[{"embeddable":true,"href":"https:\/\/www.schiebener.net\/wordpress\/wp-json\/wp\/v2\/comments?post=9221"}],"version-history":[{"count":0,"href":"https:\/\/www.schiebener.net\/wordpress\/wp-json\/wp\/v2\/posts\/9221\/revisions"}],"wp:attachment":[{"href":"https:\/\/www.schiebener.net\/wordpress\/wp-json\/wp\/v2\/media?parent=9221"}],"wp:term":[{"taxonomy":"category","embeddable":true,"href":"https:\/\/www.schiebener.net\/wordpress\/wp-json\/wp\/v2\/categories?post=9221"},{"taxonomy":"post_tag","embeddable":true,"href":"https:\/\/www.schiebener.net\/wordpress\/wp-json\/wp\/v2\/tags?post=9221"}],"curies":[{"name":"wp","href":"https:\/\/api.w.org\/{rel}","templated":true}]}}