{"id":8845,"date":"2010-08-31T22:11:44","date_gmt":"2010-08-31T20:11:44","guid":{"rendered":"http:\/\/www.schiebener.net\/wordpress\/?p=8845"},"modified":"2010-08-31T22:44:04","modified_gmt":"2010-08-31T20:44:04","slug":"laurent-fignon","status":"publish","type":"post","link":"https:\/\/www.schiebener.net\/wordpress\/laurent-fignon\/","title":{"rendered":"Laurent Fignon \u00e2\u20ac\u00a0"},"content":{"rendered":"<p><strong>Der zweifache Toursieger erlag seinem Krebsleiden<\/strong><\/p>\n<p>So unschl\u00fcssig war Laurent Fignon selten. Er k\u00f6nne nicht ausschlie\u00dfen, ob Doping etwas mit seiner Krebserkrankung zu tun habe, sagte Laurent Fignon in diesem Sommer. Da kommentierte er f\u00fcr das franz\u00f6sische Fernsehen die Tour de France, die er 1983 und 1984 gewonnen hat. Dramatisch mit br\u00fcchiger Stimme, ein Tumor dr\u00fcckte auf seine Stimmlippe. \u00e2\u20ac\u017eDeshalb h\u00f6re ich mich so an. Ich hoffe, dass ich wieder gesund werde und die Stimme zur\u00fcckkommt\u00e2\u20ac\u0153, sagte der kahlk\u00f6pfig gewordene Franzose den Millionen Zuschauern. \u00e2\u20ac\u017eIch habe meine \u00c4rzte angewiesen, mir nicht mitzuteilen, wie hoch meine \u00dcberlebenschancen sind. Ich k\u00e4mpfe weiter\u00e2\u20ac\u0153, hatte Fignon vor dem Tour-Start erkl\u00e4rt. Er hat es nicht geschafft. Der an Bauchspeicheldr\u00fcsenkrebs erkrankte Laurent Fignon ist im Alter von 50 Jahren verstorben.<\/p>\n<p>&#8230;. <a href=\"http:\/\/www.tagesspiegel.de\/sport\/laurent-fignon-ist-tot-\/1915914.html\" target=\"_blank\">alles lesen im Tagesspiegel<\/a><\/p>\n","protected":false},"excerpt":{"rendered":"<p>Der zweifache Toursieger erlag seinem Krebsleiden So unschl\u00fcssig war Laurent Fignon selten. Er k\u00f6nne nicht ausschlie\u00dfen, ob Doping etwas mit seiner Krebserkrankung zu tun habe, sagte Laurent Fignon in diesem &hellip; <a href=\"https:\/\/www.schiebener.net\/wordpress\/laurent-fignon\/\" class=\"more-link\"><span class=\"screen-reader-text\">\u201eLaurent Fignon \u00e2\u20ac\u00a0\u201c <\/span>weiterlesen<\/a><\/p>\n","protected":false},"author":3,"featured_media":0,"comment_status":"open","ping_status":"open","sticky":false,"template":"","format":"standard","meta":{"footnotes":""},"categories":[674,71],"tags":[1747,1845,1748],"class_list":["post-8845","post","type-post","status-publish","format-standard","hentry","category-kultur","category-sport","tag-greg-lemond","tag-laurent-fignon","tag-tour-de-france"],"_links":{"self":[{"href":"https:\/\/www.schiebener.net\/wordpress\/wp-json\/wp\/v2\/posts\/8845","targetHints":{"allow":["GET"]}}],"collection":[{"href":"https:\/\/www.schiebener.net\/wordpress\/wp-json\/wp\/v2\/posts"}],"about":[{"href":"https:\/\/www.schiebener.net\/wordpress\/wp-json\/wp\/v2\/types\/post"}],"author":[{"embeddable":true,"href":"https:\/\/www.schiebener.net\/wordpress\/wp-json\/wp\/v2\/users\/3"}],"replies":[{"embeddable":true,"href":"https:\/\/www.schiebener.net\/wordpress\/wp-json\/wp\/v2\/comments?post=8845"}],"version-history":[{"count":0,"href":"https:\/\/www.schiebener.net\/wordpress\/wp-json\/wp\/v2\/posts\/8845\/revisions"}],"wp:attachment":[{"href":"https:\/\/www.schiebener.net\/wordpress\/wp-json\/wp\/v2\/media?parent=8845"}],"wp:term":[{"taxonomy":"category","embeddable":true,"href":"https:\/\/www.schiebener.net\/wordpress\/wp-json\/wp\/v2\/categories?post=8845"},{"taxonomy":"post_tag","embeddable":true,"href":"https:\/\/www.schiebener.net\/wordpress\/wp-json\/wp\/v2\/tags?post=8845"}],"curies":[{"name":"wp","href":"https:\/\/api.w.org\/{rel}","templated":true}]}}