{"id":8661,"date":"2010-08-20T12:54:48","date_gmt":"2010-08-20T10:54:48","guid":{"rendered":"http:\/\/www.schiebener.net\/wordpress\/?p=8661"},"modified":"2010-08-20T13:07:58","modified_gmt":"2010-08-20T11:07:58","slug":"noch-einmal-bodo-ramelow-in-brilon-diesmal-ein-bericht-von-seiten-der-linken","status":"publish","type":"post","link":"https:\/\/www.schiebener.net\/wordpress\/noch-einmal-bodo-ramelow-in-brilon-diesmal-ein-bericht-von-seiten-der-linken\/","title":{"rendered":"Noch einmal: Bodo Ramelow in Brilon. Diesmal ein Bericht von Seiten der Linken."},"content":{"rendered":"<p><a href=\"http:\/\/www.schiebener.net\/wordpress\/wp-content\/uploads\/2009\/02\/lt_briefkasten01.jpg\"><img loading=\"lazy\" decoding=\"async\" class=\"alignleft size-full wp-image-2182\" title=\"In unserem Briefkasten\" src=\"http:\/\/www.schiebener.net\/wordpress\/wp-content\/uploads\/2009\/02\/lt_briefkasten01.jpg\" alt=\"In unserem Briefkasten\" width=\"120\" height=\"91\" \/><\/a>Nachdem ich gestern einen unausgereiften Beitrag der Jungen Union Brilon zu einer Veranstaltung mit Bodo Ramelo in Brilon besprochen hatte, ging ein Bericht von Seiten der Linken in meinen Briefkasten ein.<\/p>\n<p>Im Gegensatz zum JU-Artikel geht der Verfasser auf die Veranstaltung und deren Inhalte ein. Die Junge Union kommt allerdings nicht vor.<\/p>\n<p>W\u00e4re schon interessant zu erfahren, was da wirklich los war.<\/p>\n<p>Hier nun <strong>der Bericht:<\/strong><\/p>\n<p><em><strong>Wer war da? Bodo Ramelow?? <\/strong><\/em><em> Ein Kommentar  von Martin G., Brilon<\/em><\/p>\n<p><em>Ein Mittwochnachmittag mitten in den Sommerferien 2010. Die Parteibasis wartet geduldig. Ein ausgiebiges Kaffeetrinken mit dem hiesigen Propst verz\u00f6gert den Gedankenaustausch mit den Mitgliedern seiner Partei\u00a0 und einigen Sympathisanten. Dann betritt Bodo Ramelow das Lokal. Dezent gekleidet\u00a0 &#8211; dunkler Anzug und schwarzes Polohemd &#8211;\u00a0 allein ein kleiner dreieckiger Farbtupfer am Revers verr\u00e4t die politische Zugeh\u00f6rigkeit.<\/em><\/p>\n<p><em>Ohne zu Z\u00f6gern ergreift er das Wort. Seine Stimme ist laut, fast schon zu laut f\u00fcr die 15 Personen im Raum. Er spricht schnell, ein wenig gehetzt, so, als stehe er hier unter verbalem Beschuss.\u00a0 Er berichtet von einer Demo in Dresden, von der Notwendigkeit, mit gesellschaftlichen Bewegungen, die nicht parteipolitisch gefasst sind, zusammenzuwirken,\u00a0 z.B. gegen die Verl\u00e4ngerung der Laufzeiten alter Atomkraftwerke, z.B. gegen die Aufm\u00e4rsche der Nazis im Land. Dabei, so macht er klar, komme es f\u00fcr die Linke darauf an, zu sagen, wof\u00fcr sie stehe. Zuh\u00f6ren, mit der Basis ins Gespr\u00e4ch kommen, auf Erfahrungen, Bef\u00fcrchtungen und Hoffnungen der neuen Mitglieder eingehen &#8211; das ist nicht die Sache Bodo Ramelows\u00a0 \u00e2\u20ac\u201c\u00a0 zumindest nicht an diesem Nachmittag. Er gibt einen knappen Ausblick auf seine Rede, die er am Abend in der \u00f6ffentlichen Diskussion halten wird: \u00e2\u20ac\u017eGl\u00e4ubig und links\u00e2\u20ac\u0153 \u00e2\u20ac\u201c nein, er werde nicht auf spezifisch religi\u00f6se Themen eingehen, sondern auf das biblische Zinsverbot in Zusammenhang mit der Finanz- und Wirtschaftskrise.<br \/>\nGespannt auf den Abend folgen die Anh\u00e4nger dem Redner aus Th\u00fcringen in den Veranstaltungsort.<\/em><\/p>\n<p><em>Am alten Bahnhof in Brilon haben sich bereits Interessierte eingefunden. Es sind dann schlie\u00dflich etwa 45 Zuh\u00f6rer, die einen eloquenten, frei redenden und auf das Publikum eingehenden Bodo Ramelow erleben.<\/em><\/p>\n<p><em>Ramelow spricht von Substanzsteuern und Lastenausgleich in Zusammenhang mit der deutschen Staatsverschuldung, von der Notwendigkeit eines Mindestlohns, von der R\u00fccknahme von Hartz VI, von Ver\u00e4nderungen f\u00fcr Besch\u00e4ftigte bei Leiharbeitsfirmen \u00e2\u20ac\u201c er gibt Beispiele aus europ\u00e4ischen L\u00e4ndern, die zu bestimmten Problemen bessere L\u00f6sungen gefunden haben. Er spricht von seiner Person, seiner Herkunft aus Westdeutschland, seiner politischen Pr\u00e4gung durch die Gewerkschaftsarbeit,\u00a0 von der Beobachtung durch den Verfassungsschutz. Auf die Frage eines jungen Erwachsenen erkl\u00e4rt er ausf\u00fchrlich seinen Umgang mit Parteigenossen, die in der DDR \u00e2\u20ac\u017eIM\u00e2\u20ac\u0153 waren und ein Amt oder Mandat anstreben. Als ihm vorgeworfen wird, die Linke tue so, als besitze sie das Monopol auf die DDR-Vergangenheitsbew\u00e4ltigung, platzt ihm fast der Kragen \u00e2\u20ac\u201c er wird laut und vehement.<\/em><\/p>\n<p><em>Dann erreicht die Rede ihren H\u00f6hepunkt: Nicht die Linke habe einen anderen Staat geschaffen, sondern Rot-Gr\u00fcn und Schwarz-Gelb haben soziale Sicherungssysteme systematisch abgebaut und durch eine neoliberale\u00a0 Politik gierigen Bankern und Finanzjongleuren Tor und T\u00fcr ge\u00f6ffnet und so die alte Bundesrepublik abgeschafft.\u00a0 Wir m\u00fcssen uns entscheiden, so Ramelow: Entweder wir \u00fcberlassen den Staat und die arbeitende Bev\u00f6lkerung weiterhin neoliberalen Auspl\u00fcnderern \u00e2\u20ac\u201c oder wir stellen uns auf die Seite der Habenichtse und kehren den Prozess der Umverteilung von unten nach oben um: Hierf\u00fcr stehe die Linke.<\/em><\/p>\n<p><em>Zur Frage nach dem Religionsunterricht gibt es einen Seitenhieb auf die Linke in NRW \u00e2\u20ac\u201c deren Position sei nicht seine; und ein Kommentar zur Kommunistischen Plattform: \u00e2\u20ac\u017eSolange Sarah Wagenknecht mich ertr\u00e4gt, ertrage ich sie auch.\u00e2\u20ac\u0153\u00a0 Die Linke, so Ramelow, sei weder einer christliche noch eine atheistische Partei. Jeder, der soziale Ver\u00e4nderungen in Richtung auf ein gerechteres Gemeinwesen wolle, sei willkommen.<\/em><\/p>\n<p><em>Mit Applaus und einem Geschenk \u00e2\u20ac\u201c \u00fcberreicht durch den Sprecher des Ortsverbandes der Linken Brilon, Reinhard Prange &#8211; wird der Redner verabschiedet. Die Zuh\u00f6rer sind beeindruckt \u00e2\u20ac\u201c und scheinbar hat man das in Brilon bis zu diesem Abend nicht gewusst: Ja, die Linke ist eine rechtsstaatliche Partei und sie ist w\u00e4hlbar. Eine echte Alternative. Der erste inhaltliche\u00a0 Auftritt der Partei \u00e2\u20ac\u017eDie Linke\u00e2\u20ac\u0153 in Brilon ist gegl\u00fcckt. <\/em><\/p>\n","protected":false},"excerpt":{"rendered":"<p>Nachdem ich gestern einen unausgereiften Beitrag der Jungen Union Brilon zu einer Veranstaltung mit Bodo Ramelo in Brilon besprochen hatte, ging ein Bericht von Seiten der Linken in meinen Briefkasten &hellip; <a href=\"https:\/\/www.schiebener.net\/wordpress\/noch-einmal-bodo-ramelow-in-brilon-diesmal-ein-bericht-von-seiten-der-linken\/\" class=\"more-link\"><span class=\"screen-reader-text\">\u201eNoch einmal: Bodo Ramelow in Brilon. Diesmal ein Bericht von Seiten der Linken.\u201c <\/span>weiterlesen<\/a><\/p>\n","protected":false},"author":3,"featured_media":0,"comment_status":"open","ping_status":"open","sticky":false,"template":"","format":"standard","meta":{"footnotes":""},"categories":[303,80,24,49],"tags":[1790,579,748,256],"class_list":["post-8661","post","type-post","status-publish","format-standard","hentry","category-in-unserem-briefkasten","category-lokales","category-politik","category-religion","tag-bodo-ramelow","tag-brilon","tag-junge-union","tag-linke"],"_links":{"self":[{"href":"https:\/\/www.schiebener.net\/wordpress\/wp-json\/wp\/v2\/posts\/8661","targetHints":{"allow":["GET"]}}],"collection":[{"href":"https:\/\/www.schiebener.net\/wordpress\/wp-json\/wp\/v2\/posts"}],"about":[{"href":"https:\/\/www.schiebener.net\/wordpress\/wp-json\/wp\/v2\/types\/post"}],"author":[{"embeddable":true,"href":"https:\/\/www.schiebener.net\/wordpress\/wp-json\/wp\/v2\/users\/3"}],"replies":[{"embeddable":true,"href":"https:\/\/www.schiebener.net\/wordpress\/wp-json\/wp\/v2\/comments?post=8661"}],"version-history":[{"count":0,"href":"https:\/\/www.schiebener.net\/wordpress\/wp-json\/wp\/v2\/posts\/8661\/revisions"}],"wp:attachment":[{"href":"https:\/\/www.schiebener.net\/wordpress\/wp-json\/wp\/v2\/media?parent=8661"}],"wp:term":[{"taxonomy":"category","embeddable":true,"href":"https:\/\/www.schiebener.net\/wordpress\/wp-json\/wp\/v2\/categories?post=8661"},{"taxonomy":"post_tag","embeddable":true,"href":"https:\/\/www.schiebener.net\/wordpress\/wp-json\/wp\/v2\/tags?post=8661"}],"curies":[{"name":"wp","href":"https:\/\/api.w.org\/{rel}","templated":true}]}}