{"id":8655,"date":"2010-08-19T23:08:14","date_gmt":"2010-08-19T21:08:14","guid":{"rendered":"http:\/\/www.schiebener.net\/wordpress\/?p=8655"},"modified":"2010-08-23T11:06:22","modified_gmt":"2010-08-23T09:06:22","slug":"klassenkrampf-im-hochsauerland-junge-union-ringt-mit-bodo-ramelow","status":"publish","type":"post","link":"https:\/\/www.schiebener.net\/wordpress\/klassenkrampf-im-hochsauerland-junge-union-ringt-mit-bodo-ramelow\/","title":{"rendered":"Klassenk(r)ampf im Hochsauerland: Junge Union ringt mit Bodo Ramelow"},"content":{"rendered":"<p><strong>Am Mittwoch, dem 18. August 2010, ist im Briloner Anzeiger ein verst\u00f6render Artikel mit der \u00dcberschrift &#8222;Junge Union sucht Auseinandersetzung mit Links-Partei&#8220; erschienen. Parallel und wortgleich wurde er im Internet auch auf <a href=\"http:\/\/www.dorfinfo.de\/sundern\/arnsberg-neheim\/detail.php?nr=44608&amp;kategorie=arnsberg-neheim\" target=\"_blank\">dorfinfo <\/a>mit Bild ver\u00f6ffentlicht.<\/strong><\/p>\n<figure id=\"attachment_8657\" aria-describedby=\"caption-attachment-8657\" style=\"width: 480px\" class=\"wp-caption aligncenter\"><a href=\"http:\/\/www.dorfinfo.de\/sundern\/arnsberg-neheim\/detail.php?nr=44608&amp;kategorie=arnsberg-neheim\" target=\"_blank\"><img loading=\"lazy\" decoding=\"async\" class=\"size-full wp-image-8657\" title=\"junge union sucht auseinandersetzung mit linkspartei\" src=\"http:\/\/www.schiebener.net\/wordpress\/wp-content\/uploads\/2010\/08\/jungeunionsuchtauseinandersetzungmitlinkspartei.png\" alt=\"junge union sucht auseinandersetzung mit linkspartei (screenshot dorfinfo 19.8.2010)\" width=\"480\" height=\"283\" srcset=\"https:\/\/www.schiebener.net\/wordpress\/wp-content\/uploads\/2010\/08\/jungeunionsuchtauseinandersetzungmitlinkspartei.png 480w, https:\/\/www.schiebener.net\/wordpress\/wp-content\/uploads\/2010\/08\/jungeunionsuchtauseinandersetzungmitlinkspartei-300x176.png 300w\" sizes=\"auto, (max-width: 480px) 85vw, 480px\" \/><\/a><figcaption id=\"caption-attachment-8657\" class=\"wp-caption-text\">junge union sucht auseinandersetzung mit linkspartei (screenshot dorfinfo 19.8.2010)<\/figcaption><\/figure>\n<p><strong>Lange Rede, kurzer Sinn:<\/strong> Der Artikel ist journalistischer M\u00fcll, denn nach einer kurzen Einleitung folgt eine Aneinanderreihung von Statements, die nichts aber auch gar nichts mehr mit der besagten Veranstaltung zu tun haben.<\/p>\n<p><strong>Die Einleitung:<\/strong><\/p>\n<p>&#8222;Mitglieder der Jungen Union aus Brilon und dem Hochsauerland besuchten am Mittwochabend, 11.8.2010 eine Veranstaltung der Partei Die Linke in Brilon, auf der der th\u00fcringische Fraktionsvorsitzende Bodo Ramelow einen Vortrag zum Thema \u00e2\u20ac\u017eGl\u00e4ubig und Links&#8220; hielt.&#8220;<\/p>\n<p><strong>Danach<\/strong> folgen allgemein bekannte Vorw\u00fcrfe gegen die Linkspartei, ohne jeglichen Bezug zur Veranstaltung:<\/p>\n<p>&#8222;Ramelow wird vom Verfassungsschutz beobachtet und soll am 13.Februar bei einer Demonstration in Dresden junge Leute zur Gewalt aufgerufen haben. Die Jugendlichen der JU lie\u00dfen es sich nicht nehmen, die Aussagen Bodo Ramelows kritisch zu hinterfragen. Zu den Ausf\u00fchrungen Ramelows erkl\u00e4ren Thomas Becker, Vorsitzender der Jungen Union Brilon und Kerstin Richter, Stellvertretende Kreisvorsitzende: \u00e2\u20ac\u017eWer unter dem Deckmantel des christlichen Glauben versucht seine hetzerischen, die Freiheit des Einzelnen  verachtenden und damit christlich-fernen Positionen zu verbreiten, ist in Brilon fehl am Platz. Als Junge Union stehen wir ein, f\u00fcr die freie Entfaltung der Pers\u00f6nlichkeit in unserer Demokratie. Zudem wurde deutlich, dass eine innerparteiliche Aufarbeitung des SED-Regimes nur oberfl\u00e4chlich stattfindet &#8230;&#8220;<\/p>\n<p><strong>Als Leser<\/strong> frage ich mich: Was ist denn da auf der Veranstaltung wirklich abgelaufen? Gab es dort eine Diskussion? Welche Argumente sind gefallen? Wie hat Bodo Ramelow auf welche Frage wie reagiert? Wie viele Zuschauer waren anwesend? Wie lange dauerte die Veranstaltung?<\/p>\n<p>Ich bin schon entsetzt, dass die Nachwuchsorganisation der bedeutendsten Partei des Hochsauerlandes nicht in der Lage ist, eine ordentliche PR-Meldung in eigener Sache zu verfassen.<\/p>\n<p>Ich bin weiterhin erstaunt, dass der Briloner Anzeiger dieser Selbstverst\u00fcmmelung nicht Einhalt geboten hat.<\/p>\n<p>Immerhin hat es ein Konkurrenzprodukt aus der Anzeigenbl\u00e4tterbranche, der St\u00e4dtespiegel, geschafft, einen lesbaren Bericht zu produzieren. Kann man <a href=\"http:\/\/www.brilon-totallokal.de\/?ind=news&amp;id=4177\" target=\"_blank\">hier nachlesen.<\/a><\/p>\n<p><strong>Bodo Ramelow<\/strong> selbst hat<a href=\"http:\/\/www.bodo-ramelow.de\/medien\/die_linke_glaubig_und_links_kontroverse_politische_diskussion_in_der_brilon\/\" target=\"_blank\"> den Artikel auf seiner eigenen Website ebenfalls<\/a> ver\u00f6ffentlicht.<\/p>\n<p>Vielleicht hatte die Junge Union Brilon auch gar keine eigenen Gedanken, sondern hat einfach nur bei ihrer Schwesterorganisation in Th\u00fcringen abgekupfert. Dort gab es 2009 im Wahlkampf eine \u00e4hnliche &#8222;Stoppt Ramelow&#8220;-Kampagne der JU, die allerdings in wesentlichen Teilen vom Landgericht Berlin gestoppt wurde.<\/p>\n<p>Die liberal-b\u00fcrgerliche Wochenzeitschrift <a href=\"http:\/\/www.zeit.de\/online\/2009\/32\/junge-union-ramelow\" target=\"_blank\">&#8222;Die Zeit&#8220; berichtete damals:<\/a><\/p>\n<blockquote><p>&#8222;Stoppt Ramelow&#8220;-Kampagne der Jungen Union verboten<\/p>\n<p>Die Junge Union macht in Th\u00fcringen Wahlkampf gegen den Linkspolitiker Bodo Ramelow. Sie behauptet beispielsweise, Ramelow halte die DDR nicht f\u00fcr einen Unrechtsstaat.<\/p>\n<p>Das Landgericht Berlin hat wesentliche Teile der &#8222;Stoppt Ramelow&#8220;-Kampagne der th\u00fcringischen Jungen Union (JU) gestoppt. Der CDU-Nachwuchs darf \u00fcber den Landtagswahl- Spitzenkandidaten der Linkspartei nicht mehr verbreiten, er habe behauptet, die DDR sei kein Unrechtsstaat gewesen, teilte Bodo Ramelows Anwalt mit. Die Junge Union d\u00fcrfe auch nicht mehr erkl\u00e4ren, Ramelow wolle die DDR-Bezirke wieder einf\u00fchren und die Gymnasien abschaffen.<\/p>\n<p>Die JU hatte mit der Kampagne &#8222;Echte Th\u00fcringer &#8211; Falsche Th\u00fcringer&#8220; Stimmung gegen den geb\u00fcrtigen Niedersachsen Ramelow machen wollen. Wenn sie ihre Info-Bl\u00e4tter nicht zur\u00fcckzieht, droht ein Ordnungsgeld von 250.000 Euro.<\/p><\/blockquote>\n","protected":false},"excerpt":{"rendered":"<p>Am Mittwoch, dem 18. August 2010, ist im Briloner Anzeiger ein verst\u00f6render Artikel mit der \u00dcberschrift &#8222;Junge Union sucht Auseinandersetzung mit Links-Partei&#8220; erschienen. Parallel und wortgleich wurde er im Internet &hellip; <a href=\"https:\/\/www.schiebener.net\/wordpress\/klassenkrampf-im-hochsauerland-junge-union-ringt-mit-bodo-ramelow\/\" class=\"more-link\"><span class=\"screen-reader-text\">\u201eKlassenk(r)ampf im Hochsauerland: Junge Union ringt mit Bodo Ramelow\u201c <\/span>weiterlesen<\/a><\/p>\n","protected":false},"author":3,"featured_media":0,"comment_status":"open","ping_status":"open","sticky":false,"template":"","format":"standard","meta":{"footnotes":""},"categories":[80,32,24],"tags":[1790,579,748],"class_list":["post-8655","post","type-post","status-publish","format-standard","hentry","category-lokales","category-medien","category-politik","tag-bodo-ramelow","tag-brilon","tag-junge-union"],"_links":{"self":[{"href":"https:\/\/www.schiebener.net\/wordpress\/wp-json\/wp\/v2\/posts\/8655","targetHints":{"allow":["GET"]}}],"collection":[{"href":"https:\/\/www.schiebener.net\/wordpress\/wp-json\/wp\/v2\/posts"}],"about":[{"href":"https:\/\/www.schiebener.net\/wordpress\/wp-json\/wp\/v2\/types\/post"}],"author":[{"embeddable":true,"href":"https:\/\/www.schiebener.net\/wordpress\/wp-json\/wp\/v2\/users\/3"}],"replies":[{"embeddable":true,"href":"https:\/\/www.schiebener.net\/wordpress\/wp-json\/wp\/v2\/comments?post=8655"}],"version-history":[{"count":0,"href":"https:\/\/www.schiebener.net\/wordpress\/wp-json\/wp\/v2\/posts\/8655\/revisions"}],"wp:attachment":[{"href":"https:\/\/www.schiebener.net\/wordpress\/wp-json\/wp\/v2\/media?parent=8655"}],"wp:term":[{"taxonomy":"category","embeddable":true,"href":"https:\/\/www.schiebener.net\/wordpress\/wp-json\/wp\/v2\/categories?post=8655"},{"taxonomy":"post_tag","embeddable":true,"href":"https:\/\/www.schiebener.net\/wordpress\/wp-json\/wp\/v2\/tags?post=8655"}],"curies":[{"name":"wp","href":"https:\/\/api.w.org\/{rel}","templated":true}]}}