{"id":8547,"date":"2010-07-21T13:00:12","date_gmt":"2010-07-21T11:00:12","guid":{"rendered":"http:\/\/www.schiebener.net\/wordpress\/?p=8547"},"modified":"2010-07-21T13:00:12","modified_gmt":"2010-07-21T11:00:12","slug":"initiative-zur-aufnahme-eines-kontingents-iranischer-fluchtlinge","status":"publish","type":"post","link":"https:\/\/www.schiebener.net\/wordpress\/initiative-zur-aufnahme-eines-kontingents-iranischer-fluchtlinge\/","title":{"rendered":"Initiative zur Aufnahme eines Kontingents iranischer Fl\u00fcchtlinge"},"content":{"rendered":"<p><strong><a href=\"http:\/\/www.schiebener.net\/wordpress\/wp-content\/uploads\/2009\/02\/lt_briefkasten01.jpg\"><img loading=\"lazy\" decoding=\"async\" class=\"alignleft size-full wp-image-2182\" title=\"In unserem Briefkasten\" src=\"http:\/\/www.schiebener.net\/wordpress\/wp-content\/uploads\/2009\/02\/lt_briefkasten01.jpg\" alt=\"In unserem Briefkasten\" width=\"120\" height=\"91\" \/><\/a>Antrag zur Tagesordnung f\u00fcr die n\u00e4chste Sitzung des Gesundheits- und Sozialausschusses sowie f\u00fcr die n\u00e4chste Kreistagssitzung <\/strong><\/p>\n<h2>Thema: Aufnahme iranischer Fl\u00fcchtlinge<\/h2>\n<p>Sehr geehrter Herr Landrat,<\/p>\n<p>sehr geehrter Herr Ausschussvorsitzender,<\/p>\n<p>die Kreistagsfraktion Die Linke und das Kreistagsmitglied der SBL Reinhard Loos beantragen hiermit die Tagesordnung f\u00fcr die n\u00e4chste Sitzung des Gesundheits- und Sozialausschusses sowie und f\u00fcr die n\u00e4chste Kreistagssitzung um den Tagesordnungspunkt<\/p>\n<p><strong>Initiative zur Aufnahme eines Kontingents iranischer Fl\u00fcchtlinge<\/strong><\/p>\n<p>zu erweitern.<\/p>\n<p><strong>Erl\u00e4uterung und Begr\u00fcndung:<\/strong><\/p>\n<p>Die Bev\u00f6lkerungsentwicklung im Hochsauerlandkreis ist stark r\u00fcckl\u00e4ufig. St\u00e4dte und Gemeinde im Kreisgebiet verlieren mit zunehmender Tendenz Einwohner, fast 1 Prozent pro Jahr. Die Anzahl der Geburten ist deutlich r\u00fcckl\u00e4ufig. Zudem verlassen junge Menschen aus verschiedenen Gr\u00fcnden das Sauerland und ziehen in vermeintlich attraktivere Regionen innerhalb Deutschlands oder in das Ausland. Das Sauerland droht mehr und mehr zu einer  Auswanderungsregion zu werden. Diese Entwicklung ist bekanntlich nicht unproblematisch, weil es sich nicht um einen gleichm\u00e4\u00dfigen Bev\u00f6lkerungsr\u00fcckgang handelt, sondern gleichzeitig eine erhebliche Ver\u00e4nderung im Altersaufbau der Bev\u00f6lkerung stattfindet. Politik, Wirtschaft und Gesellschaft, wir alle stehen auch angesichts der \u00dcberalterung unserer Bev\u00f6lkerung vor gro\u00dfen Herausforderungen. Kreative Ideen und Initiativen sind gefragt, um dieser Entwicklung entgegen zu steuern.<\/p>\n<p>Einerseits wandern Menschen aus Deutschland aus, andererseits m\u00f6chten Menschen, z.B. B\u00fcrgerkriegsfl\u00fcchtlinge aus dem ehemaligen Jugoslawien, gerne dauerhaft in Deutschland leben und arbeiten, Familien gr\u00fcnden und sich in die Gesellschaft integrieren. Wir sollten sie  Willkommen hei\u00dfen!<\/p>\n<p>Ebenfalls Willkommen sollten uns iranische Fl\u00fcchtlinge sein. 4.000 iranische Regimekritiker warten seit Monaten in der T\u00fcrkei auf die ihnen versprochene Aufnahme in europ\u00e4ischen Staaten. Die Bundesregierung beschloss, 50 von ihnen aufzunehmen. Wir zitieren dazu Astrid Wiesendorf, Ratsfrau aus D\u00fcsseldorf: &#8222;Bei den Fl\u00fcchtlingen handelt es sich um Menschen, die an den friedlichen Protesten der sogenannten &#8218;gr\u00fcnen Revolution&#8216; im Iran im Jahr 2009 teilgenommen hatten. Die Proteste wurden gewaltsam niedergeschlagen, tausende Demonstranten wurden eingesperrt, viele gefoltert. Noch immer drohen den Fl\u00fcchtlingen in ihrem Heimatland Folter und Tod. Darum ist es ein gutes Signal, wenn D\u00fcsseldorf sich nun bereit erkl\u00e4rt, eine gr\u00f6\u00dfere Fl\u00fcchtlingsgruppe aufzunehmen&#8220;.<\/p>\n<p>Der <a href=\"http:\/\/www.rp-online.de\/duesseldorf\/duesseldorf-stadt\/nachrichten\/Duesseldorf-nimmt-50-Fluechtlinge-aus-Iran-auf_aid_881139.html\" target=\"_blank\">Rat der Stadt D\u00fcsseldorf beschloss im Juli 2010 einstimmig(!)<\/a> eine Initiative zur Aufnahme einer gr\u00f6\u00dferen Gruppe iranischer Fl\u00fcchtlinge. Gleichzeitig rief der Rat andere St\u00e4dte auf, diesem Beispiel zu folgen. Das Signal sei vor allem wichtig, weil die Bundesregierung von den \u00fcber 4.000 Fl\u00fcchtlingen bisher nur 50 in Deutschland aufnehmen will. Oberb\u00fcrgermeister Elbers soll laut Ratsbeschluss im St\u00e4dtetag darauf hinwirken, dass die Bundesregierung weitere Kontingente f\u00fcr iranische Fl\u00fcchtlinge ausweist.<\/p>\n<p>Wir bitten den Landrat Dr. Karl Schneider diese begr\u00fc\u00dfenswerte Initiative aus D\u00fcsseldorf zum Anlass zu nehmen, gemeinsam mit den B\u00fcrgermeistern und den R\u00e4ten der St\u00e4dte und Gemeinden im Hochsauerlandkreis zeitnah zu er\u00f6rtern, welche Voraussetzungen und M\u00f6glichkeiten bestehen, mehrere iranische Fl\u00fcchtlinge kurzfristig aufzunehmen. Das Integrationsamt des HSK sollte die Ma\u00dfnahme begleiten.<\/p>\n<p>Mit Aufnahme und Integration iranischer Fl\u00fcchtlinge w\u00fcrden unsere St\u00e4dte und Gemeinden, w\u00fcrde unser Landkreis ein deutliches und weit reichendes Signal gegen Fremdenfeindlichkeit und f\u00fcr Integration setzen!<\/p>\n<p><em>Beate Raberg (Vorsitzende der Fraktion DIE LINKE) und\u00a0                                                                       Reinhard Loos (SBL-Kreistagsmitglied)<\/em><\/p>\n","protected":false},"excerpt":{"rendered":"<p>Antrag zur Tagesordnung f\u00fcr die n\u00e4chste Sitzung des Gesundheits- und Sozialausschusses sowie f\u00fcr die n\u00e4chste Kreistagssitzung Thema: Aufnahme iranischer Fl\u00fcchtlinge Sehr geehrter Herr Landrat, sehr geehrter Herr Ausschussvorsitzender, die Kreistagsfraktion &hellip; <a href=\"https:\/\/www.schiebener.net\/wordpress\/initiative-zur-aufnahme-eines-kontingents-iranischer-fluchtlinge\/\" class=\"more-link\"><span class=\"screen-reader-text\">\u201eInitiative zur Aufnahme eines Kontingents iranischer Fl\u00fcchtlinge\u201c <\/span>weiterlesen<\/a><\/p>\n","protected":false},"author":17,"featured_media":0,"comment_status":"open","ping_status":"open","sticky":false,"template":"","format":"standard","meta":{"footnotes":""},"categories":[1,303,80,24],"tags":[422,660,861,573,494],"class_list":["post-8547","post","type-post","status-publish","format-standard","hentry","category-allgemein","category-in-unserem-briefkasten","category-lokales","category-politik","tag-demografischer-wandel","tag-dusseldorf","tag-fluchtlinge","tag-iran","tag-kreistag-meschede"],"_links":{"self":[{"href":"https:\/\/www.schiebener.net\/wordpress\/wp-json\/wp\/v2\/posts\/8547","targetHints":{"allow":["GET"]}}],"collection":[{"href":"https:\/\/www.schiebener.net\/wordpress\/wp-json\/wp\/v2\/posts"}],"about":[{"href":"https:\/\/www.schiebener.net\/wordpress\/wp-json\/wp\/v2\/types\/post"}],"author":[{"embeddable":true,"href":"https:\/\/www.schiebener.net\/wordpress\/wp-json\/wp\/v2\/users\/17"}],"replies":[{"embeddable":true,"href":"https:\/\/www.schiebener.net\/wordpress\/wp-json\/wp\/v2\/comments?post=8547"}],"version-history":[{"count":0,"href":"https:\/\/www.schiebener.net\/wordpress\/wp-json\/wp\/v2\/posts\/8547\/revisions"}],"wp:attachment":[{"href":"https:\/\/www.schiebener.net\/wordpress\/wp-json\/wp\/v2\/media?parent=8547"}],"wp:term":[{"taxonomy":"category","embeddable":true,"href":"https:\/\/www.schiebener.net\/wordpress\/wp-json\/wp\/v2\/categories?post=8547"},{"taxonomy":"post_tag","embeddable":true,"href":"https:\/\/www.schiebener.net\/wordpress\/wp-json\/wp\/v2\/tags?post=8547"}],"curies":[{"name":"wp","href":"https:\/\/api.w.org\/{rel}","templated":true}]}}