{"id":8534,"date":"2010-07-20T21:27:35","date_gmt":"2010-07-20T19:27:35","guid":{"rendered":"http:\/\/www.schiebener.net\/wordpress\/?p=8534"},"modified":"2010-07-20T21:35:00","modified_gmt":"2010-07-20T19:35:00","slug":"ard-greg-lemond-im-interview-mit-hajo-seppelt-der-sport-ist-auf-lugen-aufgebaut","status":"publish","type":"post","link":"https:\/\/www.schiebener.net\/wordpress\/ard-greg-lemond-im-interview-mit-hajo-seppelt-der-sport-ist-auf-lugen-aufgebaut\/","title":{"rendered":"ARD &#8211; Greg LeMond im Interview mit Hajo Seppelt: &#8222;Der Sport ist auf L\u00fcgen aufgebaut.&#8220;"},"content":{"rendered":"<figure id=\"attachment_8535\" aria-describedby=\"caption-attachment-8535\" style=\"width: 480px\" class=\"wp-caption aligncenter\"><a href=\"http:\/\/www.sportschau.de\/sp\/layout\/jsp\/komponente\/mediaseite\/index.jsp?id=103348#mbContent\" target=\"_blank\"><img loading=\"lazy\" decoding=\"async\" class=\"size-full wp-image-8535\" title=\"Greg LeMond im Interview mit Hajo Seppelt\" src=\"http:\/\/www.schiebener.net\/wordpress\/wp-content\/uploads\/2010\/07\/lemondsportschau.png\" alt=\"Greg LeMond im Interview mit Hajo Seppelt (screenshot 20. Juli 2010)\" width=\"480\" height=\"477\" srcset=\"https:\/\/www.schiebener.net\/wordpress\/wp-content\/uploads\/2010\/07\/lemondsportschau.png 480w, https:\/\/www.schiebener.net\/wordpress\/wp-content\/uploads\/2010\/07\/lemondsportschau-150x150.png 150w, https:\/\/www.schiebener.net\/wordpress\/wp-content\/uploads\/2010\/07\/lemondsportschau-300x298.png 300w\" sizes=\"auto, (max-width: 480px) 85vw, 480px\" \/><\/a><figcaption id=\"caption-attachment-8535\" class=\"wp-caption-text\">Greg LeMond im Interview mit Hajo Seppelt (screenshot 20. Juli 2010)<\/figcaption><\/figure>\n<p><strong>Die Tour de France ist eine M\u00e4nnerkrankheit, verbreiteter als Prostahypertrophie und Erektionsst\u00f6rungen. M\u00e4nner! Ist es nicht merkw\u00fcrdig, sind wir nicht schizophren. Wir glauben zu wissen, dass die Tour de France Doping-verseucht ist und &#8230;<\/strong><\/p>\n<p>&#8230; trotzdem &#8211; ich oute mich jetzt mal &#8211;\u00a0 erwische ich mich immer wieder dabei, wie ich in den Rennverlauf der aktuellen Etappe hinein l\u00fcnker.<\/p>\n<p>Live-Stream beim ZDF. Schnell mal ein Fensterchen auf dem Desktop fixiert, dazu den Live-Ticker der ARD und schon h\u00e4nge ich wieder drin.<\/p>\n<p>Wird Schleck angreifen, kontern, Rache nehmen f\u00fcr Gestern? Vielleicht bricht Contador ein? Und Mephisto f\u00e4hrt immer noch mit. Heute auf Platz sechs.<\/p>\n<p>Greg Lemond ist zur Zeit DER Kronzeuge gegen den &#8222;Tourminator&#8220; Armstrong.<\/p>\n<p>Nachdem ich das <a href=\"http:\/\/www.sueddeutsche.de\/sport\/radsport-schweigen-zahlen-es-ist-fast-wie-bei-der-mafia-1.976244\" target=\"_blank\">Interview in der S\u00fcddeutschen Zeitung <\/a>gelesen und mir in Ruhe die <a href=\"http:\/\/www.sportschau.de\/sp\/layout\/jsp\/komponente\/mediaseite\/index.jsp?id=103348#mbContent\" target=\"_blank\">17-min\u00fctige Unterhaltung<\/a> mit Hajo Seppelt angesehen habe, macht sich bei mir ein Gef\u00fchl breit, dass es im Sport noch viel korrupter, krimineller und mafi\u00f6ser zugeht als ich bislang geglaubt habe.<\/p>\n<p>Wird Armstrong seinen Kopf aus der Schlinge ziehen k\u00f6nnen? Wir warten auf den Showdown und werden uns an dem Skandal weiden, vielleicht sogar mitfiebern. Wir haben nicht gedopt, wir waren nicht dabei.<\/p>\n<p>&#8222;Die Tour&#8220; fahren die anderen.<\/p>\n<p>Das ganze <a href=\"http:\/\/www.sportschau.de\/sp\/layout\/jsp\/komponente\/mediaseite\/index.jsp?id=103348#mbContent\" target=\"_blank\">Interview hier beim ARD<\/a>.<\/p>\n<p>Das <a href=\"http:\/\/www.sueddeutsche.de\/sport\/radsport-schweigen-zahlen-es-ist-fast-wie-bei-der-mafia-1.976244\" target=\"_blank\">Interview in der S\u00fcddeutschen Zeitung.<\/a><\/p>\n","protected":false},"excerpt":{"rendered":"<p>Die Tour de France ist eine M\u00e4nnerkrankheit, verbreiteter als Prostahypertrophie und Erektionsst\u00f6rungen. M\u00e4nner! Ist es nicht merkw\u00fcrdig, sind wir nicht schizophren. Wir glauben zu wissen, dass die Tour de France &hellip; <a href=\"https:\/\/www.schiebener.net\/wordpress\/ard-greg-lemond-im-interview-mit-hajo-seppelt-der-sport-ist-auf-lugen-aufgebaut\/\" class=\"more-link\"><span class=\"screen-reader-text\">\u201eARD &#8211; Greg LeMond im Interview mit Hajo Seppelt: &#8222;Der Sport ist auf L\u00fcgen aufgebaut.&#8220;\u201c <\/span>weiterlesen<\/a><\/p>\n","protected":false},"author":3,"featured_media":0,"comment_status":"open","ping_status":"open","sticky":false,"template":"","format":"standard","meta":{"footnotes":""},"categories":[32,71],"tags":[1747,1746,1748],"class_list":["post-8534","post","type-post","status-publish","format-standard","hentry","category-medien","category-sport","tag-greg-lemond","tag-lance-armstrong","tag-tour-de-france"],"_links":{"self":[{"href":"https:\/\/www.schiebener.net\/wordpress\/wp-json\/wp\/v2\/posts\/8534","targetHints":{"allow":["GET"]}}],"collection":[{"href":"https:\/\/www.schiebener.net\/wordpress\/wp-json\/wp\/v2\/posts"}],"about":[{"href":"https:\/\/www.schiebener.net\/wordpress\/wp-json\/wp\/v2\/types\/post"}],"author":[{"embeddable":true,"href":"https:\/\/www.schiebener.net\/wordpress\/wp-json\/wp\/v2\/users\/3"}],"replies":[{"embeddable":true,"href":"https:\/\/www.schiebener.net\/wordpress\/wp-json\/wp\/v2\/comments?post=8534"}],"version-history":[{"count":0,"href":"https:\/\/www.schiebener.net\/wordpress\/wp-json\/wp\/v2\/posts\/8534\/revisions"}],"wp:attachment":[{"href":"https:\/\/www.schiebener.net\/wordpress\/wp-json\/wp\/v2\/media?parent=8534"}],"wp:term":[{"taxonomy":"category","embeddable":true,"href":"https:\/\/www.schiebener.net\/wordpress\/wp-json\/wp\/v2\/categories?post=8534"},{"taxonomy":"post_tag","embeddable":true,"href":"https:\/\/www.schiebener.net\/wordpress\/wp-json\/wp\/v2\/tags?post=8534"}],"curies":[{"name":"wp","href":"https:\/\/api.w.org\/{rel}","templated":true}]}}