{"id":8530,"date":"2010-07-20T09:44:32","date_gmt":"2010-07-20T07:44:32","guid":{"rendered":"http:\/\/www.schiebener.net\/wordpress\/?p=8530"},"modified":"2010-07-20T09:47:07","modified_gmt":"2010-07-20T07:47:07","slug":"schulstandort-madfeld-vor-dem-aus","status":"publish","type":"post","link":"https:\/\/www.schiebener.net\/wordpress\/schulstandort-madfeld-vor-dem-aus\/","title":{"rendered":"Schulstandort Madfeld vor dem Aus?"},"content":{"rendered":"<p><img loading=\"lazy\" decoding=\"async\" class=\"alignleft size-full wp-image-2182\" title=\"In unserem Briefkasten\" src=\"http:\/\/www.schiebener.net\/wordpress\/wp-content\/uploads\/2009\/02\/lt_briefkasten01.jpg\" alt=\"In unserem Briefkasten\" width=\"120\" height=\"91\" \/><strong>Brilon. (<a href=\"http:\/\/www.briloner-buergerliste.de\/\" target=\"_blank\">bbl<\/a>) Eine kurzfristige Sondersitzung des Haupt- und Finanzausschusses der  Stadt Brilon haben die Ratsfraktion der Briloner B\u00fcrgerliste (BBL) und  der Madfelder Ortsvorsteher Heinz Bickmann beantragt. Es geht dabei um  den Grundschulstandort Madfeld. <\/strong><\/p>\n<p>Der Rat der Stadt Brilon hatte es in  zwei Sitzungen abgelehnt, die von der Schulaufsicht in Meschede  gew\u00fcnschte Schlie\u00dfung des Grundschulstandortes Madfeld zu beschlie\u00dfen.  Trotzdem haben die Schulaufsicht und die Schulleiterin des  Grundschulverbundes den Eltern der in Madfeld unterrichteteten Sch\u00fcler  ganz kurz vor Beginn der Sommerferien mitgeteilt, dass im kommenden  Schuljahr in Madfeld keine Sch\u00fcler unterrichtet werden sollen.<\/p>\n<p>Eine  \u00c4nderung einer Schule, und dazu geh\u00f6rt auch die Schlie\u00dfung eines  Standortes, ist jedoch nur durch Beschluss der Stadt Brilon als  Schultr\u00e4ger m\u00f6glich.  In der Sitzung des Haupt- und Finanzausschusses sollen ein  Sachstandsbericht zum Teilstandort Madfeld des Grundschulverbundes  Alme-Madfeld-Th\u00fclen gegeben und eine Beschlussfassung \u00fcber eine  Stellungnahme der Stadt Brilon als Schultr\u00e4ger zu etwaigen Ver\u00e4nderungen  dieses Grundschulverbundes erm\u00f6glicht werden.<\/p>\n<p>Im Rat hatten BBL und der Madfelder Ortsvorsteher bereits mehrfach  darauf hingewiesen, dass der Grundschulstandort Madfeld zwar nicht auf  Dauer zu halten ist, aber die Sch\u00fclerzahlen f\u00fcr die n\u00e4chsten Jahre noch  ausreichen. Der Ort besitzt mit Sporthalle und Schwimmbad eine  hervorragende Infrastruktur f\u00fcr die Schule. Ohne zwingenden Grund d\u00fcrfe  diese Schule jetzt nicht geschlossen und den Sch\u00fclerinnen und Sch\u00fclern  unn\u00f6tige Wege zugemutet werden.<\/p>\n<p>Hier der <a href=\"http:\/\/www.schiebener.net\/wordpress\/wp-content\/uploads\/2010\/07\/antraghuf-20100719.pdf\" target=\"_blank\">Antrag als PDF-Datei<\/a>.<\/p>\n","protected":false},"excerpt":{"rendered":"<p>Brilon. (bbl) Eine kurzfristige Sondersitzung des Haupt- und Finanzausschusses der Stadt Brilon haben die Ratsfraktion der Briloner B\u00fcrgerliste (BBL) und der Madfelder Ortsvorsteher Heinz Bickmann beantragt. Es geht dabei um &hellip; <a href=\"https:\/\/www.schiebener.net\/wordpress\/schulstandort-madfeld-vor-dem-aus\/\" class=\"more-link\"><span class=\"screen-reader-text\">\u201eSchulstandort Madfeld vor dem Aus?\u201c <\/span>weiterlesen<\/a><\/p>\n","protected":false},"author":3,"featured_media":0,"comment_status":"open","ping_status":"open","sticky":false,"template":"","format":"standard","meta":{"footnotes":""},"categories":[3,303,80],"tags":[579,1717,1745],"class_list":["post-8530","post","type-post","status-publish","format-standard","hentry","category-bildung-und-schule","category-in-unserem-briefkasten","category-lokales","tag-brilon","tag-grundschule","tag-madfeld"],"_links":{"self":[{"href":"https:\/\/www.schiebener.net\/wordpress\/wp-json\/wp\/v2\/posts\/8530","targetHints":{"allow":["GET"]}}],"collection":[{"href":"https:\/\/www.schiebener.net\/wordpress\/wp-json\/wp\/v2\/posts"}],"about":[{"href":"https:\/\/www.schiebener.net\/wordpress\/wp-json\/wp\/v2\/types\/post"}],"author":[{"embeddable":true,"href":"https:\/\/www.schiebener.net\/wordpress\/wp-json\/wp\/v2\/users\/3"}],"replies":[{"embeddable":true,"href":"https:\/\/www.schiebener.net\/wordpress\/wp-json\/wp\/v2\/comments?post=8530"}],"version-history":[{"count":0,"href":"https:\/\/www.schiebener.net\/wordpress\/wp-json\/wp\/v2\/posts\/8530\/revisions"}],"wp:attachment":[{"href":"https:\/\/www.schiebener.net\/wordpress\/wp-json\/wp\/v2\/media?parent=8530"}],"wp:term":[{"taxonomy":"category","embeddable":true,"href":"https:\/\/www.schiebener.net\/wordpress\/wp-json\/wp\/v2\/categories?post=8530"},{"taxonomy":"post_tag","embeddable":true,"href":"https:\/\/www.schiebener.net\/wordpress\/wp-json\/wp\/v2\/tags?post=8530"}],"curies":[{"name":"wp","href":"https:\/\/api.w.org\/{rel}","templated":true}]}}