{"id":8459,"date":"2010-07-15T17:58:11","date_gmt":"2010-07-15T15:58:11","guid":{"rendered":"http:\/\/www.schiebener.net\/wordpress\/?p=8459"},"modified":"2010-07-15T17:58:11","modified_gmt":"2010-07-15T15:58:11","slug":"briloner-umweltausschuss-%e2%80%9cin-der-zusammenarbeit-zwischen-stadtwerken-und-stadt-konnte-man-verbesserungen-schaffen%e2%80%9d","status":"publish","type":"post","link":"https:\/\/www.schiebener.net\/wordpress\/briloner-umweltausschuss-%e2%80%9cin-der-zusammenarbeit-zwischen-stadtwerken-und-stadt-konnte-man-verbesserungen-schaffen%e2%80%9d\/","title":{"rendered":"Briloner Umweltausschuss: \u00e2\u20ac\u0153In der Zusammenarbeit zwischen Stadtwerken und Stadt k\u00f6nnte man Verbesserungen schaffen\u00e2\u20ac\u009d"},"content":{"rendered":"<p><img loading=\"lazy\" decoding=\"async\" class=\"alignleft size-full wp-image-2182\" title=\"In unserem Briefkasten\" src=\"http:\/\/www.schiebener.net\/wordpress\/wp-content\/uploads\/2009\/02\/lt_briefkasten01.jpg\" alt=\"In unserem Briefkasten\" width=\"120\" height=\"91\" \/><strong>Brilon. (<a href=\"http:\/\/sbl-fraktion.de\/hintergrund-zu-pft\/in-der-zusammenarbeit-zwischen-stadtwerken-und-stadt-konnte-man-verbesserungen-schaffen.html\" target=\"_blank\">sbl<\/a>) \u00e2\u20ac\u0153In der Zusammenarbeit zwischen Stadtwerken und Stadt k\u00f6nnte man Verbesserungen schaffen\u00e2\u20ac\u009d, lautete die vielsagende Aussage des Briloner Stadtwerke-Chefs in der Sitzung des Briloner Umweltausschusses am Mittwoch. Es ging um die PFT-Sanierungen in Brilon-Scharfenberg. Au\u00dfer den Stadtwerken war auch der Hochsauerlandkreis eingeladen.<\/strong><\/p>\n<div class=\"storycontent\">\n<p>Wie mehrfach berichtet, hatten die Stadtwerke beim Verwaltungsgericht eine herbe Niederlage erlitten. Eine Anwohnerin einer Stra\u00dfe unterhalb des hoch mit PFT-belasteten Feldes hatte gegen eine Verf\u00fcgung der Stadtwerke geklagt, durch die ihr im Ergebnis auferlegt werden sollte, das von dem Feld auf ihr Grundst\u00fcck flie\u00dfende Wasser nicht in die Kl\u00e4ranlage, sondern gleich in ein Gew\u00e4sser einzuleiten. Damit w\u00e4ren zwar die PFT-Werte der Kl\u00e4ranlage gesch\u00f6nt worden, aber an der Belastung der Gew\u00e4sser h\u00e4tte sich nichts ge\u00e4ndert. Ursache der hohen PFT-Belastung des Grundwassers ist die vom Hochsauerlandkreis durchgef\u00fchrte und weitgehend wirkungslose \u00e2\u20ac\u0153Sanierung\u00e2\u20ac\u009d der S\u00fcdfl\u00e4che in Scharfenberg durch eine Drainage.<\/p>\n<p>Der Stadtwerke-Chef stellte auch fest, dass eine tiefer gelegte Drainage f\u00fcr die S\u00fcdfl\u00e4che wirksamer gewesen w\u00e4re. \u00dcber eine alternative Sanierung durch Bodenaustausch gab es unterschiedliche Meinungen. Diese L\u00f6sung war beispielsweise vom Bund f\u00fcr Umwelt und Naturschutz (BUND) favorisiert worden. Sie kam auch bei der PFT-Sanierung eines Feldes im benachbarten R\u00fcthen zur Anwendung, auf einer \u00e4hnlich gro\u00dfen Fl\u00e4che wie der S\u00fcdfl\u00e4che in Scharfenberg. Die im Ausschuss dagegen vorgebrachten Argumente wirkten allerdings sher deplaziert: Die Vertreterin des Kreises sprach von 15 Mio Euro zu erwartender Kosten (in R\u00fcthen sollen es ca. 3 Mio gewesen sein), und der Briloner B\u00fcrgermeister von 15.000 bis 20.000 notwendigen Lkw-Fuhren (da hat er die Anzahl der Kubikmeter mit der Anzahl der Fuhren verwechselt).<\/p>\n<p>Gegen die Anliegerin, die gegen die Verf\u00fcgung der Stadtwerke erfolgreich geklagt hatte, sollen jetzt allerdings weitere Massnahmen eingeleitet werden. Sie habe ja angeblich erkl\u00e4rt, dass ihr Hausanschlu\u00df undicht sei, so der Vertreter der Stadtwerke. Deswegen w\u00fcrden die Stadtwerke jetzt eine Sanierungsverf\u00fcgung erlassen und ein Ordnungswidrigkeitenverfahren gegen sie einleiten.<br \/>\n<em>Anmerkung: Bei Geb\u00e4uden dieses Alters sind mehr als die H\u00e4lfte der Hausanschl\u00fcsse undicht. Die angek\u00fcndigten Aktionen sehen sehr nach Rache aus &#8211; und \u00e4ndern gar nichts an der PFT-Belastung der Gew\u00e4sser.<\/em><\/p>\n<p>Viel zur\u00fcckhaltender als noch im Juni im Kreis-Umweltausschuss war die Vertreterin des Kreises hinsichtlich der Bewertung der bisherigen Informationspolitik. Im Juni war noch behauptet wordem, der Kreis-Umweltausschuss sei laufend \u00fcber die Probleme der Sanierung in Scharfenberg informiert worden. Nachdem die SBL in einer Chronologie bewiesen hat, dass dies nie der Fall war, wird diese Behauptung anscheinend nicht mehr aufrecht erhalten.<\/p>\n<p>Auch die Kreisverwaltung scheint mit dem jetzigen Stand der Sanierung der S\u00fcdfl\u00e4che nicht zufrieden zu sein. Denn es sollen weitere Untersuchungen durchgef\u00fchrt werden, um danach \u00fcber weitere Ma\u00dfnahmen zu befinden. Welche dies sein k\u00f6nnten, ist noch offen.<\/p>\n<p>Hinsichtlich der Kosten scheint die Kreisverwaltung nicht mehr damit zu rechnen, dass es gelingt, den Verursacher und\/oder die P\u00e4chter in Anspruch zu nehmen. Dies w\u00fcrde bedeuten, dass die bisher 1,8 Mio Investitionen f\u00fcr die Reinigungsanlage in Scharfenberg und ca. 80.000 Euro j\u00e4hrliche Betriebskosten, insgesamt also mehr als 3 Mio Euro von den Steuerzahlern aufzubringen sind.<\/p><\/div>\n","protected":false},"excerpt":{"rendered":"<p>Brilon. (sbl) \u00e2\u20ac\u0153In der Zusammenarbeit zwischen Stadtwerken und Stadt k\u00f6nnte man Verbesserungen schaffen\u00e2\u20ac\u009d, lautete die vielsagende Aussage des Briloner Stadtwerke-Chefs in der Sitzung des Briloner Umweltausschusses am Mittwoch. Es ging &hellip; <a href=\"https:\/\/www.schiebener.net\/wordpress\/briloner-umweltausschuss-%e2%80%9cin-der-zusammenarbeit-zwischen-stadtwerken-und-stadt-konnte-man-verbesserungen-schaffen%e2%80%9d\/\" class=\"more-link\"><span class=\"screen-reader-text\">\u201eBriloner Umweltausschuss: \u00e2\u20ac\u0153In der Zusammenarbeit zwischen Stadtwerken und Stadt k\u00f6nnte man Verbesserungen schaffen\u00e2\u20ac\u009d\u201c <\/span>weiterlesen<\/a><\/p>\n","protected":false},"author":14,"featured_media":0,"comment_status":"open","ping_status":"open","sticky":false,"template":"","format":"standard","meta":{"footnotes":""},"categories":[303,80,24,549],"tags":[1453,445],"class_list":["post-8459","post","type-post","status-publish","format-standard","hentry","category-in-unserem-briefkasten","category-lokales","category-politik","category-umwelt","tag-brilon-scharfenberg","tag-pft"],"_links":{"self":[{"href":"https:\/\/www.schiebener.net\/wordpress\/wp-json\/wp\/v2\/posts\/8459","targetHints":{"allow":["GET"]}}],"collection":[{"href":"https:\/\/www.schiebener.net\/wordpress\/wp-json\/wp\/v2\/posts"}],"about":[{"href":"https:\/\/www.schiebener.net\/wordpress\/wp-json\/wp\/v2\/types\/post"}],"author":[{"embeddable":true,"href":"https:\/\/www.schiebener.net\/wordpress\/wp-json\/wp\/v2\/users\/14"}],"replies":[{"embeddable":true,"href":"https:\/\/www.schiebener.net\/wordpress\/wp-json\/wp\/v2\/comments?post=8459"}],"version-history":[{"count":0,"href":"https:\/\/www.schiebener.net\/wordpress\/wp-json\/wp\/v2\/posts\/8459\/revisions"}],"wp:attachment":[{"href":"https:\/\/www.schiebener.net\/wordpress\/wp-json\/wp\/v2\/media?parent=8459"}],"wp:term":[{"taxonomy":"category","embeddable":true,"href":"https:\/\/www.schiebener.net\/wordpress\/wp-json\/wp\/v2\/categories?post=8459"},{"taxonomy":"post_tag","embeddable":true,"href":"https:\/\/www.schiebener.net\/wordpress\/wp-json\/wp\/v2\/tags?post=8459"}],"curies":[{"name":"wp","href":"https:\/\/api.w.org\/{rel}","templated":true}]}}