{"id":8445,"date":"2010-07-13T20:09:22","date_gmt":"2010-07-13T18:09:22","guid":{"rendered":"http:\/\/www.schiebener.net\/wordpress\/?p=8445"},"modified":"2010-07-13T20:38:02","modified_gmt":"2010-07-13T18:38:02","slug":"ein-antrag-an-den-kulturausschuss-mitsamt-einleitung-uber-die-misere-des-lokaljournalismus","status":"publish","type":"post","link":"https:\/\/www.schiebener.net\/wordpress\/ein-antrag-an-den-kulturausschuss-mitsamt-einleitung-uber-die-misere-des-lokaljournalismus\/","title":{"rendered":"Ein Antrag an den Kulturausschuss mitsamt Einleitung \u00fcber die Misere des Lokaljournalismus"},"content":{"rendered":"<figure id=\"attachment_2530\" aria-describedby=\"caption-attachment-2530\" style=\"width: 269px\" class=\"wp-caption alignleft\"><img loading=\"lazy\" decoding=\"async\" class=\"size-full wp-image-2530\" title=\"Durch die Gassen der Soester Innenstadt\" src=\"http:\/\/www.schiebener.net\/wordpress\/wp-content\/uploads\/2009\/03\/soestdemo01.jpg\" alt=\"Durch die Gassen der Soester Innenstadt zur WP\" width=\"269\" height=\"146\" srcset=\"https:\/\/www.schiebener.net\/wordpress\/wp-content\/uploads\/2009\/03\/soestdemo01.jpg 420w, https:\/\/www.schiebener.net\/wordpress\/wp-content\/uploads\/2009\/03\/soestdemo01-300x162.jpg 300w\" sizes=\"auto, (max-width: 269px) 85vw, 269px\" \/><figcaption id=\"caption-attachment-2530\" class=\"wp-caption-text\">Protest gegen die Schlie\u00dfung der Westfalenpost in Soest (archiv: zoom)<\/figcaption><\/figure>\n<p><strong>Winterberg\/Meschede. &#8222;Die Tageszeitung wird zu sehr f\u00fcr die Eliten gemacht, f\u00fcr Honoratioren, f\u00fcr wichtige Leute, f\u00fcr Amtsinhaber, W\u00fcrdentr\u00e4ger und Vorsitzende&#8220;, schrieb vor mehr als einem Jahrzehnt Dieter Golombek im Vorwort zum immer noch lesenswerten Buch &#8222;Lokaljournalismus. Themen und Management&#8220; \u00b9 .<\/strong><\/p>\n<p>Golombek bezieht sich (S.13f.) auf die Forschung \u00fcber Lokalzeitungen und schreibt: &#8222;Fast <strong>nur Lokalhonoratioren sind die Kontaktpartner<\/strong> der Redaktion. Ein Lokalredakteur, der im Gewande des Wissenschaftlers auszog, um dieses Schreckensbild des Lokaljournalismus zu widerlegen und f\u00fcr diesen Zweck den eigenen Redaktionsalltag unter die Lupe nahm, musste genau dieses Schreckensbild best\u00e4tigen.&#8220;<\/p>\n<p>Wie sehr die <strong>Arbeit des Lokalredakteurs an den Schreibtisch<\/strong> gebunden sei, zeige ein anders Ergebnis der Arbeit von Eduard Grimme: Knapp 80 Prozent aller Kontakte laufen per Telefon ab, die Mehrheit der Nachrichten werde nicht recherchiert. &#8222;Das meiste kommt automatisch herein und wird lediglich verarbeitet&#8220; (S.14).<\/p>\n<p>Wenn <strong>Journalisten ungepr\u00fcft das weiterg\u00e4ben<\/strong>, was Politiker sagten, &#8222;werden sie zum unentgeltlichen PR-Arbeiter f\u00fcr die Parteien &#8211; bis in die Hofnarrenrolle hinein.&#8220;<\/p>\n<p>Seit Erscheinen des Buches sind zw\u00f6lf Jahre vergangen und der Lokaljournalismus scheint in keinem besseren Zustand. Im Hochsauerland, aber auch anderswo, hat sich die Monokultur der Presse vertieft. Die <strong>Lokalzeitungen des WAZ-Konzerns <\/strong>verwalten und verwursten konkurrenzlos die ihnen anvertraute Pressefreiheit.<\/p>\n<p>Doch <strong>das Vertrauen br\u00f6ckelt<\/strong>. Die Leserinnen und Leser von heute wissen zwar nicht immer, aber ahnen doch, dass es hinter den Lokalnachrichten aus dem Rathaus, \u00fcber den Sport, \u00fcber Bauprojekte und die Bildungslandschaft noch eine zweite Wirklichkeit gibt.<\/p>\n<p>Wer sich bem\u00fcht, kann sich heute, <span style=\"text-decoration: line-through;\">anders<\/span> leichter und selbstverst\u00e4ndlicher als vor zw\u00f6lf Jahren, <strong>\u00fcber das Internet informieren<\/strong> bzw. Kontakte zu anderen Wissenstr\u00e4gern kn\u00fcpfen und anfangen sich ein eigenes Bild der Wirklichkeit jenseits der Westfalenpost und der lokalen Stammtische zu schaffen. Zur Ehrenrettung der Stammtische sei gesagt, dass dort Lokalpolitik ehrlicher verhandelt wird als in den nicht wenigen PR-Berichten der Westfalenpost.<\/p>\n<p>Guter Lokaljournalismus hat f\u00fcr mich erst einmal nichts mit der politischen Grundausrichtung eines Blattes zu tun. Soll doch die Westfalenpost konservativ, heimatverbunden daherkommen, aber ich m\u00f6chte einen <strong>Journalismus, der die Pressefreiheit wirklich nutzt<\/strong> und nicht nur im Munde f\u00fchrt:<\/p>\n<p>Jede Redaktion, jeder Journalist, hat muss sein Recht, ungehindert recherchieren und berichten zu d\u00fcrfen, auch in Anspruch nehmen. &#8222;Zu diesem Recht gesellt sich die <strong>Pflicht, die Freiheit auch zu nutzen<\/strong>&#8220; (Lokaljournalismus, S. 25).<\/p>\n<p><strong>&#8222;Kein Journalist darf Nachrichten unterdr\u00fccken oder auch nur eine Zeitlang zur\u00fcckhalten, blo\u00df weil er \u00c4rger bef\u00fcrchtet, Kopfschmerzen hat oder an den Nutzen der Stadt denkt, einer Partei oder einer Interessengruppe.&#8220;(ebda)<\/strong><\/p>\n<p><strong>Die Sauerl\u00e4nder B\u00fcrgerliste und die Linke im Kreistag des HSK<\/strong> haben einen Antrag f\u00fcr die n\u00e4chste Sitzung des Kulturausschusses sowie f\u00fcr die n\u00e4chste Kreistagssitzung gestellt.<\/p>\n<p>Ihr Thema ist die <strong>\u00e2\u20ac\u017eMedienvielfalt\/Pressefreiheit&#8220;.<\/strong><\/p>\n<p>Ich pers\u00f6nlich wei\u00df nicht, ob dieser <strong>Antrag an die richtige Adresse<\/strong> geht, will er doch den Bock zum G\u00e4rtner machen, aber ich finde ihn inhaltlich interessant und diskussionsw\u00fcrdig. Eine Kulturausschusssitzung, die sich mit dem Thema &#8222;Lokaljournalismus&#8220; in der vorgeschlagenen Form besch\u00e4ftigt, k\u00f6nnte sehr spannend und aufschlussreich sein.<\/p>\n<p><strong>Hier der Antrag:<\/strong><\/p>\n<p>Sehr geehrter Herr Landrat,<br \/>\nsehr geehrter Herr Ausschussvorsitzender,<\/p>\n<p>die Kreistagsfraktion Die Linke und das Kreistagsmitglied der SBL Reinhard Loos beantragen hiermit folgenden Tagesordnungspunkt f\u00fcr die n\u00e4chsten Sitzungen des Kulturausschusses sowie und des Kreistags:<\/p>\n<p>Informationen sowie Aussprache \u00fcber das Angebot, die Qualit\u00e4t und die Zukunft der Lokalpresse<\/p>\n<p>Erl\u00e4uterung und Begr\u00fcndung:<\/p>\n<p>Mit Besorgnis beobachten wir, dass seit Beginn der umfangreichen Personalreduzierungsma\u00dfnahmen in den lokalen Redaktionen der WAZ-Gruppe der Informationsgehalt der Westfalenpost\/Westf\u00e4lischen Rundschau \u00e4u\u00dferst unzureichend geworden ist. Das Niveau aus den Jahren und Jahrzehnten, als WP und WR in den Altkreisen Arnsberg und Meschede noch je einen kompletten eigenen Lokalteil herausgaben, wird nicht ann\u00e4hernd erreicht. Der Fokus liegt nun vorwiegend auf Belanglosigkeiten. Gro\u00dfformatige Bildserien, wie jetzt zur Fu\u00dfballweltmeisterschaften, f\u00fcllen Seiten um Seiten. Lokal-Politik findet kaum noch statt. Pluralit\u00e4t ist nicht mehr im erforderlichen Umfang gegeben.<br \/>\nDie Menschen im Sauerland m\u00fcssen zwangsl\u00e4ufig den Eindruck gewinnen, Politik wird fast nur noch in D\u00fcsseldorf und Berlin gemacht. Wen wundert&#8217;s, dass die Politikverdrossenheit weiter zunimmt und die Lust am Lesen abnimmt!?\u00a0 Denn offenbar sind auch viele Leserinnen und Leser der Tageszeitungen unzufrieden und k\u00fcndigen in gro\u00dfer Zahl ihre Abos.<\/p>\n<p>Daher m\u00f6chten wir Sie bitten, einen oder mehrere Vertreter der WAZ-Mediengruppe und einen oder mehrere ehemalige Redakteure der Westfalenpost und\/oder der Westf\u00e4lischen Rundschau, z.B. Herrn Gundel,\u00a0 in die n\u00e4chste Sitzung des Kulturausschusses einzuladen, mit dem Ziel, ein Res\u00fcmee \u00fcber die Auswirkungen der Schlie\u00dfung bzw. Zusammenlegung der Lokalredaktionen zu ziehen. Au\u00dferdem m\u00f6chten wir wissen, wie die WAZ-Gruppe dem Qualit\u00e4ts- und Leserverlust bei unseren Tageszeitungen entgegen wirken will.<\/p>\n<p>Da lokale Berichterstattung f\u00fcr Kommunalpolitik von sehr hoher Bedeutung ist, m\u00f6chten wir Sie bitten, dieses Thema in geeigneter Form auch in der n\u00e4chsten Sitzung des Kreistags aufzugreifen.<\/p>\n<p>Mit freundlichen Gr\u00fc\u00dfen<\/p>\n<p>Beate Raberg, Vorsitzende der Fraktion DIE LINKE<\/p>\n<p>Reinnhard Loos, SBL-Kreistagsmitglied<\/p>\n<p>\u00b9Literatur: Projektteam Lokaljournalisten (Hrsg.), Lokaljournalismus. Themen und Management., M\u00fcnchen 1998.<\/p>\n","protected":false},"excerpt":{"rendered":"<p>Winterberg\/Meschede. &#8222;Die Tageszeitung wird zu sehr f\u00fcr die Eliten gemacht, f\u00fcr Honoratioren, f\u00fcr wichtige Leute, f\u00fcr Amtsinhaber, W\u00fcrdentr\u00e4ger und Vorsitzende&#8220;, schrieb vor mehr als einem Jahrzehnt Dieter Golombek im Vorwort &hellip; <a href=\"https:\/\/www.schiebener.net\/wordpress\/ein-antrag-an-den-kulturausschuss-mitsamt-einleitung-uber-die-misere-des-lokaljournalismus\/\" class=\"more-link\"><span class=\"screen-reader-text\">\u201eEin Antrag an den Kulturausschuss mitsamt Einleitung \u00fcber die Misere des Lokaljournalismus\u201c <\/span>weiterlesen<\/a><\/p>\n","protected":false},"author":3,"featured_media":0,"comment_status":"open","ping_status":"open","sticky":false,"template":"","format":"standard","meta":{"footnotes":""},"categories":[80,24],"tags":[1722,864,256,274,1042,294,340],"class_list":["post-8445","post","type-post","status-publish","format-standard","hentry","category-lokales","category-politik","tag-beate-raberg","tag-heimatzeitung","tag-linke","tag-lokaljournalismus","tag-reinhard-loos","tag-sbl","tag-westfalenpost"],"_links":{"self":[{"href":"https:\/\/www.schiebener.net\/wordpress\/wp-json\/wp\/v2\/posts\/8445","targetHints":{"allow":["GET"]}}],"collection":[{"href":"https:\/\/www.schiebener.net\/wordpress\/wp-json\/wp\/v2\/posts"}],"about":[{"href":"https:\/\/www.schiebener.net\/wordpress\/wp-json\/wp\/v2\/types\/post"}],"author":[{"embeddable":true,"href":"https:\/\/www.schiebener.net\/wordpress\/wp-json\/wp\/v2\/users\/3"}],"replies":[{"embeddable":true,"href":"https:\/\/www.schiebener.net\/wordpress\/wp-json\/wp\/v2\/comments?post=8445"}],"version-history":[{"count":0,"href":"https:\/\/www.schiebener.net\/wordpress\/wp-json\/wp\/v2\/posts\/8445\/revisions"}],"wp:attachment":[{"href":"https:\/\/www.schiebener.net\/wordpress\/wp-json\/wp\/v2\/media?parent=8445"}],"wp:term":[{"taxonomy":"category","embeddable":true,"href":"https:\/\/www.schiebener.net\/wordpress\/wp-json\/wp\/v2\/categories?post=8445"},{"taxonomy":"post_tag","embeddable":true,"href":"https:\/\/www.schiebener.net\/wordpress\/wp-json\/wp\/v2\/tags?post=8445"}],"curies":[{"name":"wp","href":"https:\/\/api.w.org\/{rel}","templated":true}]}}