{"id":8425,"date":"2010-07-11T10:29:09","date_gmt":"2010-07-11T08:29:09","guid":{"rendered":"http:\/\/www.schiebener.net\/wordpress\/?p=8425"},"modified":"2010-07-11T10:29:09","modified_gmt":"2010-07-11T08:29:09","slug":"leseempfehlung-waz-abnehmen-mit-essen-ein-bericht-auch-aus-dem-hochsauerland","status":"publish","type":"post","link":"https:\/\/www.schiebener.net\/wordpress\/leseempfehlung-waz-abnehmen-mit-essen-ein-bericht-auch-aus-dem-hochsauerland\/","title":{"rendered":"Leseempfehlung: WAZ &#8211; Abnehmen mit Essen. Ein Bericht (auch) aus dem Hochsauerland"},"content":{"rendered":"<figure id=\"attachment_3836\" aria-describedby=\"caption-attachment-3836\" style=\"width: 180px\" class=\"wp-caption alignleft\"><img loading=\"lazy\" decoding=\"async\" class=\"size-medium wp-image-3836\" title=\"WP in Meschede, die WR ist hier inzwischen abgewickelt\" src=\"http:\/\/www.schiebener.net\/wordpress\/wp-content\/uploads\/2009\/07\/wpmeschede01-300x225.jpg\" alt=\"WP in Meschede, die WR ist hier inzwischen abgewickelt (archiv: zoom)\" width=\"180\" height=\"135\" srcset=\"https:\/\/www.schiebener.net\/wordpress\/wp-content\/uploads\/2009\/07\/wpmeschede01-300x225.jpg 300w, https:\/\/www.schiebener.net\/wordpress\/wp-content\/uploads\/2009\/07\/wpmeschede01.jpg 480w\" sizes=\"auto, (max-width: 180px) 85vw, 180px\" \/><figcaption id=\"caption-attachment-3836\" class=\"wp-caption-text\">WP in Meschede, die WR ist inzwischen abgewickelt (archiv: zoom)<\/figcaption><\/figure>\n<p><strong>Gestern ist ein Bericht im Berliner Tagesspiegel erschienen, dessen Lekt\u00fcre wir allen Leserinnen und Lesern der Westfalenpost und Westf\u00e4lischen Rundschau im Hochsauerland und anderswo ans Herz legen.<\/strong><\/p>\n<p>Der Autor, Thomas Gehringer, bilanziert den Stellenabbau beim WAZ Konzern. Dreihundert Redakteure mussten die WAZ-Zeitungen verlassen. Redaktionsstandorte wurden geschlossen. Eine dieser Redaktionen war die Westf\u00e4lische Rundschau in Meschede, einer der Redakteure war Wilfried Gundel:<\/p>\n<p>&#8222;Fr\u00fchjahr 2009: Der Letzte macht das Licht aus. Der Letzte, das ist Wilfried Gundel, 57 Jahre alt, davon 35 Jahre Lokalredakteur der \u00e2\u20ac\u017eWestf\u00e4lischen Rundschau\u00e2\u20ac\u0153 in Meschede, einer gut 30 000 Einwohner z\u00e4hlenden Kleinstadt im Hochsauerlandkreis. \u00e2\u20ac\u017eAbwicklungsbeauftragter\u00e2\u20ac\u0153 und \u00e2\u20ac\u017eNachlassverwalter\u00e2\u20ac\u0153 nennt sich Gundel scherz- und schmerzhaft. Die Redaktionsr\u00e4ume sind verlassen, vor kurzem hat die Lokalredaktion die letzten Seiten produziert. Nun sitzt Gundel allein zwischen Kartons und Ordnern, sichtet alte Foto-Abz\u00fcge, sortiert aus und ist nicht sehr gut auf die Zentrale im 75 Kilometer entfernten Dortmund zu sprechen: \u00e2\u20ac\u017eDie Besuche aus der Chefredaktion konnte man an einer Hand abz\u00e4hlen.\u00e2\u20ac\u0153 &#8230;&#8220;<br \/>\n<a href=\"http:\/\/www.tagesspiegel.de\/medien\/waz-abnehmen-mit-essen\/1880156.html\" target=\"_blank\">Alles lesen<\/a><\/p>\n<p><em>Vielen Dank f\u00fcr den Hinweis an<a href=\"http:\/\/www.doppelwacholder.de\" target=\"_blank\"> doppelwacholder<\/a>.<\/em><\/p>\n","protected":false},"excerpt":{"rendered":"<p>Gestern ist ein Bericht im Berliner Tagesspiegel erschienen, dessen Lekt\u00fcre wir allen Leserinnen und Lesern der Westfalenpost und Westf\u00e4lischen Rundschau im Hochsauerland und anderswo ans Herz legen. Der Autor, Thomas &hellip; <a href=\"https:\/\/www.schiebener.net\/wordpress\/leseempfehlung-waz-abnehmen-mit-essen-ein-bericht-auch-aus-dem-hochsauerland\/\" class=\"more-link\"><span class=\"screen-reader-text\">\u201eLeseempfehlung: WAZ &#8211; Abnehmen mit Essen. Ein Bericht (auch) aus dem Hochsauerland\u201c <\/span>weiterlesen<\/a><\/p>\n","protected":false},"author":3,"featured_media":0,"comment_status":"open","ping_status":"open","sticky":false,"template":"","format":"standard","meta":{"footnotes":""},"categories":[80,32],"tags":[264,394,1073,1715,622],"class_list":["post-8425","post","type-post","status-publish","format-standard","hentry","category-lokales","category-medien","tag-meschede","tag-waz-kahlschlag","tag-waz-medien","tag-wilfried-gundel","tag-wr"],"_links":{"self":[{"href":"https:\/\/www.schiebener.net\/wordpress\/wp-json\/wp\/v2\/posts\/8425","targetHints":{"allow":["GET"]}}],"collection":[{"href":"https:\/\/www.schiebener.net\/wordpress\/wp-json\/wp\/v2\/posts"}],"about":[{"href":"https:\/\/www.schiebener.net\/wordpress\/wp-json\/wp\/v2\/types\/post"}],"author":[{"embeddable":true,"href":"https:\/\/www.schiebener.net\/wordpress\/wp-json\/wp\/v2\/users\/3"}],"replies":[{"embeddable":true,"href":"https:\/\/www.schiebener.net\/wordpress\/wp-json\/wp\/v2\/comments?post=8425"}],"version-history":[{"count":0,"href":"https:\/\/www.schiebener.net\/wordpress\/wp-json\/wp\/v2\/posts\/8425\/revisions"}],"wp:attachment":[{"href":"https:\/\/www.schiebener.net\/wordpress\/wp-json\/wp\/v2\/media?parent=8425"}],"wp:term":[{"taxonomy":"category","embeddable":true,"href":"https:\/\/www.schiebener.net\/wordpress\/wp-json\/wp\/v2\/categories?post=8425"},{"taxonomy":"post_tag","embeddable":true,"href":"https:\/\/www.schiebener.net\/wordpress\/wp-json\/wp\/v2\/tags?post=8425"}],"curies":[{"name":"wp","href":"https:\/\/api.w.org\/{rel}","templated":true}]}}