{"id":8362,"date":"2010-07-03T08:00:49","date_gmt":"2010-07-03T06:00:49","guid":{"rendered":"http:\/\/www.schiebener.net\/wordpress\/?p=8362"},"modified":"2010-07-03T08:05:53","modified_gmt":"2010-07-03T06:05:53","slug":"kreistag-meschede-zusammenschluss-der-arnsberger-berufskollegs-gegen-doe-stimmen-von-spd-grune-linke-und-sbl-aus-fur-bildungszentrum-sorpessee","status":"publish","type":"post","link":"https:\/\/www.schiebener.net\/wordpress\/kreistag-meschede-zusammenschluss-der-arnsberger-berufskollegs-gegen-doe-stimmen-von-spd-grune-linke-und-sbl-aus-fur-bildungszentrum-sorpessee\/","title":{"rendered":"Kreistag Meschede: Zusammenschluss der Arnsberger Berufskollegs gegen die Stimmen von SPD, Gr\u00fcne, Linke und SBL. Aus f\u00fcr Bildungszentrum Sorpessee."},"content":{"rendered":"<figure id=\"attachment_8162\" aria-describedby=\"caption-attachment-8162\" style=\"width: 300px\" class=\"wp-caption alignleft\"><strong><img loading=\"lazy\" decoding=\"async\" class=\"size-medium wp-image-8162\" title=\"Meschede von oben\" src=\"http:\/\/www.schiebener.net\/wordpress\/wp-content\/uploads\/2010\/06\/meschede20100616-300x225.png\" alt=\"Meschede von oben mit Blick auf die Benediktinerabtei. (foto: zoom)\" width=\"300\" height=\"225\" srcset=\"https:\/\/www.schiebener.net\/wordpress\/wp-content\/uploads\/2010\/06\/meschede20100616-300x225.png 300w, https:\/\/www.schiebener.net\/wordpress\/wp-content\/uploads\/2010\/06\/meschede20100616.png 320w\" sizes=\"auto, (max-width: 300px) 85vw, 300px\" \/><\/strong><figcaption id=\"caption-attachment-8162\" class=\"wp-caption-text\">Meschede von oben mit Blick auf die Benediktinerabtei (hinten) und Kreishaus(vorn). (foto: zoom)<\/figcaption><\/figure>\n<p><strong>Meschede. (sauerland) Erwartungsgem\u00e4\u00df verlief die Kreistagssitzung am 2. Juli 2010 im Kreishaus in Meschede. Die absolute Mehrheit der CDU bescherte dem Landrat einmal mehr die erw\u00fcnschten Beschl\u00fcsse. <\/strong><\/p>\n<p>Hier einige wichtige Entscheidungen:<\/p>\n<p>Der Dringlichkeitsentscheid zur K\u00fcndigung des Pachtverh\u00e4ltnisses \u00fcber das <strong>Bildungszentrum Sorpesee<\/strong> wurde vom Kreistag durch gewunken mit den Stimmen der CDU und der FDP. Die SPD enthielt sich. Gr\u00fcne, Linke und SBL stimmten dagegen.<\/p>\n<p>Der sofortige organisatorische Zusammenschluss der beiden <strong>Berufskollegs in Arnsberg<\/strong> wurde mit den Stimmen von CDU und FDP beschlossen. SPD, Gr\u00fcne, Linke und SBL stimmten mit Nein.<\/p>\n<p>Die Einf\u00fchrung eines <strong>\u00d6PNV-Sozialtickets,<\/strong> beantragt vom \u00e2\u20ac\u017eForum Linkes Arnsberg&#8220; unterst\u00fctzt durch einen gemeinsamen \u00c4nderungsantrag der Kreistagsfraktion DIE LINKE und Reinhard Loos von der Sauerl\u00e4nder B\u00fcrgerliste (SBL) wurde von CDU, SPD und FDP abgelehnt.<\/p>\n<p>Trotz der vielfach in der Kreistagssitzung als unumg\u00e4nglich beschriebenen Sparbem\u00fchungen stimmten CDU, SPD und FDP f\u00fcr die \u00dcbernahme einer <strong>Ausfallb\u00fcrgschaft <\/strong>durch den Hochsauerlandkreis f\u00fcr den Flughafen Paderborn\/Lippstadt.<\/p>\n<p>Es gab zwar von allen Fraktionen und besonders von dem SBL-Vertreter Reinhard Loos oder auch von Toni Vollmer, dem Fraktionssprecher von B`90\/Die Gr\u00fcnen, weitf\u00fchrende, Hintergr\u00fcnde beleuchtende, <strong>kontroverse Diskussionsbeitr\u00e4ge<\/strong>. Aber echte \u00dcberraschungen bescherte die Kreistagssitzung wegen des eingefahrenen Abstimmungsverhaltens nicht.<\/p>\n<p>Etwas turbulent und ganz anders als gew\u00f6hnlich verlief allerdings die<strong> Einwohnerfragestunde<\/strong> zu Beginn der Kreistagssitzung.<\/p>\n<p><strong>Drei B\u00fcrger<\/strong> meldeten sich, um an den Landrat Fragen zu richten. Und diese <strong>Fragen waren nicht ohne Brisanz.<\/strong> Es handelte sich bei den ersten beiden Fragestellern zum einen um einen Mitarbeiter eines von der Zusammenlegung betroffenen Berufskollegs und zum anderen um einen Mitarbeiter des Bildungszentrums Sorpesee. Sie machten deutlich, dass sie die Art und Weise und das Tempo mit dem die Schlie\u00dfung bzw. die Zusammenlegung durchgepeitscht wird, unverst\u00e4ndlich und undemokratisch finden.<\/p>\n<p>Den dritten Fragesteller, ein Ratsmitglied aus Hallenberg, interessierte, warum der Tagesordnungspunkt \u00e2\u20ac\u017e<strong>Anzeige nach \u00a7 18 Korruptionsbek\u00e4mpfungsgesetz<\/strong>&#8220; im Nicht\u00f6ffentlichen Teil der Sitzung behandelt werden soll. Der Landrat antwortete, es handele sich dabei um eine Angelegenheit die pers\u00f6nliche Dinge betr\u00e4fe.<\/p>\n","protected":false},"excerpt":{"rendered":"<p>Meschede. (sauerland) Erwartungsgem\u00e4\u00df verlief die Kreistagssitzung am 2. Juli 2010 im Kreishaus in Meschede. Die absolute Mehrheit der CDU bescherte dem Landrat einmal mehr die erw\u00fcnschten Beschl\u00fcsse. Hier einige wichtige &hellip; <a href=\"https:\/\/www.schiebener.net\/wordpress\/kreistag-meschede-zusammenschluss-der-arnsberger-berufskollegs-gegen-doe-stimmen-von-spd-grune-linke-und-sbl-aus-fur-bildungszentrum-sorpessee\/\" class=\"more-link\"><span class=\"screen-reader-text\">\u201eKreistag Meschede: Zusammenschluss der Arnsberger Berufskollegs gegen die Stimmen von SPD, Gr\u00fcne, Linke und SBL. Aus f\u00fcr Bildungszentrum Sorpessee.\u201c <\/span>weiterlesen<\/a><\/p>\n","protected":false},"author":3,"featured_media":0,"comment_status":"open","ping_status":"open","sticky":false,"template":"","format":"standard","meta":{"footnotes":""},"categories":[80,24],"tags":[1350,752,1593,494,1583],"class_list":["post-8362","post","type-post","status-publish","format-standard","hentry","category-lokales","category-politik","tag-arnsberg","tag-berufskolleg","tag-bildungszentrum-sorpesee","tag-kreistag-meschede","tag-sozialticket"],"_links":{"self":[{"href":"https:\/\/www.schiebener.net\/wordpress\/wp-json\/wp\/v2\/posts\/8362","targetHints":{"allow":["GET"]}}],"collection":[{"href":"https:\/\/www.schiebener.net\/wordpress\/wp-json\/wp\/v2\/posts"}],"about":[{"href":"https:\/\/www.schiebener.net\/wordpress\/wp-json\/wp\/v2\/types\/post"}],"author":[{"embeddable":true,"href":"https:\/\/www.schiebener.net\/wordpress\/wp-json\/wp\/v2\/users\/3"}],"replies":[{"embeddable":true,"href":"https:\/\/www.schiebener.net\/wordpress\/wp-json\/wp\/v2\/comments?post=8362"}],"version-history":[{"count":0,"href":"https:\/\/www.schiebener.net\/wordpress\/wp-json\/wp\/v2\/posts\/8362\/revisions"}],"wp:attachment":[{"href":"https:\/\/www.schiebener.net\/wordpress\/wp-json\/wp\/v2\/media?parent=8362"}],"wp:term":[{"taxonomy":"category","embeddable":true,"href":"https:\/\/www.schiebener.net\/wordpress\/wp-json\/wp\/v2\/categories?post=8362"},{"taxonomy":"post_tag","embeddable":true,"href":"https:\/\/www.schiebener.net\/wordpress\/wp-json\/wp\/v2\/tags?post=8362"}],"curies":[{"name":"wp","href":"https:\/\/api.w.org\/{rel}","templated":true}]}}