{"id":8340,"date":"2010-07-02T22:52:48","date_gmt":"2010-07-02T20:52:48","guid":{"rendered":"http:\/\/www.schiebener.net\/wordpress\/?p=8340"},"modified":"2010-07-02T23:33:13","modified_gmt":"2010-07-02T21:33:13","slug":"egons-meckern-kopfnoten-hin-kopfnoten-her-politiker-versuchen-sich-auf-kosten-des-bildungssystems-zu-profilieren","status":"publish","type":"post","link":"https:\/\/www.schiebener.net\/wordpress\/egons-meckern-kopfnoten-hin-kopfnoten-her-politiker-versuchen-sich-auf-kosten-des-bildungssystems-zu-profilieren\/","title":{"rendered":"egons mECKErn: Kopfnoten hin &#8211; Kopfnoten her. Politiker versuchen sich auf Kosten des Bildungssystems zu profilieren"},"content":{"rendered":"<p><strong><img loading=\"lazy\" decoding=\"async\" class=\"alignleft size-full wp-image-8341\" title=\"Kopfnote\" src=\"http:\/\/www.schiebener.net\/wordpress\/wp-content\/uploads\/2010\/07\/kopfnote01.jpg\" alt=\"Kopfnote\" width=\"170\" height=\"206\" srcset=\"https:\/\/www.schiebener.net\/wordpress\/wp-content\/uploads\/2010\/07\/kopfnote01.jpg 283w, https:\/\/www.schiebener.net\/wordpress\/wp-content\/uploads\/2010\/07\/kopfnote01-246x300.jpg 246w\" sizes=\"auto, (max-width: 170px) 85vw, 170px\" \/>Marsberg. (egon) Als ich 1957 eingeschult wurde, erhielt ich ein Zeugnisheft f\u00fcr die acht Jahre meiner gesamten Volksschulzeit. In dieses Heft wurden alle Zeugnisse eingetragen und \u00fcber die ganze Volksschulzeit h\u00e4tte sich an den Zeugnisformularen nichts ge\u00e4ndert. Heute erstellen wir in den Schulen unsere Zeugnisse in Eigenarbeit mit dem Computer. Doch wenn man meint, dass dies praktischer w\u00e4re, dann irrt man. <\/strong><\/p>\n<p>Es ist so gut wie nie m\u00f6glich, das Formular aus dem letzten Schuljahr zu \u00fcbernehmen. Jedes Jahr gibt es neue Formulare, weil die Kommunalpolitiker etwas an den Schulen \u00e4ndern (Namen, Zusammenschluss mit anderen Schulen), weil an unserer Schule die Schulleitung wechselte und weil die Landesregierung das Bildungssystem \u00e2\u20ac\u017erevolutioniert&#8220;, beispielsweise indem sie<\/p>\n<ul>\n<li>Englisch als Fach ab Klasse 3 einf\u00fchrt,<\/li>\n<li>die Schuleingangsphase einf\u00fchrt,<\/li>\n<li>Englisch nun auch ab dem 2. Halbjahr im ersten Schuljahr einf\u00fchrt,<\/li>\n<li>Kopfnoten einf\u00fchrt,<\/li>\n<li>die Anzahl der Kopfnoten reduziert,<\/li>\n<li>in K\u00fcrze Kopfnoten wieder abschafft,<\/li>\n<li>Kopfnoten wahrscheinlich wieder einf\u00fchrt, wenn die Minderheitsregierung im NRW-Landtag scheitern sollte.<\/li>\n<\/ul>\n<p>Wie soll in den Schulen verl\u00e4sslich gearbeitet werden, wenn eine Schulreform oder eine \u00c4nderung die andere jagt. Die Schule braucht auch eine gewisse Ruhe, damit sich etwas entwickeln kann. Doch ehe es sicher ist, ob eine Reform gut oder schlecht war, wird schon die n\u00e4chste Reform gestartet. Jede politische Partei will zeigen, dass sie die bessere Bildungspolitik macht und \u00e4ndert das System ohne R\u00fccksicht auf die Vertr\u00e4glichkeit. Hauptsache wir zeigen, dass wir besser sind und es anders machen. Ganz schlimm wird es mit der Reform des dreigliedrigen Schulsystems, die uns jetzt bevorsteht.  Wird es in Zukunft noch Hauptschulen geben? Bleibt die Realschule bestehen? Wenn es hier das gleiche Hin und Her oder ein gleich gro\u00dfes Durcheinander gibt, ist die Leistungsf\u00e4higkeit unseres Bildungssystems \u00e4u\u00dferst gef\u00e4hrdet.<\/p>\n<p>Die Misere unseres Bildungssystems wird von vielen Seiten beklagt. <!--more-->Es darf nicht sein, dass sich Politiker auf Kosten unseres Bildungssystems profilieren wollen. Wir w\u00fcnschen uns durchdachte und diskutierte Vorgaben, nach denen wir \u00fcber l\u00e4ngere Zeit verl\u00e4sslich arbeiten k\u00f6nnen, alles andere setzt die Qualit\u00e4t unseres Bildungssystems aufs Spiel. So wie es die Regierungen zur Zeit machen, macht man keine gute Schule.<\/p>\n<p>Die Politiker lassen die Qualit\u00e4t der Schulen \u00fcberpr\u00fcfen, angeblich um die Qualit\u00e4t zu steigern. Aber die Schulen k\u00f6nnen nicht besser sein, als es das System zul\u00e4sst. Wir sollten auch einmal die Qualit\u00e4t unserer Bildungspolitiker \u00fcberpr\u00fcfen.<\/p>\n<p>(Juli 2010)<\/p>\n<p><strong><em>Der Autor:<\/em><\/strong><\/p>\n<p><em>Egon Retaiski, Jahrgang 1951, arbeitet seit 1978 als Lehrer an F\u00f6rder-, Haupt- und Grundschulen im Raum Brilon-Marsberg. Er engagiert sich seit 20 Jahren in der GEW (Gewerkschaft Erziehung und Wissenschaft), ist Vorstandsmitglied des GEW-Kreisverbandes Hochsauerland, Mitglied im \u00d6rtlichen Personalrat f\u00fcr Lehrerinnen und Lehrer an Grundschulen und Ersatzmitglied im Bezirkspersonalrat f\u00fcr Lehrerinnen und Lehrer an Grundschulen bei der Bezirksregierung in Arnsberg.<\/em><\/p>\n","protected":false},"excerpt":{"rendered":"<p>Marsberg. (egon) Als ich 1957 eingeschult wurde, erhielt ich ein Zeugnisheft f\u00fcr die acht Jahre meiner gesamten Volksschulzeit. In dieses Heft wurden alle Zeugnisse eingetragen und \u00fcber die ganze Volksschulzeit &hellip; <a href=\"https:\/\/www.schiebener.net\/wordpress\/egons-meckern-kopfnoten-hin-kopfnoten-her-politiker-versuchen-sich-auf-kosten-des-bildungssystems-zu-profilieren\/\" class=\"more-link\"><span class=\"screen-reader-text\">\u201eegons mECKErn: Kopfnoten hin &#8211; Kopfnoten her. Politiker versuchen sich auf Kosten des Bildungssystems zu profilieren\u201c <\/span>weiterlesen<\/a><\/p>\n","protected":false},"author":19,"featured_media":0,"comment_status":"open","ping_status":"open","sticky":false,"template":"","format":"standard","meta":{"footnotes":""},"categories":[3,80,24],"tags":[1688,38],"class_list":["post-8340","post","type-post","status-publish","format-standard","hentry","category-bildung-und-schule","category-lokales","category-politik","tag-kopfnoten","tag-schulpolitik"],"_links":{"self":[{"href":"https:\/\/www.schiebener.net\/wordpress\/wp-json\/wp\/v2\/posts\/8340","targetHints":{"allow":["GET"]}}],"collection":[{"href":"https:\/\/www.schiebener.net\/wordpress\/wp-json\/wp\/v2\/posts"}],"about":[{"href":"https:\/\/www.schiebener.net\/wordpress\/wp-json\/wp\/v2\/types\/post"}],"author":[{"embeddable":true,"href":"https:\/\/www.schiebener.net\/wordpress\/wp-json\/wp\/v2\/users\/19"}],"replies":[{"embeddable":true,"href":"https:\/\/www.schiebener.net\/wordpress\/wp-json\/wp\/v2\/comments?post=8340"}],"version-history":[{"count":0,"href":"https:\/\/www.schiebener.net\/wordpress\/wp-json\/wp\/v2\/posts\/8340\/revisions"}],"wp:attachment":[{"href":"https:\/\/www.schiebener.net\/wordpress\/wp-json\/wp\/v2\/media?parent=8340"}],"wp:term":[{"taxonomy":"category","embeddable":true,"href":"https:\/\/www.schiebener.net\/wordpress\/wp-json\/wp\/v2\/categories?post=8340"},{"taxonomy":"post_tag","embeddable":true,"href":"https:\/\/www.schiebener.net\/wordpress\/wp-json\/wp\/v2\/tags?post=8340"}],"curies":[{"name":"wp","href":"https:\/\/api.w.org\/{rel}","templated":true}]}}