{"id":8337,"date":"2010-07-02T16:05:39","date_gmt":"2010-07-02T14:05:39","guid":{"rendered":"http:\/\/www.schiebener.net\/wordpress\/?p=8337"},"modified":"2010-07-02T16:05:39","modified_gmt":"2010-07-02T14:05:39","slug":"weiter-gelesen-die-graben-zuschutten-michael-luhmann-widerspricht-bredthauer","status":"publish","type":"post","link":"https:\/\/www.schiebener.net\/wordpress\/weiter-gelesen-die-graben-zuschutten-michael-luhmann-widerspricht-bredthauer\/","title":{"rendered":"Weiter gelesen: &#8222;Die Gr\u00e4ben zusch\u00fctten&#8220; &#8211; Michael L\u00fchmann widerspricht Bredthauer"},"content":{"rendered":"<p><em>Michael L\u00fchmann ist wissenschaftlicher Mitarbeiter am <a href=\"http:\/\/www.demokratie-goettingen.de\/\" target=\"_blank\">G\u00f6ttinger Institut f\u00fcr Demokratieforschung<\/a>. Er widerspricht <a href=\"http:\/\/www.demokratie-goettingen.de\/blog\/die-graben-zuschutten\/\" target=\"_blank\">in seinem Blogbeitrag<\/a> der <a href=\"http:\/\/www.schiebener.net\/wordpress\/?p=8334\" target=\"_blank\">Position von Karl D. Bredthaue<\/a>r.<\/em><\/p>\n<p>Zitat L\u00fchmann:<\/p>\n<p>&#8222;Joachim Gauck, ostdeutscher Revolution\u00e4r, Pfarrer, B\u00fcrgerrechtler, ein Berufener, der sich selbst auch f\u00fcr vieles berufen f\u00fchlt, ein \u00e2\u20ac\u017evergifteter Knochen\u00e2\u20ac\u0153? Ein ewig Gestriger, der die Sozialdemokratie gei\u00dfelte, den Adenauerschen Antikommunismus pflegt und den Hohepriester der Moral mit harter Staatsanwaltsattit\u00fcde gibt. Ein liberal-konservativer Hardliner, der ob seiner politischen Einstellungen unw\u00e4hlbar ist f\u00fcr die bundesrepublikanische Sozialdemokratie, f\u00fcr das gesamte linke Projekt?<\/p>\n<p>Es ist ein sehr einseitiges Bild, das, nicht nur hier, von Joachim Gauck gezeichnet wird. W\u00e4hrend Karl D. Bredthauer versucht, Joachim Gauck mit der Totalitarismus-Keule zu erschlagen, versucht es Franz Walter, indem er Gauck zum harten Antikommunisten stilisiert, der im 21. Jahrhundert nicht angekommen sei, sondern, so Walter, ideologisch irgendwo in der Vormoderne der Adenauer-Republik der 50er bis 70er Jahre steckengeblieben scheint. Und nicht zuletzt schmei\u00dft Lafontaine mit Wackersteinen aus dem sprichw\u00f6rtlichen Glashaus, auf das keiner sich traue, zur\u00fcckzuwerfen.<\/p>\n<p>Bredthauer legt in den <em>Bl\u00e4ttern f\u00fcr deutsche und internationale Politik<\/em> Gauck in einer \u00e4u\u00dferst selektiven Wiedergabe eines Interviews von 1991 die Gleichsetzung der beiden deutschen Diktaturen in den Mund und schafft es, oh Wunder, Gauck als Wiederg\u00e4nger der Totalitarismustheorie zu entlarven. Da ist der Weg nicht mehr weit, Namen wie Martin Hohmann (der vor nicht wenigen Jahren vom j\u00fcdischen \u00e2\u20ac\u017eT\u00e4tervolk\u00e2\u20ac\u0153 sprach) oder auch den NS-Marinerichter Hans Filbinger in einem Absatz mit Gauck zu nennen und somit vor einem \u00e2\u20ac\u017egeschichtspolitischen Offenbarungseid\u00e2\u20ac\u0153 zu warnen &#8230;&#8220; <a href=\"http:\/\/www.demokratie-goettingen.de\/blog\/die-graben-zuschutten\/\" target=\"_blank\">alles lesen<\/a><\/p>\n<p><em><br \/>\n<\/em><\/p>\n","protected":false},"excerpt":{"rendered":"<p>Michael L\u00fchmann ist wissenschaftlicher Mitarbeiter am G\u00f6ttinger Institut f\u00fcr Demokratieforschung. Er widerspricht in seinem Blogbeitrag der Position von Karl D. Bredthauer. Zitat L\u00fchmann: &#8222;Joachim Gauck, ostdeutscher Revolution\u00e4r, Pfarrer, B\u00fcrgerrechtler, ein &hellip; <a href=\"https:\/\/www.schiebener.net\/wordpress\/weiter-gelesen-die-graben-zuschutten-michael-luhmann-widerspricht-bredthauer\/\" class=\"more-link\"><span class=\"screen-reader-text\">\u201eWeiter gelesen: &#8222;Die Gr\u00e4ben zusch\u00fctten&#8220; &#8211; Michael L\u00fchmann widerspricht Bredthauer\u201c <\/span>weiterlesen<\/a><\/p>\n","protected":false},"author":3,"featured_media":0,"comment_status":"open","ping_status":"open","sticky":false,"template":"","format":"standard","meta":{"footnotes":""},"categories":[319,24],"tags":[1687,1625],"class_list":["post-8337","post","type-post","status-publish","format-standard","hentry","category-geschichte","category-politik","tag-bredthauer-luhmann","tag-gauck"],"_links":{"self":[{"href":"https:\/\/www.schiebener.net\/wordpress\/wp-json\/wp\/v2\/posts\/8337","targetHints":{"allow":["GET"]}}],"collection":[{"href":"https:\/\/www.schiebener.net\/wordpress\/wp-json\/wp\/v2\/posts"}],"about":[{"href":"https:\/\/www.schiebener.net\/wordpress\/wp-json\/wp\/v2\/types\/post"}],"author":[{"embeddable":true,"href":"https:\/\/www.schiebener.net\/wordpress\/wp-json\/wp\/v2\/users\/3"}],"replies":[{"embeddable":true,"href":"https:\/\/www.schiebener.net\/wordpress\/wp-json\/wp\/v2\/comments?post=8337"}],"version-history":[{"count":0,"href":"https:\/\/www.schiebener.net\/wordpress\/wp-json\/wp\/v2\/posts\/8337\/revisions"}],"wp:attachment":[{"href":"https:\/\/www.schiebener.net\/wordpress\/wp-json\/wp\/v2\/media?parent=8337"}],"wp:term":[{"taxonomy":"category","embeddable":true,"href":"https:\/\/www.schiebener.net\/wordpress\/wp-json\/wp\/v2\/categories?post=8337"},{"taxonomy":"post_tag","embeddable":true,"href":"https:\/\/www.schiebener.net\/wordpress\/wp-json\/wp\/v2\/tags?post=8337"}],"curies":[{"name":"wp","href":"https:\/\/api.w.org\/{rel}","templated":true}]}}