{"id":8334,"date":"2010-07-02T13:55:41","date_gmt":"2010-07-02T11:55:41","guid":{"rendered":"http:\/\/www.schiebener.net\/wordpress\/?p=8334"},"modified":"2010-07-02T13:55:41","modified_gmt":"2010-07-02T11:55:41","slug":"gelesen-yes-we-gauck","status":"publish","type":"post","link":"https:\/\/www.schiebener.net\/wordpress\/gelesen-yes-we-gauck\/","title":{"rendered":"Gelesen: Yes, we Gauck!?"},"content":{"rendered":"<p><strong>&#8222;Joachim Gauck ist nicht irgendwer, kein Deus ex machina, kein unbeschriebenes Blatt. Als erster und pr\u00e4gender Chef der nach ihm salopp als \u00e2\u20ac\u017eGauck-Beh\u00f6rde\u00e2\u20ac\u0153 bezeichneten mehrtausendk\u00f6pfigen Bundesdienststelle wurde er zu einer Symbolfigur deutscher Geschichtspolitik. Er steht f\u00fcr eine \u00e2\u20ac\u017eVergangenheitsbew\u00e4ltigung\u00e2\u20ac\u0153 spezifischer Pr\u00e4gung, sozusagen die vergangenheitspolitische Wende in Deutschland. Deren Zentrum bildet die Denkfigur von den \u00e2\u20ac\u017ezwei Diktaturen\u00e2\u20ac\u0153, welche die Bundesrepublik nach dem Untergang der DDR zu bew\u00e4ltigen habe. Die wie selbstverst\u00e4ndlich daherkommende Formel hat es in sich.<\/strong><\/p>\n<p>Inwiefern, das verdeutlicht in seltener Klarheit ein Gespr\u00e4ch, das \u00e2\u20ac\u017eBl\u00e4tter\u00e2\u20ac\u0153-Mitherausgeber G\u00fcnter Gaus 1991 im Rahmen seiner legend\u00e4ren \u00e2\u20ac\u017ePortr\u00e4t\u00e2\u20ac\u0153-Serie mit dem damals gerade ein Jahr amtierenden \u00e2\u20ac\u017eBundesbeauftragten\u00e2\u20ac\u0153 f\u00fchrte.<a name=\"_ftnref\" href=\"http:\/\/www.blaetter.de\/archiv\/jahrgaenge\/2010\/juli\/yes-we-gauck#_ftn1\"><sup>[1]<\/sup><\/a> Nicht nur aus Anlass der Pr\u00e4sidentschaftskandidatur Joachim Gaucks verdient es dieses \u00e2\u20ac\u201c vor offen zutage tretenden und mehr noch untergr\u00fcndigen Spannungen geradezu knisternde \u00e2\u20ac\u201c Gespr\u00e4ch, dem Vergessen entrissen zu werden. &#8230;&#8220; <a href=\"http:\/\/www.blaetter.de\/archiv\/jahrgaenge\/2010\/juli\/yes-we-gauck\" target=\"_blank\">Alles lesen in den Bl\u00e4ttern f\u00fcr deutsche und internationale Politik<\/a><\/p>\n<p><a name=\"_ftn1\" href=\"http:\/\/www.blaetter.de\/archiv\/jahrgaenge\/2010\/juli\/yes-we-gauck#_ftnref\"><sup>[1]<\/sup><\/a> Ein Gespr\u00e4ch zwischen G\u00fcnter Gaus und Joachim Gauck vom 25. November 1991. Abgedruckt in: Neue Portr\u00e4ts in Frage und Antwort: G\u00fcnter Gaus im Gespr\u00e4ch, Berlin 1992, S. 191-214, hier S. 206-211; zur geschichtspolitischen Konstellation der Zeit vgl. auch Karl D. Bredthauer, Geschichtsw\u00e4sche? In: \u00e2\u20ac\u017eBl\u00e4tter\u00e2\u20ac\u0153, 2\/1992, S. 137-142.<\/p>\n","protected":false},"excerpt":{"rendered":"<p>&#8222;Joachim Gauck ist nicht irgendwer, kein Deus ex machina, kein unbeschriebenes Blatt. Als erster und pr\u00e4gender Chef der nach ihm salopp als \u00e2\u20ac\u017eGauck-Beh\u00f6rde\u00e2\u20ac\u0153 bezeichneten mehrtausendk\u00f6pfigen Bundesdienststelle wurde er zu einer &hellip; <a href=\"https:\/\/www.schiebener.net\/wordpress\/gelesen-yes-we-gauck\/\" class=\"more-link\"><span class=\"screen-reader-text\">\u201eGelesen: Yes, we Gauck!?\u201c <\/span>weiterlesen<\/a><\/p>\n","protected":false},"author":3,"featured_media":0,"comment_status":"open","ping_status":"open","sticky":false,"template":"","format":"standard","meta":{"footnotes":""},"categories":[24],"tags":[1625],"class_list":["post-8334","post","type-post","status-publish","format-standard","hentry","category-politik","tag-gauck"],"_links":{"self":[{"href":"https:\/\/www.schiebener.net\/wordpress\/wp-json\/wp\/v2\/posts\/8334","targetHints":{"allow":["GET"]}}],"collection":[{"href":"https:\/\/www.schiebener.net\/wordpress\/wp-json\/wp\/v2\/posts"}],"about":[{"href":"https:\/\/www.schiebener.net\/wordpress\/wp-json\/wp\/v2\/types\/post"}],"author":[{"embeddable":true,"href":"https:\/\/www.schiebener.net\/wordpress\/wp-json\/wp\/v2\/users\/3"}],"replies":[{"embeddable":true,"href":"https:\/\/www.schiebener.net\/wordpress\/wp-json\/wp\/v2\/comments?post=8334"}],"version-history":[{"count":0,"href":"https:\/\/www.schiebener.net\/wordpress\/wp-json\/wp\/v2\/posts\/8334\/revisions"}],"wp:attachment":[{"href":"https:\/\/www.schiebener.net\/wordpress\/wp-json\/wp\/v2\/media?parent=8334"}],"wp:term":[{"taxonomy":"category","embeddable":true,"href":"https:\/\/www.schiebener.net\/wordpress\/wp-json\/wp\/v2\/categories?post=8334"},{"taxonomy":"post_tag","embeddable":true,"href":"https:\/\/www.schiebener.net\/wordpress\/wp-json\/wp\/v2\/tags?post=8334"}],"curies":[{"name":"wp","href":"https:\/\/api.w.org\/{rel}","templated":true}]}}