{"id":8287,"date":"2010-06-25T22:31:32","date_gmt":"2010-06-25T20:31:32","guid":{"rendered":"http:\/\/www.schiebener.net\/wordpress\/?p=8287"},"modified":"2010-06-26T09:48:14","modified_gmt":"2010-06-26T07:48:14","slug":"umleitung-wulff-kungelt-landervergleich-bildung-vorsicht-bei-quellenauswahl-dortmund-schnappt-rechten-szenetreff-weg-und-mehr","status":"publish","type":"post","link":"https:\/\/www.schiebener.net\/wordpress\/umleitung-wulff-kungelt-landervergleich-bildung-vorsicht-bei-quellenauswahl-dortmund-schnappt-rechten-szenetreff-weg-und-mehr\/","title":{"rendered":"Umleitung: Wulff kungelt, L\u00e4ndervergleich Bildung, Vorsicht bei Quellenauswahl, Dortmund schnappt Rechten Szenetreff weg, breitband und mehr &#8230;"},"content":{"rendered":"<figure id=\"attachment_8288\" aria-describedby=\"caption-attachment-8288\" style=\"width: 207px\" class=\"wp-caption alignleft\"><img loading=\"lazy\" decoding=\"async\" class=\"size-full wp-image-8288\" title=\"Der Themenweg Siedlinghausen-Brunskappel\" src=\"http:\/\/www.schiebener.net\/wordpress\/wp-content\/uploads\/2010\/06\/themenweg.png\" alt=\"Der Themenweg Siedlinghausen-Brunskappel (foto: zoom)\" width=\"207\" height=\"155\" srcset=\"https:\/\/www.schiebener.net\/wordpress\/wp-content\/uploads\/2010\/06\/themenweg.png 360w, https:\/\/www.schiebener.net\/wordpress\/wp-content\/uploads\/2010\/06\/themenweg-300x225.png 300w\" sizes=\"auto, (max-width: 207px) 85vw, 207px\" \/><figcaption id=\"caption-attachment-8288\" class=\"wp-caption-text\">Der Themenweg Siedlinghausen-Brunskappel (foto: zoom)<\/figcaption><\/figure>\n<p><strong>Christian Wulff I:<\/strong> kungelt mit Evangelikalen. Christian Wulff engagiert sich im theologisch konservativen Spektrum. Wegen seiner Verbindung zu Evangelikalen wird  der Kandidat f\u00fcr die Bundespr\u00e4sidentschaft nun kritisiert &#8230; <a href=\"http:\/\/www.zeit.de\/politik\/2010-06\/erzchristlichhttp:\/\/www.zeit.de\/politik\/2010-06\/erzchristlich\" target=\"_blank\">zeitonline<\/a><\/p>\n<p><strong>Christian Wulff II:<\/strong> vor Verfassungskonflikt? &#8230; <a href=\"http:\/\/www.sprengsatz.de\/?p=3430\" target=\"_blank\">sprengsatz<\/a><\/p>\n<p><strong>Pisa-Nachfolge L\u00e4ndervergleich:<\/strong> Bringt \u00fcberhaupt nichts &#8230; <span id=\"hauptspalte\" class=\"topo_col main_col\">hier werden  Mittelwerte verglichen, die nichts \u00fcber die Leistung der Schulsysteme  aussagen. Rechnet man die Sch\u00fcler mit Migrationshintergrund heraus,  ergibt sich ein anderes Bild: da liegt Hamburg im Bereich Lesen und  Englisch-H\u00f6rverstehen sogar an der Spitze. Um richtig korrekt zu sein,  m\u00fcssten aber noch andere Faktoren wie Armut oder Bildungsgrad der Eltern  in die Statistik einflie\u00dfen. Ansonsten droht ein solches Ranking, nur  nach Bev\u00f6lkerungsgruppen getrennt, die Spaltung der Gesellschaft noch zu  bef\u00f6rdern &#8230;<a href=\"http:\/\/www.taz.de\/1\/archiv\/digitaz\/artikel\/?ressort=me&amp;dig=2010%2F06%2F24%2Fa0109&amp;cHash=268f00e5be\" target=\"_blank\"> taz <\/a><\/span><\/p>\n<p><span class=\"topo_col main_col\"><strong>Nazivorw\u00fcrfe:<\/strong> Independent Ruhr Festival f\u00e4llt aus &#8230; <a href=\"http:\/\/www.ruhrbarone.de\/nazivorwurfe-independent-ruhr-festival-fallt-aus\/\" target=\"_blank\">ruhrbarone<\/a><\/span><\/p>\n<p><span class=\"topo_col main_col\"><strong>Vorsicht!<\/strong> Bei der Quellenauswahl meint &#8230;<a href=\"http:\/\/www.medienmoral-nrw.de\/2010\/04\/wer-schurt-hier-angst\/#comment-31358\" target=\"_blank\"> Hans Plagwitz<\/a><\/span><\/p>\n<p><span class=\"topo_col main_col\"><strong>Dortmund:<\/strong> Stadt schnappt Rechten den Szene-Treff weg &#8230; <a href=\"http:\/\/nrwrex.wordpress.com\/2010\/06\/25\/presseschau-stadt-dortmund-schnappt-rechten-szenetreff-weg\/\" target=\"_blank\">NRWrechtsau\u00dfen<\/a><\/span><\/p>\n<p><span class=\"topo_col main_col\"><strong>R\u00fcttgers:<\/strong> Zukunftssicherung auf Staatskosten? &#8230;<a href=\"http:\/\/www.wir-in-nrw-blog.de\/2010\/06\/wie-sich-ruttgers-und-berger-noch-schnell-auf-staatskosten-ihre-zukunft-sichern\/\" target=\"_blank\"> WirInNRW<\/a><\/span><\/p>\n<p><span class=\"topo_col main_col\"><strong>Update &#8211; heute h\u00f6ren! breitband:<\/strong> Perspektive, Pictoplasma und Poesie des menschlichen Denkens &#8230; <a href=\"http:\/\/breitband.dradio.de\/perspektiven-pictoplasma-und-die-poesie-des-menschlichen-denkens\/\" target=\"_blank\">breitband<\/a><br \/>\n<\/span><\/p>\n","protected":false},"excerpt":{"rendered":"<p>Christian Wulff I: kungelt mit Evangelikalen. Christian Wulff engagiert sich im theologisch konservativen Spektrum. Wegen seiner Verbindung zu Evangelikalen wird der Kandidat f\u00fcr die Bundespr\u00e4sidentschaft nun kritisiert &#8230; zeitonline Christian &hellip; <a href=\"https:\/\/www.schiebener.net\/wordpress\/umleitung-wulff-kungelt-landervergleich-bildung-vorsicht-bei-quellenauswahl-dortmund-schnappt-rechten-szenetreff-weg-und-mehr\/\" class=\"more-link\"><span class=\"screen-reader-text\">\u201eUmleitung: Wulff kungelt, L\u00e4ndervergleich Bildung, Vorsicht bei Quellenauswahl, Dortmund schnappt Rechten Szenetreff weg, breitband und mehr &#8230;\u201c <\/span>weiterlesen<\/a><\/p>\n","protected":false},"author":3,"featured_media":0,"comment_status":"open","ping_status":"open","sticky":false,"template":"","format":"standard","meta":{"footnotes":""},"categories":[3,32,24,379],"tags":[404,386,1679,1460,1483],"class_list":["post-8287","post","type-post","status-publish","format-standard","hentry","category-bildung-und-schule","category-medien","category-politik","category-umleitung","tag-dortmund","tag-iqb","tag-landervergleichstest","tag-rechtsextremismus","tag-wulff"],"_links":{"self":[{"href":"https:\/\/www.schiebener.net\/wordpress\/wp-json\/wp\/v2\/posts\/8287","targetHints":{"allow":["GET"]}}],"collection":[{"href":"https:\/\/www.schiebener.net\/wordpress\/wp-json\/wp\/v2\/posts"}],"about":[{"href":"https:\/\/www.schiebener.net\/wordpress\/wp-json\/wp\/v2\/types\/post"}],"author":[{"embeddable":true,"href":"https:\/\/www.schiebener.net\/wordpress\/wp-json\/wp\/v2\/users\/3"}],"replies":[{"embeddable":true,"href":"https:\/\/www.schiebener.net\/wordpress\/wp-json\/wp\/v2\/comments?post=8287"}],"version-history":[{"count":0,"href":"https:\/\/www.schiebener.net\/wordpress\/wp-json\/wp\/v2\/posts\/8287\/revisions"}],"wp:attachment":[{"href":"https:\/\/www.schiebener.net\/wordpress\/wp-json\/wp\/v2\/media?parent=8287"}],"wp:term":[{"taxonomy":"category","embeddable":true,"href":"https:\/\/www.schiebener.net\/wordpress\/wp-json\/wp\/v2\/categories?post=8287"},{"taxonomy":"post_tag","embeddable":true,"href":"https:\/\/www.schiebener.net\/wordpress\/wp-json\/wp\/v2\/tags?post=8287"}],"curies":[{"name":"wp","href":"https:\/\/api.w.org\/{rel}","templated":true}]}}