{"id":8240,"date":"2010-06-22T22:37:13","date_gmt":"2010-06-22T20:37:13","guid":{"rendered":"http:\/\/www.schiebener.net\/wordpress\/?p=8240"},"modified":"2010-06-22T22:37:13","modified_gmt":"2010-06-22T20:37:13","slug":"umleitung-spd-laizisten-cdu-glaubt-an-kraft-abrissbirne-fur-plasberg-und-will-und-die-macht-des-blogs","status":"publish","type":"post","link":"https:\/\/www.schiebener.net\/wordpress\/umleitung-spd-laizisten-cdu-glaubt-an-kraft-abrissbirne-fur-plasberg-und-will-und-die-macht-des-blogs\/","title":{"rendered":"Umleitung: SPD-Laizisten, CDU glaubt an Kraft, Abrissbirne f\u00fcr Plasberg und Will und die Macht des Blogs."},"content":{"rendered":"<p><img loading=\"lazy\" decoding=\"async\" class=\"alignleft size-medium wp-image-8241\" title=\"Defibrillator (foto:zoom)\" src=\"http:\/\/www.schiebener.net\/wordpress\/wp-content\/uploads\/2010\/06\/defibrillator-300x236.png\" alt=\"Defibrillator (foto:zoom)\" width=\"180\" height=\"142\" srcset=\"https:\/\/www.schiebener.net\/wordpress\/wp-content\/uploads\/2010\/06\/defibrillator-300x236.png 300w, https:\/\/www.schiebener.net\/wordpress\/wp-content\/uploads\/2010\/06\/defibrillator.png 320w\" sizes=\"auto, (max-width: 180px) 85vw, 180px\" \/><strong>SPD und Religion &#8211; Laizisten:<\/strong> Innerhalb der Parteien gibt es mittlerweile mehrere Gruppen christlicher Parlamentarier und Parteimitglieder, auch innerhalb der SPD, die \u00e2\u20ac\u017eChristen in der SPD\u00e2\u20ac\u0153. Das konfessionsfreie Drittel der Bev\u00f6lkerung in Deutschland fand bisher keine direkte Vertretung im politischen Raum. Das soll sich jetzt, zumindest in der SPD, \u00e4ndern.<\/p>\n<p>Die Notwendigkeit einer derartigen Gruppe ist angesichts der aktuellen Dominanz von bekennenden Christen in der Regierung und den Parteien offensichtlich. Nicht nur der bisherige Bundespr\u00e4sident (und vermutlich ebenso der k\u00fcnftige), auch der amtierende Bundestagspr\u00e4sident und die Bundeskanzlerin vertreten offensiv christlich-kirchliche Positionen. In der SPD ist nicht nur die Generalsekret\u00e4rin Nahles eine bekennende und aktive Katholikin, auch der Fraktionsvorsitzende im Bundestag, Steinmeier, ist \u00f6ffentlich in der Verteidigung kirchlicher Positionen (\u00e2\u20ac\u017ePro Reli\u00e2\u20ac\u0153, \u00e2\u20ac\u017eRadio Paradiso\u00e2\u20ac\u0153) hervorgetreten. Von der Positionierung der beiden ehemaligen Spitzen der Linkspartei, Gysi und Lafontaine, die sich in der Betonung der Notwendigkeit und Ausschlie\u00dflichkeit der christlichen Werte gegenseitig zu \u00fcberbieten schienen, ganz abgesehen &#8230; <a href=\"http:\/\/hpd.de\/node\/9773\" target=\"_blank\">hpd<\/a><\/p>\n<p><strong>CDU glaubt an Kraft:<\/strong> Selbst ihr gr\u00f6\u00dfter Konkurrent glaubt an eine SPD-Ministerpr\u00e4sidentin Hannelore Kraft: Auch der zuk\u00fcnftige CDU-Fraktionschef wird Kraft Mitte Juli bei der Wahl zur Ministerpr\u00e4sidentin nicht herausfordern. \u00e2\u20ac\u017eWir gehen davon aus, dass Kraft gew\u00e4hlt wird\u00e2\u20ac\u0153, sagt ein CDU-Sprecher. Deshalb werde der voraussichtlich am 6. Juli gew\u00e4hlte neue Fraktionsf\u00fchrer sich im Landtag nicht der Spitzengenossin entgegen stellen. Schlie\u00dflich w\u00e4re die Blamage ein schlechter Start &#8230; <a href=\"http:\/\/www.ruhrbarone.de\/cdu-glaubt-an-kraft-wahl\/\" target=\"_blank\">ruhrbarone<\/a><\/p>\n<p><strong>Plasberg und Will &#8211; die Abrissbirne von der ARD:<\/strong> Man mag von Talkshows im allgemeinen und von Anne Will und Frank Plasberg im speziellen halten, was man will, aber sie sind Markenzeichen der ARD-Information. Und sie sind erfolgreich, die Quoten sind gut bis sehr gut. Dennoch werden sie jetzt behandelt wie Auss\u00e4tzige und das nur, weil die ARD fast betrunken vor Gl\u00fcck \u00fcber die Verpflichtung G\u00fcnther Jauchs als neuem sonnt\u00e4glichen Talkmaster ist &#8230; <a href=\"http:\/\/www.sprengsatz.de\/?p=3429\" target=\"_blank\">sprengsatz<\/a><\/p>\n<p><strong>Lokalpolitik &#8211; die Macht des Blogs:<\/strong> Kaum waren meine Anmerkungen zu dem Titel \u00e2\u20ac\u0153LEADER-Modelldorf\u00e2\u20ac\u009d hier f\u00fcr unseren Weiler 48 Stunden alt, da wurde auch schon die von der Polit-Elite so gew\u00fcnschte Stille f\u00fcr unseren Weiler durchbrochen. Auf drei Webseiten gleichzeitig konnte von da an der nimmerm\u00fcde Leser den fast gleichen Text lesen: &#8230; <a href=\"http:\/\/www.wiemeringhausen-blog.com\/wordpress\/?p=365\" target=\"_blank\">wiemeringhauser<\/a><\/p>\n","protected":false},"excerpt":{"rendered":"<p>SPD und Religion &#8211; Laizisten: Innerhalb der Parteien gibt es mittlerweile mehrere Gruppen christlicher Parlamentarier und Parteimitglieder, auch innerhalb der SPD, die \u00e2\u20ac\u017eChristen in der SPD\u00e2\u20ac\u0153. Das konfessionsfreie Drittel der &hellip; <a href=\"https:\/\/www.schiebener.net\/wordpress\/umleitung-spd-laizisten-cdu-glaubt-an-kraft-abrissbirne-fur-plasberg-und-will-und-die-macht-des-blogs\/\" class=\"more-link\"><span class=\"screen-reader-text\">\u201eUmleitung: SPD-Laizisten, CDU glaubt an Kraft, Abrissbirne f\u00fcr Plasberg und Will und die Macht des Blogs.\u201c <\/span>weiterlesen<\/a><\/p>\n","protected":false},"author":3,"featured_media":0,"comment_status":"open","ping_status":"open","sticky":false,"template":"","format":"standard","meta":{"footnotes":""},"categories":[80,32,24,49,379],"tags":[1279,409,606,1669,1670,13],"class_list":["post-8240","post","type-post","status-publish","format-standard","hentry","category-lokales","category-medien","category-politik","category-religion","category-umleitung","tag-anne-will","tag-cdu","tag-hannelore-kraft","tag-laizismus","tag-plasberg","tag-spd"],"_links":{"self":[{"href":"https:\/\/www.schiebener.net\/wordpress\/wp-json\/wp\/v2\/posts\/8240","targetHints":{"allow":["GET"]}}],"collection":[{"href":"https:\/\/www.schiebener.net\/wordpress\/wp-json\/wp\/v2\/posts"}],"about":[{"href":"https:\/\/www.schiebener.net\/wordpress\/wp-json\/wp\/v2\/types\/post"}],"author":[{"embeddable":true,"href":"https:\/\/www.schiebener.net\/wordpress\/wp-json\/wp\/v2\/users\/3"}],"replies":[{"embeddable":true,"href":"https:\/\/www.schiebener.net\/wordpress\/wp-json\/wp\/v2\/comments?post=8240"}],"version-history":[{"count":0,"href":"https:\/\/www.schiebener.net\/wordpress\/wp-json\/wp\/v2\/posts\/8240\/revisions"}],"wp:attachment":[{"href":"https:\/\/www.schiebener.net\/wordpress\/wp-json\/wp\/v2\/media?parent=8240"}],"wp:term":[{"taxonomy":"category","embeddable":true,"href":"https:\/\/www.schiebener.net\/wordpress\/wp-json\/wp\/v2\/categories?post=8240"},{"taxonomy":"post_tag","embeddable":true,"href":"https:\/\/www.schiebener.net\/wordpress\/wp-json\/wp\/v2\/tags?post=8240"}],"curies":[{"name":"wp","href":"https:\/\/api.w.org\/{rel}","templated":true}]}}