{"id":8134,"date":"2010-06-12T15:54:04","date_gmt":"2010-06-12T13:54:04","guid":{"rendered":"http:\/\/www.schiebener.net\/wordpress\/?p=8134"},"modified":"2010-06-12T15:54:04","modified_gmt":"2010-06-12T13:54:04","slug":"meschede-noch-ein-abgang-bei-wahlerbundnis-mbz","status":"publish","type":"post","link":"https:\/\/www.schiebener.net\/wordpress\/meschede-noch-ein-abgang-bei-wahlerbundnis-mbz\/","title":{"rendered":"Meschede: Noch ein Abgang bei W\u00e4hlerb\u00fcndnis MbZ"},"content":{"rendered":"<p><em>Der nachfolgende Text ist ein l\u00e4ngeres Zitat aus einem Beitrag auf der Website NRW rechtsau\u00dfen. Den kompletten Beitrag sollte man <a href=\"http:\/\/nrwrex.wordpress.com\/2010\/06\/12\/hsk-noch-ein-abgang-bei-mescheder-wahlerbundnis\/\" target=\"_blank\">hier im Original lesen<\/a>.<\/em><\/p>\n<p><strong>Meschede \u00e2\u20ac\u201c Das \u00e2\u20ac\u017eW\u00e4hlerb\u00fcndnis ,Meschede braucht Zukunft\u00e2\u20ac\u2122\u00e2\u20ac\u0153 (MBZ), das wegen eines Beitrags seines bisherigen Fraktionsvorsitzenden Alexander von Draake in der extrem rechten \u00e2\u20ac\u017eNational-Zeitung\u00e2\u20ac\u0153 in die Diskussion geraten war, will nach dessen Austritt und Mandatsverzicht einen weiteren von der MBZ benannten Vertreter mit Rechtsau\u00dfen-Tendenzen in st\u00e4dtischen Gremien austauschen.<\/strong><\/p>\n<p>Auf der Homepage von MBZ fehlt seit gestern der Hinweis auf den Kommunalwahlkandidaten Klaus Rudolph. Er war zwar im vorigen August nicht in den Mescheder Rat eingezogen, vertritt die MBZ aber in zwei Arbeitskreisen der Stadt. Dort soll Rudolph, der nach Angaben der MBZ nie Mitglied des W\u00e4hlerb\u00fcndnisses war, nun abgezogen werden. \u00e2\u20ac\u017eWir wollen komplett reinen Tisch machen\u00e2\u20ac\u0153, sagte die MBZ-Vorsitzende Andrea Liapis auf Anfrage.<\/p>\n<p>Rudolph war im Sommer 2008 f\u00fcr die extrem rechte \u00e2\u20ac\u017eB\u00fcrgerbewegung pro NRW\u00e2\u20ac\u0153 aktiv. Vom damaligen \u00e2\u20ac\u017epro NRW\u00e2\u20ac\u0153-Bezirksbeauftragten f\u00fcr das Sauerland, Uwe Berger, wurde er am 12. Juli 2008 als der \u00e2\u20ac\u017evon mir hoch gesch\u00e4tzte Kreisbeauftragte f\u00fcr den Raum Meschede\u00e2\u20ac\u0153 vorgestellt. Am Tag darauf hatte Berger unter der \u00dcberschrift \u00e2\u20ac\u017eAufbruchstimmung im Sauerland\u00e2\u20ac\u0153 get\u00f6nt, \u00e2\u20ac\u017emit initialen Aktionen und der Einbindung eines neuen Kreisbeauftragten f\u00fcr den Raum Meschede\u00e2\u20ac\u0153 beginne nun \u00e2\u20ac\u017eauch im Sauerland eine Aufbruchstimmung mit dem Ziel politischer Ver\u00e4nderungen\u00e2\u20ac\u0153. Man werde von Rudolphs Wohnort aus \u00e2\u20ac\u017eein Netzwerk aus Kreisverb\u00e4nden, Gespr\u00e4chskreisen, Arbeitsgruppen, der Wirtschaft sowie mit den B\u00fcrgerinnen und B\u00fcrgern aufbauen und f\u00fcr Aufbruchstimmung sorgen\u00e2\u20ac\u0153.<\/p>\n<p><a href=\"http:\/\/nrwrex.wordpress.com\/2010\/06\/12\/hsk-noch-ein-abgang-bei-mescheder-wahlerbundnis\/\" target=\"_blank\">Alles lesen<\/a><\/p>\n","protected":false},"excerpt":{"rendered":"<p>Der nachfolgende Text ist ein l\u00e4ngeres Zitat aus einem Beitrag auf der Website NRW rechtsau\u00dfen. Den kompletten Beitrag sollte man hier im Original lesen. Meschede \u00e2\u20ac\u201c Das \u00e2\u20ac\u017eW\u00e4hlerb\u00fcndnis ,Meschede braucht &hellip; <a href=\"https:\/\/www.schiebener.net\/wordpress\/meschede-noch-ein-abgang-bei-wahlerbundnis-mbz\/\" class=\"more-link\"><span class=\"screen-reader-text\">\u201eMeschede: Noch ein Abgang bei W\u00e4hlerb\u00fcndnis MbZ\u201c <\/span>weiterlesen<\/a><\/p>\n","protected":false},"author":3,"featured_media":0,"comment_status":"open","ping_status":"open","sticky":false,"template":"","format":"standard","meta":{"footnotes":""},"categories":[80,24],"tags":[1650,1523,456,1651],"class_list":["post-8134","post","type-post","status-publish","format-standard","hentry","category-lokales","category-politik","tag-klaus-rudolph","tag-mbz","tag-pro-nrw","tag-uwe-berger"],"_links":{"self":[{"href":"https:\/\/www.schiebener.net\/wordpress\/wp-json\/wp\/v2\/posts\/8134","targetHints":{"allow":["GET"]}}],"collection":[{"href":"https:\/\/www.schiebener.net\/wordpress\/wp-json\/wp\/v2\/posts"}],"about":[{"href":"https:\/\/www.schiebener.net\/wordpress\/wp-json\/wp\/v2\/types\/post"}],"author":[{"embeddable":true,"href":"https:\/\/www.schiebener.net\/wordpress\/wp-json\/wp\/v2\/users\/3"}],"replies":[{"embeddable":true,"href":"https:\/\/www.schiebener.net\/wordpress\/wp-json\/wp\/v2\/comments?post=8134"}],"version-history":[{"count":0,"href":"https:\/\/www.schiebener.net\/wordpress\/wp-json\/wp\/v2\/posts\/8134\/revisions"}],"wp:attachment":[{"href":"https:\/\/www.schiebener.net\/wordpress\/wp-json\/wp\/v2\/media?parent=8134"}],"wp:term":[{"taxonomy":"category","embeddable":true,"href":"https:\/\/www.schiebener.net\/wordpress\/wp-json\/wp\/v2\/categories?post=8134"},{"taxonomy":"post_tag","embeddable":true,"href":"https:\/\/www.schiebener.net\/wordpress\/wp-json\/wp\/v2\/tags?post=8134"}],"curies":[{"name":"wp","href":"https:\/\/api.w.org\/{rel}","templated":true}]}}