{"id":8111,"date":"2010-06-10T21:56:59","date_gmt":"2010-06-10T19:56:59","guid":{"rendered":"http:\/\/www.schiebener.net\/wordpress\/?p=8111"},"modified":"2010-06-10T22:17:25","modified_gmt":"2010-06-10T20:17:25","slug":"update-von-daake-verlasst-mescheder-stadtrat","status":"publish","type":"post","link":"https:\/\/www.schiebener.net\/wordpress\/update-von-daake-verlasst-mescheder-stadtrat\/","title":{"rendered":"Update: Von Daake verl\u00e4sst Mescheder Stadtrat"},"content":{"rendered":"<p><strong>&#8222;<a href=\"http:\/\/nrwrex.wordpress.com\/\" target=\"_blank\">NRW rechtsau\u00dfen<\/a>&#8220; berichtet heute:<\/strong><\/p>\n<p><strong>Meschede \u00e2\u20ac\u201c Alexander von Daake, bisher Fraktionsvorsitzender  des W\u00e4hlerb\u00fcndnisses \u00e2\u20ac\u017eMeschede braucht Zukunft\u00e2\u20ac\u0153 (MBZ) im Stadtrat von  Meschede (Hochsauerlandkreis), gibt sein Mandat auf. Au\u00dferdem trete er  aus dem W\u00e4hlerb\u00fcndnis aus, teilte die MBZ-Vorsitzende Andrea Liapis nach  einer Mitgliederversammlung mit, die am Mittwochabend stattfand.<\/strong><\/p>\n<p>Von Daake war in die Kritik geraten, weil er einen Beitrag in dem  Wochenblatt \u00e2\u20ac\u017eNational-Zeitung\u00e2\u20ac\u0153 des fr\u00fcheren DVU-Vorsitzenden Gerhard  Frey ver\u00f6ffentlicht hatte (<a href=\"http:\/\/nrwrex.wordpress.com\/2010\/06\/08\/hsk-fraktionsvorsitzender-schreibt-in-der-%e2%80%9enational-zeitung%e2%80%9c\/\" target=\"_blank\">http:\/\/nrwrex.wordpress.com\/2010\/06\/08\/hsk-fraktionsvorsitzender-schreibt-in-der-%e2%80%9enational-zeitung%e2%80%9c\/<\/a>).  An dem Umfeld, in dem sein Text erschien, hatte er sich nicht gest\u00f6rt,  statt dessen sogar von einem h\u00f6heren Informationsgehalt der extrem  rechten Wochenzeitung, verglichen etwa mit S\u00fcddeutscher, Zeitung, FAZ,  WAZ oder Welt, gesprochen. Im WAZ-Internetportal \u00e2\u20ac\u017ederwesten.de\u00e2\u20ac\u0153 wird von  Daake zudem mit den Worten zitiert: \u00e2\u20ac\u017eIch meine nicht, dass die Zeitung  rechtsextrem ist, sondern sich f\u00fcr deutsche Interessen einsetzt, also  Deutsch-Nationales in den Vordergrund stellt.\u00e2\u20ac\u0153 (<a href=\"http:\/\/www.derwesten.de\/staedte\/meschede\/Gastbeitrag-im-braunen-Blatt-id3087787.html\" target=\"_blank\">http:\/\/www.derwesten.de\/staedte\/meschede\/Gastbeitrag-im-braunen-Blatt-id3087787.html<\/a> )<\/p>\n<p><a href=\"http:\/\/nrwrex.wordpress.com\/2010\/06\/10\/hsk-von-daake-verlasst-stadtrat\/\" target=\"_blank\">Alles lesen<\/a><\/p>\n<p>Die <a href=\"http:\/\/www.meschedebrauchtzukunft.de\/news_single\/items\/erkl%C3%A4rung.html\" target=\"_blank\">Erkl\u00e4rung der MbZ von heute<\/a>:<\/p>\n<blockquote><p><strong>Erkl\u00e4rung <\/strong><\/p>\n<p>Im Verlauf einer Klausursitzung am gestrigen Abend hat Alexander von  Daake den Entschluss gefasst, sich seiner politischen Verantwortung zu  stellen. Um weiteren Schaden vom W\u00e4hlerb\u00fcndnis \u00e2\u20ac\u017eMeschede braucht Zukunft  e.V.&#8220; abzuwenden, gibt er sein Ratsmandat zur\u00fcck. Gleichzeitig ist er  damit nicht mehr Fraktionsvorsitzender sowie nicht mehr Mitglied der  MbZ.<\/p>\n<p>Unser W\u00e4hlerb\u00fcndnis hat nach langen, intensiven Diskussionen  beschlossen weiter zu arbeiten. Diese Entscheidung haben wir uns nicht  leicht gemacht. Durch unsere W\u00e4hler und W\u00e4hlerinnen wurde uns ein  Auftrag erteilt, Verantwortung \u00fcbertragen. Davor laufen wir nicht weg,  auch wenn wir jetzt wieder ganz von vorne beginnen m\u00fcssen.<\/p>\n<p>Wir stellen nochmals klar, wir sind ein W\u00e4hlerb\u00fcndnis und stehen f\u00fcr  keine Linie aus der gro\u00dfen Politik, egal welcher Richtung. <strong>Ganz  bestimmt nicht f\u00fcr die Richtung die uns derzeit unterschwellig  untergeschoben werden soll<\/strong>! Die Zeiten der \u00e2\u20ac\u017eSippenhaft&#8220; sind  nach unserem Wissensstand vorbei.<\/p>\n<p>Die MbZ ist nach wie vor ein relativ unbekanntes Blatt. In  Wahlkampfzeiten hat man versucht uns einen roten Stempel aufzudr\u00fccken &#8211;  dies ist misslungen! Jetzt versucht man den politisch t\u00f6dlichen Fehler  einer Einzelperson auszuschlachten und allen Mitgliedern den braunen  Stempel aufzudr\u00fccken &#8211; dem werden wir uns mit aller Kraft widersetzen.  Die gegen uns eingel\u00e4utete Kampagne wird ihr Ziel nicht erreichen.<\/p>\n<p>Wir arbeiten ausschlie\u00dflich f\u00fcr die B\u00fcrger und B\u00fcrgerinnen der Stadt  Meschede und damit f\u00fcr die Interessen unserer Stadt Meschede, denn auch  wir sind hier zu Hause!<\/p><\/blockquote>\n<p>Auff\u00e4llig ist, dass in dieser Erkl\u00e4rung keine inhaltliche Distanzierung erfolgt, sondern lediglich formal argumentiert wird. In einer Wendung kommt die MbZ der Wahrheit recht nahe:<\/p>\n<p>von Daakes Anbiederung an und die Ver\u00f6ffentlichung in der &#8222;National-Zeitung&#8220; k\u00f6nnte <em><strong>ein t\u00f6dlicher Fehler<\/strong><\/em> sein &#8211; f\u00fcr die MbZ .<\/p>\n","protected":false},"excerpt":{"rendered":"<p>&#8222;NRW rechtsau\u00dfen&#8220; berichtet heute: Meschede \u00e2\u20ac\u201c Alexander von Daake, bisher Fraktionsvorsitzender des W\u00e4hlerb\u00fcndnisses \u00e2\u20ac\u017eMeschede braucht Zukunft\u00e2\u20ac\u0153 (MBZ) im Stadtrat von Meschede (Hochsauerlandkreis), gibt sein Mandat auf. Au\u00dferdem trete er aus &hellip; <a href=\"https:\/\/www.schiebener.net\/wordpress\/update-von-daake-verlasst-mescheder-stadtrat\/\" class=\"more-link\"><span class=\"screen-reader-text\">\u201eUpdate: Von Daake verl\u00e4sst Mescheder Stadtrat\u201c <\/span>weiterlesen<\/a><\/p>\n","protected":false},"author":3,"featured_media":0,"comment_status":"open","ping_status":"open","sticky":false,"template":"","format":"standard","meta":{"footnotes":""},"categories":[303,80,24,379],"tags":[1638,1523,264],"class_list":["post-8111","post","type-post","status-publish","format-standard","hentry","category-in-unserem-briefkasten","category-lokales","category-politik","category-umleitung","tag-alexander-von-daake","tag-mbz","tag-meschede"],"_links":{"self":[{"href":"https:\/\/www.schiebener.net\/wordpress\/wp-json\/wp\/v2\/posts\/8111","targetHints":{"allow":["GET"]}}],"collection":[{"href":"https:\/\/www.schiebener.net\/wordpress\/wp-json\/wp\/v2\/posts"}],"about":[{"href":"https:\/\/www.schiebener.net\/wordpress\/wp-json\/wp\/v2\/types\/post"}],"author":[{"embeddable":true,"href":"https:\/\/www.schiebener.net\/wordpress\/wp-json\/wp\/v2\/users\/3"}],"replies":[{"embeddable":true,"href":"https:\/\/www.schiebener.net\/wordpress\/wp-json\/wp\/v2\/comments?post=8111"}],"version-history":[{"count":0,"href":"https:\/\/www.schiebener.net\/wordpress\/wp-json\/wp\/v2\/posts\/8111\/revisions"}],"wp:attachment":[{"href":"https:\/\/www.schiebener.net\/wordpress\/wp-json\/wp\/v2\/media?parent=8111"}],"wp:term":[{"taxonomy":"category","embeddable":true,"href":"https:\/\/www.schiebener.net\/wordpress\/wp-json\/wp\/v2\/categories?post=8111"},{"taxonomy":"post_tag","embeddable":true,"href":"https:\/\/www.schiebener.net\/wordpress\/wp-json\/wp\/v2\/tags?post=8111"}],"curies":[{"name":"wp","href":"https:\/\/api.w.org\/{rel}","templated":true}]}}