{"id":8039,"date":"2010-06-05T19:35:55","date_gmt":"2010-06-05T17:35:55","guid":{"rendered":"http:\/\/www.schiebener.net\/wordpress\/?p=8039"},"modified":"2010-06-05T22:46:35","modified_gmt":"2010-06-05T20:46:35","slug":"waz-niederhein-druckfehlerteufel-prister-lanttagsabgeordnete-und-erneute-thema-im-senftopfchen","status":"publish","type":"post","link":"https:\/\/www.schiebener.net\/wordpress\/waz-niederhein-druckfehlerteufel-prister-lanttagsabgeordnete-und-erneute-thema-im-senftopfchen\/","title":{"rendered":"WAZ-Niederrhein: Druckfehlerteufel. Pr&#8220;i&#8220;ster. Lan&#8220;t&#8220;tagsabgeordnete und erneut&#8220;e&#8220; Thema im Senft\u00f6pfchen."},"content":{"rendered":"<figure id=\"attachment_8040\" aria-describedby=\"caption-attachment-8040\" style=\"width: 480px\" class=\"wp-caption aligncenter\"><img loading=\"lazy\" decoding=\"async\" class=\"size-full wp-image-8040\" title=\"Von Lan&quot;t&quot;tagsabgeordneter und erneut&quot;e&quot; Thema\" src=\"http:\/\/www.schiebener.net\/wordpress\/wp-content\/uploads\/2010\/06\/wazniederrhein01.png\" alt=\"Lokal-WAZ am Niederrhein: Von Lan&quot;t&quot;tagsabgeordneter und erneut&quot;e&quot; Thema (fotos: zoom)\" width=\"480\" height=\"69\" srcset=\"https:\/\/www.schiebener.net\/wordpress\/wp-content\/uploads\/2010\/06\/wazniederrhein01.png 480w, https:\/\/www.schiebener.net\/wordpress\/wp-content\/uploads\/2010\/06\/wazniederrhein01-300x43.png 300w\" sizes=\"auto, (max-width: 480px) 85vw, 480px\" \/><figcaption id=\"caption-attachment-8040\" class=\"wp-caption-text\">Lokal-WAZ am Niederrhein: Von Lan&quot;t&quot;tagsabgeordneter und erneut&quot;e&quot; Thema (fotos: zoom)<\/figcaption><\/figure>\n<p>Ich versichere, dass ich nicht extra an den Niederrhein gefahren bin, um die WAZ-Produkte des westlichen Ruhrgebiets der Druckfehler zu \u00fcberf\u00fchren. Als ich allerdings am Freitagmorgen fl\u00fcchtig die Lokalausgabe der dortigen WAZ durchbl\u00e4tterte, sprang mir der Walsumer Land&#8220;t&#8220;tagsabgeordnete S\u00f6ren Link sofort ins Auge und auch das \u00fcberfl\u00fcssige &#8222;e&#8220; in &#8222;erneut&#8220;e&#8220;&#8220; Thema konnte ich nicht wegfiltern.<\/p>\n<figure id=\"attachment_8041\" aria-describedby=\"caption-attachment-8041\" style=\"width: 240px\" class=\"wp-caption alignleft\"><img loading=\"lazy\" decoding=\"async\" class=\"size-full wp-image-8041\" title=\"Zwei Mal falscher Pr&quot;i&quot;ster :-(\" src=\"http:\/\/www.schiebener.net\/wordpress\/wp-content\/uploads\/2010\/06\/wazniederrhein02.png\" alt=\"Zwei Mal falscher Pr&quot;i&quot;ster :-(\" width=\"240\" height=\"180\" \/><figcaption id=\"caption-attachment-8041\" class=\"wp-caption-text\">Zwei Mal falscher Pr&quot;i&quot;ster \ud83d\ude41<\/figcaption><\/figure>\n<p>Das &#8222;e&#8220; hatte sich die Lokalredaktion, wie ich nach kurzer Recherche feststellen konnte, bei einem &#8222;Pr&#8220;i&#8220;ster&#8220; geliehen, und das gleich zweimal.<\/p>\n<p>Ein \u00e4lterer Herr, den ich hier nicht erfinde, erz\u00e4hlte mir, warum er vor Jahr und Tag die NRZ (auch WAZ-Konzern) abbestellt hatte: Zu viele Rechtschreibfehler und Artikel von Journalisten, die sich augenscheinlich &#8222;in der Gegend&#8220; nicht auskannten.<\/p>\n<p>Letzteres kann ich nicht \u00fcberpr\u00fcfen, weil ich mich selbst &#8222;in der Gegend&#8220; nicht mehr auskenne. Aber die WAZ sollte bedenken, dass gro\u00dfe Worte \u00fcber Qualit\u00e4tsjournalismus nichts n\u00fctzen, wenn vor Ort die Rechtschreibung (und die Ortskenntnis?) durcheinander ger\u00e4t.<\/p>\n","protected":false},"excerpt":{"rendered":"<p>Ich versichere, dass ich nicht extra an den Niederrhein gefahren bin, um die WAZ-Produkte des westlichen Ruhrgebiets der Druckfehler zu \u00fcberf\u00fchren. Als ich allerdings am Freitagmorgen fl\u00fcchtig die Lokalausgabe der &hellip; <a href=\"https:\/\/www.schiebener.net\/wordpress\/waz-niederhein-druckfehlerteufel-prister-lanttagsabgeordnete-und-erneute-thema-im-senftopfchen\/\" class=\"more-link\"><span class=\"screen-reader-text\">\u201eWAZ-Niederrhein: Druckfehlerteufel. Pr&#8220;i&#8220;ster. Lan&#8220;t&#8220;tagsabgeordnete und erneut&#8220;e&#8220; Thema im Senft\u00f6pfchen.\u201c <\/span>weiterlesen<\/a><\/p>\n","protected":false},"author":3,"featured_media":0,"comment_status":"open","ping_status":"open","sticky":false,"template":"","format":"standard","meta":{"footnotes":""},"categories":[174,80,32],"tags":[274,202],"class_list":["post-8039","post","type-post","status-publish","format-standard","hentry","category-dit-und-dat","category-lokales","category-medien","tag-lokaljournalismus","tag-waz"],"_links":{"self":[{"href":"https:\/\/www.schiebener.net\/wordpress\/wp-json\/wp\/v2\/posts\/8039","targetHints":{"allow":["GET"]}}],"collection":[{"href":"https:\/\/www.schiebener.net\/wordpress\/wp-json\/wp\/v2\/posts"}],"about":[{"href":"https:\/\/www.schiebener.net\/wordpress\/wp-json\/wp\/v2\/types\/post"}],"author":[{"embeddable":true,"href":"https:\/\/www.schiebener.net\/wordpress\/wp-json\/wp\/v2\/users\/3"}],"replies":[{"embeddable":true,"href":"https:\/\/www.schiebener.net\/wordpress\/wp-json\/wp\/v2\/comments?post=8039"}],"version-history":[{"count":0,"href":"https:\/\/www.schiebener.net\/wordpress\/wp-json\/wp\/v2\/posts\/8039\/revisions"}],"wp:attachment":[{"href":"https:\/\/www.schiebener.net\/wordpress\/wp-json\/wp\/v2\/media?parent=8039"}],"wp:term":[{"taxonomy":"category","embeddable":true,"href":"https:\/\/www.schiebener.net\/wordpress\/wp-json\/wp\/v2\/categories?post=8039"},{"taxonomy":"post_tag","embeddable":true,"href":"https:\/\/www.schiebener.net\/wordpress\/wp-json\/wp\/v2\/tags?post=8039"}],"curies":[{"name":"wp","href":"https:\/\/api.w.org\/{rel}","templated":true}]}}