{"id":8015,"date":"2010-06-01T06:11:41","date_gmt":"2010-06-01T04:11:41","guid":{"rendered":"http:\/\/www.schiebener.net\/wordpress\/?p=8015"},"modified":"2010-06-01T10:25:58","modified_gmt":"2010-06-01T08:25:58","slug":"aus-welchem-grund-verschweigt-die-suddeutsche-zeitung-die-rolle-der-blogs-und-anderer-websites-bei-der-diskussion-um-kohlers-auserungen","status":"publish","type":"post","link":"https:\/\/www.schiebener.net\/wordpress\/aus-welchem-grund-verschweigt-die-suddeutsche-zeitung-die-rolle-der-blogs-und-anderer-websites-bei-der-diskussion-um-kohlers-auserungen\/","title":{"rendered":"Aus welchem Grund verschweigt die S\u00fcddeutsche Zeitung die Rolle der Blogs und anderer Websites bei der Diskussion um K\u00f6hlers \u00c4u\u00dferungen?"},"content":{"rendered":"<h3>Aus welchem Grund verschweigt die S\u00fcddeutsche Zeitung die Rolle der Blogs und anderer Websites bei der Diskussion um K\u00f6hlers \u00c4u\u00dferungen?<\/h3>\n<p>Auf dem Fr\u00fchst\u00fcckstisch liegt die heutige Ausgabe der S\u00fcddeutschen Zeitung. Die erste Seite macht gro\u00df mit &#8222;Horst K\u00f6hler tritt zur\u00fcck&#8220; auf.<\/p>\n<p>In diesem Artikel hei\u00dft es unter anderem \u00fcber die Reaktionen auf das Interview von Horst K\u00f6hler am 21. Mai, welches im Deutschlandfunk und Deutschlandradio in Ausschnitten am 22. Mai gesendet wurde:<\/p>\n<p>&#8222;Das Interview war mehrere Tage unbeachtet geblieben, hatte dann aber heftige Reaktionen ausgel\u00f6st.&#8220;<\/p>\n<p>Wenn die S\u00fcddeutsche Zeitung bei Sinnen ist, muss ihr klar sein, dass dieser Satz nicht stimmt.<\/p>\n<p>Die Diskussionen im Netz, auf den Websites und in den Blogs, gingen fast unmittelbar los. Siehe dazu die<a href=\"http:\/\/carta.info\/28218\/horst-koehler-ein-ruecktritt-unter-blog-mitwirkung\/\" target=\"_blank\"> Chronik hier<\/a> und meinen <a href=\"http:\/\/www.schiebener.net\/wordpress\/?p=7914\" target=\"_blank\">eigenen Beitrag<\/a> einen Tag nach dem Interview.<\/p>\n<p>In einem weiteren Artikel &#8222;Eine verh\u00e4ngnisvolle Aufnahme&#8220; auf Seite 5, der sich ausdr\u00fccklich mit der Rezeption des Interviews besch\u00e4ftigt, werden die neuen Medien ebenfalls verschwiegen. Hier schreibt der Autor Daniel Br\u00f6ssler:<\/p>\n<p>&#8222;Erst nach H\u00f6rerprotesten reagierten Politiker und Medien &#8230;&#8220; und &#8222;Nicht Parteien und Politologen reagierten alarmiert, sondern die H\u00f6rer.&#8220;<\/p>\n<p>Liebe S\u00fcddeutsche Zeitung, ich wei\u00df nicht, ob ich Deine Darstellung schon &#8222;L\u00fcge&#8220; nennen darf, aber es ist eine schwerwiegende Fehlleistung und ich frage mich, ob Du auch bei anderen Themen so vorgehst. Wie lange kann ich Dich noch abonnieren? Kann ich Dir noch glauben oder trauen?<\/p>\n<p>Ich m\u00f6chte morgen am Fr\u00fchst\u00fcckstisch eine Darstellung lesen, die der Wirklichkeit nahe kommt.<\/p>\n","protected":false},"excerpt":{"rendered":"<p>Aus welchem Grund verschweigt die S\u00fcddeutsche Zeitung die Rolle der Blogs und anderer Websites bei der Diskussion um K\u00f6hlers \u00c4u\u00dferungen? Auf dem Fr\u00fchst\u00fcckstisch liegt die heutige Ausgabe der S\u00fcddeutschen Zeitung. &hellip; <a href=\"https:\/\/www.schiebener.net\/wordpress\/aus-welchem-grund-verschweigt-die-suddeutsche-zeitung-die-rolle-der-blogs-und-anderer-websites-bei-der-diskussion-um-kohlers-auserungen\/\" class=\"more-link\"><span class=\"screen-reader-text\">\u201eAus welchem Grund verschweigt die S\u00fcddeutsche Zeitung die Rolle der Blogs und anderer Websites bei der Diskussion um K\u00f6hlers \u00c4u\u00dferungen?\u201c <\/span>weiterlesen<\/a><\/p>\n","protected":false},"author":3,"featured_media":0,"comment_status":"open","ping_status":"open","sticky":false,"template":"","format":"standard","meta":{"footnotes":""},"categories":[32,24],"tags":[980,200],"class_list":["post-8015","post","type-post","status-publish","format-standard","hentry","category-medien","category-politik","tag-horst-kohler","tag-suddeutsche-zeitung"],"_links":{"self":[{"href":"https:\/\/www.schiebener.net\/wordpress\/wp-json\/wp\/v2\/posts\/8015","targetHints":{"allow":["GET"]}}],"collection":[{"href":"https:\/\/www.schiebener.net\/wordpress\/wp-json\/wp\/v2\/posts"}],"about":[{"href":"https:\/\/www.schiebener.net\/wordpress\/wp-json\/wp\/v2\/types\/post"}],"author":[{"embeddable":true,"href":"https:\/\/www.schiebener.net\/wordpress\/wp-json\/wp\/v2\/users\/3"}],"replies":[{"embeddable":true,"href":"https:\/\/www.schiebener.net\/wordpress\/wp-json\/wp\/v2\/comments?post=8015"}],"version-history":[{"count":0,"href":"https:\/\/www.schiebener.net\/wordpress\/wp-json\/wp\/v2\/posts\/8015\/revisions"}],"wp:attachment":[{"href":"https:\/\/www.schiebener.net\/wordpress\/wp-json\/wp\/v2\/media?parent=8015"}],"wp:term":[{"taxonomy":"category","embeddable":true,"href":"https:\/\/www.schiebener.net\/wordpress\/wp-json\/wp\/v2\/categories?post=8015"},{"taxonomy":"post_tag","embeddable":true,"href":"https:\/\/www.schiebener.net\/wordpress\/wp-json\/wp\/v2\/tags?post=8015"}],"curies":[{"name":"wp","href":"https:\/\/api.w.org\/{rel}","templated":true}]}}