{"id":7949,"date":"2010-05-26T20:53:58","date_gmt":"2010-05-26T18:53:58","guid":{"rendered":"http:\/\/www.schiebener.net\/wordpress\/?p=7949"},"modified":"2010-05-27T08:15:19","modified_gmt":"2010-05-27T06:15:19","slug":"anfrage-von-reinhard-loossbl-an-den-landrat-des-hochsauerlandkreises-zur-schliesung-des-bildungszentrums-sorpesee","status":"publish","type":"post","link":"https:\/\/www.schiebener.net\/wordpress\/anfrage-von-reinhard-loossbl-an-den-landrat-des-hochsauerlandkreises-zur-schliesung-des-bildungszentrums-sorpesee\/","title":{"rendered":"Anfrage von Reinhard Loos(SBL) an den Landrat des Hochsauerlandkreises zur Schlie\u00dfung des Bildungszentrums Sorpesee"},"content":{"rendered":"<p><img loading=\"lazy\" decoding=\"async\" class=\"size-full wp-image-6711 alignright\" title=\"Reinhard Loos, SBL-Kreistagsmitglied\" src=\"http:\/\/www.schiebener.net\/wordpress\/wp-content\/uploads\/2010\/02\/loos.jpg\" alt=\"Reinhard Loos, SBL-Kreistagsmitglied\" width=\"95\" height=\"120\" \/><\/p>\n<p><img loading=\"lazy\" decoding=\"async\" class=\"alignleft size-full wp-image-2182\" title=\"In unserem Briefkasten\" src=\"http:\/\/www.schiebener.net\/wordpress\/wp-content\/uploads\/2009\/02\/lt_briefkasten01.jpg\" alt=\"In unserem Briefkasten\" width=\"120\" height=\"91\" \/>An den Landrat<br \/>\ndes Hochsauerlandkreises<br \/>\nSteinstra\u00dfe 27<br \/>\n59870 Meschede<\/p>\n<p>25. Mai 2010<\/p>\n<p><strong>Anfrage gem\u00e4\u00df \u00a7 11 Abs. 1 der Gesch\u00e4ftsordnung des Kreistags zur Beantwortung in der n\u00e4chsten Sitzung des Kreistages <\/strong><\/p>\n<p><strong>Thema: Schlie\u00dfung des Bildungszentrums Sorpesee <\/strong><\/p>\n<p><em>(Diese Anfrage h\u00e4tte sich er\u00fcbrigt, wenn der Landrat den Kreistag \u00fcber  seine Schlie\u00dfungspl\u00e4ne f\u00fcr das Bildungszentrum Sorpesee vor der Pressever\u00f6ffentlichung  unterrichtet h\u00e4tte.)<br \/>\n<\/em><br \/>\nSehr geehrter Herr Landrat,<\/p>\n<p>Pressemeldungen der Kreisverwaltung von heute hat der Unterzeichner entnommen, dass das Bildungszentrum Sorpesee geschlossen werden soll. \u00dcber diese Absicht des Landrats wurde der Kreistag bisher nicht informiert.<\/p>\n<p>In diesem Zusammenhang stelle ich folgende Fragen:<\/p>\n<p><strong>1. Alternativen und Folgekosten der Schlie\u00dfung <\/strong><\/p>\n<ol type=\"a\">\n<li>Welche Alternativen zur Schlie\u00dfung des Bildungszentrums Sorpesee wurden gepr\u00fcft, und mit welchem Ergebnis?<\/li>\n<li>Wie hat sich die Auslastung des Bildungszentrums Sorpesee seit 2006 entwickelt?<\/li>\n<li>Gibt es bereits Aussichten f\u00fcr die weitere Verwendung des Geb\u00e4udes, wenn Ja, welche?<\/li>\n<li>Mit welchen Kosten f\u00fcr die Schlie\u00dfung und mit welchen Folgekosten f\u00fcr die n\u00e4chsten 5 Jahre (z.B. Unterhaltung des Geb\u00e4udes, Abfindungen f\u00fcr Mitarbeiter) ist zu rechnen?<\/li>\n<\/ol>\n<p><strong>2. Andere Sparma\u00dfnahmen <\/strong><\/p>\n<ol type=\"a\">\n<li>Im Rahmen der Beratung des Kreishaushalts 2010 am 26.02.2010 wurde der Antrag des SBL-Kreistagsmitglieds abgelehnt, ca. 60.000 Euro durch den Verzicht auf 6 Bef\u00f6rderungen in die Besoldungsgruppen des h\u00f6heren Dienstes einzusparen. Statt dessen beschloss der Kreistag eine pauschale Reduzierung der Personalaufwendungen um 300.000 \u00e2\u201a\u00ac, ohne jeden Hinweis, wie und wo dies erfolgen soll. Wie ist der Stand bei der Umsetzung diesesschlusses?<\/li>\n<li>Im Rahmen der Beratung des Kreishaushalts 2010 wurde dem Kreistag angek\u00fcndigt, dass das Geb\u00e4ude Laurentiusstra\u00dfe 1 in Arnsberg verkauft werden soll und daraus 150.000 Euro erl\u00f6st werden sollen. Wie ist der Stand?<\/li>\n<\/ol>\n<p><strong>3. Informationspolitik <\/strong><\/p>\n<ol type=\"a\">\n<li>Teilt der Landrat die Auffassung, dass es sich bei der Schlie\u00dfung des Bildungszentrums Sorpesee um eine &#8222;wichtige Angelegenheit&#8220; handelt?<\/li>\n<li>Falls Nein, warum nicht?<\/li>\n<li>Falls Ja, warum wurde dann nicht der Kreistag gem\u00e4\u00df \u00a7 26 Abs. 2 KrO vor Herausgabe einer Pressemitteilung vom Landrat \u00fcber die beabsichtigte Schlie\u00dfung des Bildungszentrums Sorpesee unterrichtet?<\/li>\n<li>Wie und zu welchem Zeitpunkt gedenkt der Landrat k\u00fcnftig seine Informationspflichten in &#8222;wichtigen Angelegenheiten&#8220; gegen\u00fcber dem Kreistag zu erf\u00fcllen?<\/li>\n<\/ol>\n<p>Mit freundlichen Gr\u00fc\u00dfen<\/p>\n<p>Reinhard Loos<br \/>\nSBL-Kreistagsmitglied<\/p>\n","protected":false},"excerpt":{"rendered":"<p>An den Landrat des Hochsauerlandkreises Steinstra\u00dfe 27 59870 Meschede 25. Mai 2010 Anfrage gem\u00e4\u00df \u00a7 11 Abs. 1 der Gesch\u00e4ftsordnung des Kreistags zur Beantwortung in der n\u00e4chsten Sitzung des Kreistages &hellip; <a href=\"https:\/\/www.schiebener.net\/wordpress\/anfrage-von-reinhard-loossbl-an-den-landrat-des-hochsauerlandkreises-zur-schliesung-des-bildungszentrums-sorpesee\/\" class=\"more-link\"><span class=\"screen-reader-text\">\u201eAnfrage von Reinhard Loos(SBL) an den Landrat des Hochsauerlandkreises zur Schlie\u00dfung des Bildungszentrums Sorpesee\u201c <\/span>weiterlesen<\/a><\/p>\n","protected":false},"author":17,"featured_media":0,"comment_status":"open","ping_status":"open","sticky":false,"template":"","format":"standard","meta":{"footnotes":""},"categories":[303,80,24],"tags":[1593,494,1042,227,294,1585],"class_list":["post-7949","post","type-post","status-publish","format-standard","hentry","category-in-unserem-briefkasten","category-lokales","category-politik","tag-bildungszentrum-sorpesee","tag-kreistag-meschede","tag-reinhard-loos","tag-sauerlander-burgerliste","tag-sbl","tag-sorpesee-gmbh"],"_links":{"self":[{"href":"https:\/\/www.schiebener.net\/wordpress\/wp-json\/wp\/v2\/posts\/7949","targetHints":{"allow":["GET"]}}],"collection":[{"href":"https:\/\/www.schiebener.net\/wordpress\/wp-json\/wp\/v2\/posts"}],"about":[{"href":"https:\/\/www.schiebener.net\/wordpress\/wp-json\/wp\/v2\/types\/post"}],"author":[{"embeddable":true,"href":"https:\/\/www.schiebener.net\/wordpress\/wp-json\/wp\/v2\/users\/17"}],"replies":[{"embeddable":true,"href":"https:\/\/www.schiebener.net\/wordpress\/wp-json\/wp\/v2\/comments?post=7949"}],"version-history":[{"count":0,"href":"https:\/\/www.schiebener.net\/wordpress\/wp-json\/wp\/v2\/posts\/7949\/revisions"}],"wp:attachment":[{"href":"https:\/\/www.schiebener.net\/wordpress\/wp-json\/wp\/v2\/media?parent=7949"}],"wp:term":[{"taxonomy":"category","embeddable":true,"href":"https:\/\/www.schiebener.net\/wordpress\/wp-json\/wp\/v2\/categories?post=7949"},{"taxonomy":"post_tag","embeddable":true,"href":"https:\/\/www.schiebener.net\/wordpress\/wp-json\/wp\/v2\/tags?post=7949"}],"curies":[{"name":"wp","href":"https:\/\/api.w.org\/{rel}","templated":true}]}}