{"id":7933,"date":"2010-05-25T21:13:28","date_gmt":"2010-05-25T19:13:28","guid":{"rendered":"http:\/\/www.schiebener.net\/wordpress\/?p=7933"},"modified":"2010-05-25T21:13:28","modified_gmt":"2010-05-25T19:13:28","slug":"lesetipp-evelyn-roll-spricht-mit-ulrich-wickert-uber-ol-und-mehr","status":"publish","type":"post","link":"https:\/\/www.schiebener.net\/wordpress\/lesetipp-evelyn-roll-spricht-mit-ulrich-wickert-uber-ol-und-mehr\/","title":{"rendered":"Lesetipp: Evelyn Roll spricht mit Ulrich Wickert \u00fcber \u00d6l und mehr &#8230;"},"content":{"rendered":"<figure id=\"attachment_7934\" aria-describedby=\"caption-attachment-7934\" style=\"width: 512px\" class=\"wp-caption aligncenter\"><a href=\"http:\/\/www.schiebener.net\/wordpress\/wp-content\/uploads\/2010\/05\/wickertoel.png\" target=\"_blank\"><img loading=\"lazy\" decoding=\"async\" class=\"size-full wp-image-7934 \" title=\"Ulrich Wickert Interview\" src=\"http:\/\/www.schiebener.net\/wordpress\/wp-content\/uploads\/2010\/05\/wickertoel.png\" alt=\"wickertoel\" width=\"512\" height=\"425\" \/><\/a><figcaption id=\"caption-attachment-7934\" class=\"wp-caption-text\">Ulrich Wickert Interview (abfotografiert von: zoom) <\/figcaption><\/figure>\n<p style=\"text-align: left;\">Nicht schlecht &#8230;<\/p>\n<p style=\"text-align: left;\">Das Interview von Evelyn Roll mit Ulrich Wickert in der Pfingstwochenendausgabe der S\u00fcddeutschen Zeitung ist zwar auch eine Promotion f\u00fcr die Kriminalromane des ehemaligen Tagesthemensprechers Wickert, aber Wickert und Roll schaffen es, die unfassbaren Vorg\u00e4nge im Golf von Mexiko begreifbar zu machen.<\/p>\n<p style=\"text-align: left;\">Aus abstrakten 800.000 Tonnen \u00d6l wird eine 20 Zentimeter dicke \u00d6lschicht, in der Wickert anschaulich und elend eine Kormoran verrecken l\u00e4sst.<\/p>\n<p style=\"text-align: left;\">Der Betroffenheitsjournalismus von Wickert und Roll hat genau hier und heute seine Berechtigung:<\/p>\n<blockquote>\n<p style=\"text-align: left;\"><strong>Ich habe mir einen \u00d6lteppich immer als einen ganz d\u00fcnnen Film vorgestellt.<\/strong><\/p>\n<p style=\"text-align: left;\"><em>Nein! Dieser war zehn bis zwanzig Zentimeter dick. Und dann kommt ein Kormoran geflogen und setzt sich auf diesen \u00d6lteppich, will wieder hochfliegen &#8230; jetzt aber klebt das \u00d6l an ihm und macht ihn schwer. Au\u00dferdem verklebt das Zeug seine Fl\u00fcgel. Er hebt also nur mit gro\u00dfer M\u00fche wieder ab &#8230;\u00a0 (Wickert \u00fcber ein Tankerungl\u00fcck 1978 in der Bretagne)<\/em><\/p>\n<p style=\"text-align: left;\"><strong>Warum wird Ihnen schlecht?<\/strong><\/p>\n<p><em>Wenn ich daran denke, wieviel Geld BP jetzt daf\u00fcr ausgibt, die Welt zu t\u00e4uschen und die Leute zu beruhigen! &#8230; Die PR-Lady von BP latscht jetzt nicht mehr im Zweiteiler im Hauptquartier rum, sondern ist im Overall vor Ort: Wir sind da! Wir k\u00e4mpfen gegen die \u00d6lpest! &#8230; <\/em><\/p><\/blockquote>\n<p style=\"text-align: left;\">Wickert und Roll. Ich wei\u00df nicht, ob die beiden wirklich ein Interview gef\u00fchrt oder einfach eine Kollage erstellt haben. Egal. Das Ding ist gut.<\/p>\n<p style=\"text-align: left;\">Leider habe habe ich das ganzseitige St\u00fcck nicht auf den Internet-Seiten der S\u00fcddeutschen Zeitung gefunden. Auch der <a href=\"http:\/\/www.perlentaucher.de\/feuilletons\/2010-05-22.html\" target=\"_blank\">Perlentaucher erw\u00e4hnt es<\/a> lediglich, bietet aber keinen Link.<\/p>\n<p style=\"text-align: left;\">Schade!<\/p>\n<p style=\"text-align: left;\">Der Print liegt auf meinem Tisch.<\/p>\n<p style=\"text-align: left;\">\n","protected":false},"excerpt":{"rendered":"<p>Nicht schlecht &#8230; Das Interview von Evelyn Roll mit Ulrich Wickert in der Pfingstwochenendausgabe der S\u00fcddeutschen Zeitung ist zwar auch eine Promotion f\u00fcr die Kriminalromane des ehemaligen Tagesthemensprechers Wickert, aber &hellip; <a href=\"https:\/\/www.schiebener.net\/wordpress\/lesetipp-evelyn-roll-spricht-mit-ulrich-wickert-uber-ol-und-mehr\/\" class=\"more-link\"><span class=\"screen-reader-text\">\u201eLesetipp: Evelyn Roll spricht mit Ulrich Wickert \u00fcber \u00d6l und mehr &#8230;\u201c <\/span>weiterlesen<\/a><\/p>\n","protected":false},"author":3,"featured_media":0,"comment_status":"open","ping_status":"open","sticky":false,"template":"","format":"standard","meta":{"footnotes":""},"categories":[32,24,549],"tags":[1591,1592,1590],"class_list":["post-7933","post","type-post","status-publish","format-standard","hentry","category-medien","category-politik","category-umwelt","tag-evelyn-roll","tag-ol","tag-ulrich-wickert"],"_links":{"self":[{"href":"https:\/\/www.schiebener.net\/wordpress\/wp-json\/wp\/v2\/posts\/7933","targetHints":{"allow":["GET"]}}],"collection":[{"href":"https:\/\/www.schiebener.net\/wordpress\/wp-json\/wp\/v2\/posts"}],"about":[{"href":"https:\/\/www.schiebener.net\/wordpress\/wp-json\/wp\/v2\/types\/post"}],"author":[{"embeddable":true,"href":"https:\/\/www.schiebener.net\/wordpress\/wp-json\/wp\/v2\/users\/3"}],"replies":[{"embeddable":true,"href":"https:\/\/www.schiebener.net\/wordpress\/wp-json\/wp\/v2\/comments?post=7933"}],"version-history":[{"count":0,"href":"https:\/\/www.schiebener.net\/wordpress\/wp-json\/wp\/v2\/posts\/7933\/revisions"}],"wp:attachment":[{"href":"https:\/\/www.schiebener.net\/wordpress\/wp-json\/wp\/v2\/media?parent=7933"}],"wp:term":[{"taxonomy":"category","embeddable":true,"href":"https:\/\/www.schiebener.net\/wordpress\/wp-json\/wp\/v2\/categories?post=7933"},{"taxonomy":"post_tag","embeddable":true,"href":"https:\/\/www.schiebener.net\/wordpress\/wp-json\/wp\/v2\/tags?post=7933"}],"curies":[{"name":"wp","href":"https:\/\/api.w.org\/{rel}","templated":true}]}}