{"id":7825,"date":"2010-05-17T19:42:35","date_gmt":"2010-05-17T17:42:35","guid":{"rendered":"http:\/\/www.schiebener.net\/wordpress\/?p=7825"},"modified":"2010-05-17T19:42:35","modified_gmt":"2010-05-17T17:42:35","slug":"gespeichert-der-euro-brennt-eine-analyse-von-michael-schlecht-linke","status":"publish","type":"post","link":"https:\/\/www.schiebener.net\/wordpress\/gespeichert-der-euro-brennt-eine-analyse-von-michael-schlecht-linke\/","title":{"rendered":"Gespeichert: &#8222;Der Euro brennt!&#8220; Eine Analyse von Michael Schlecht, Linke"},"content":{"rendered":"<p><strong><img loading=\"lazy\" decoding=\"async\" class=\"alignleft size-full wp-image-2182\" title=\"In unserem Briefkasten\" src=\"http:\/\/www.schiebener.net\/wordpress\/wp-content\/uploads\/2009\/02\/lt_briefkasten01.jpg\" alt=\"In unserem Briefkasten\" width=\"120\" height=\"91\" \/>Kaum hatte der Deutsche Bundestag am Freitag, dem 7. Mai Kredite f\u00fcr Griechenland bewilligt, nahmen die Spekulanten den Euro ins Visier. Die EU-Regierungschefs wollten am Abend in Br\u00fcssel eigentlich nur das Rettungspaket f\u00fcr Griechenland endg\u00fcltig absegnen. Der EZB-Pr\u00e4sident \u00fcberraschte viele Teilnehmer mit drastischen Worten: \u00e2\u20ac\u017eWenn jetzt nicht gehandelt wird, haben wir am Montag eine systemische Krise.\u00e2\u20ac\u0153 <\/strong><\/p>\n<p>Erinnerungen an den Herbst 2008 und die Pleite von Lehman Brothers wurden wach. Schnell war allen Ministerpr\u00e4sidenten klar: Ein Rettungspaket musste her, bevor Montag fr\u00fch in Asien die B\u00f6rsen \u00f6ffneten.<\/p>\n<p>Das Paket umfasst 750 Milliarden Euro. 60 Milliarden direkte Hilfen der EU und 440 Milliarden Euro Kredithilfen der Mitgliedsstaaten. Zus\u00e4tzlich stellt der IWF weitere 250 Milliarden Euro bereit.<\/p>\n<p>Merkel ist die Getriebene. Unter dem Druck der Spekulanten lie\u00df sie Vorbehalte unter den Tisch fallen, mit denen sie noch vor wenigen Wochen eine rechtzeitige Hilfe f\u00fcr Griechenland verhindert hat.<\/p>\n<p><a href=\"http:\/\/www.michael-schlecht-mdb.de\/wp-content\/uploads\/2009\/10\/2010-05-Michael-Schlecht-Der-Euro-brennt.pdf\" target=\"_blank\">Eine 10-seitige Analyse von Michael Schlecht, Chefvolkswirt der Linken.<\/a><\/p>\n","protected":false},"excerpt":{"rendered":"<p>Kaum hatte der Deutsche Bundestag am Freitag, dem 7. Mai Kredite f\u00fcr Griechenland bewilligt, nahmen die Spekulanten den Euro ins Visier. Die EU-Regierungschefs wollten am Abend in Br\u00fcssel eigentlich nur &hellip; <a href=\"https:\/\/www.schiebener.net\/wordpress\/gespeichert-der-euro-brennt-eine-analyse-von-michael-schlecht-linke\/\" class=\"more-link\"><span class=\"screen-reader-text\">\u201eGespeichert: &#8222;Der Euro brennt!&#8220; Eine Analyse von Michael Schlecht, Linke\u201c <\/span>weiterlesen<\/a><\/p>\n","protected":false},"author":17,"featured_media":0,"comment_status":"open","ping_status":"open","sticky":false,"template":"","format":"standard","meta":{"footnotes":""},"categories":[24,1208],"tags":[1564,1101,1563],"class_list":["post-7825","post","type-post","status-publish","format-standard","hentry","category-politik","category-wirtschaft","tag-euro","tag-griechenland","tag-michael-schlecht"],"_links":{"self":[{"href":"https:\/\/www.schiebener.net\/wordpress\/wp-json\/wp\/v2\/posts\/7825","targetHints":{"allow":["GET"]}}],"collection":[{"href":"https:\/\/www.schiebener.net\/wordpress\/wp-json\/wp\/v2\/posts"}],"about":[{"href":"https:\/\/www.schiebener.net\/wordpress\/wp-json\/wp\/v2\/types\/post"}],"author":[{"embeddable":true,"href":"https:\/\/www.schiebener.net\/wordpress\/wp-json\/wp\/v2\/users\/17"}],"replies":[{"embeddable":true,"href":"https:\/\/www.schiebener.net\/wordpress\/wp-json\/wp\/v2\/comments?post=7825"}],"version-history":[{"count":0,"href":"https:\/\/www.schiebener.net\/wordpress\/wp-json\/wp\/v2\/posts\/7825\/revisions"}],"wp:attachment":[{"href":"https:\/\/www.schiebener.net\/wordpress\/wp-json\/wp\/v2\/media?parent=7825"}],"wp:term":[{"taxonomy":"category","embeddable":true,"href":"https:\/\/www.schiebener.net\/wordpress\/wp-json\/wp\/v2\/categories?post=7825"},{"taxonomy":"post_tag","embeddable":true,"href":"https:\/\/www.schiebener.net\/wordpress\/wp-json\/wp\/v2\/tags?post=7825"}],"curies":[{"name":"wp","href":"https:\/\/api.w.org\/{rel}","templated":true}]}}