{"id":7654,"date":"2010-05-05T22:17:50","date_gmt":"2010-05-05T20:17:50","guid":{"rendered":"http:\/\/www.schiebener.net\/wordpress\/?p=7654"},"modified":"2010-05-05T22:17:50","modified_gmt":"2010-05-05T20:17:50","slug":"statt-einer-umleitung-konnten-die-wochenend-krad-und-motoradfahrer-im-hochsauerland-bitte-etwas-besser-auf-sich-aufpassen","status":"publish","type":"post","link":"https:\/\/www.schiebener.net\/wordpress\/statt-einer-umleitung-konnten-die-wochenend-krad-und-motoradfahrer-im-hochsauerland-bitte-etwas-besser-auf-sich-aufpassen\/","title":{"rendered":"Statt einer Umleitung: K\u00f6nnten die Wochenend-Krad- und Motoradfahrer im Hochsauerland bitte etwas besser auf sich aufpassen?"},"content":{"rendered":"<figure id=\"attachment_7655\" aria-describedby=\"caption-attachment-7655\" style=\"width: 512px\" class=\"wp-caption aligncenter\"><img loading=\"lazy\" decoding=\"async\" class=\"size-full wp-image-7655\" title=\"Unfall am Stimmstamm\" src=\"http:\/\/www.schiebener.net\/wordpress\/wp-content\/uploads\/2010\/05\/stimmstamm02halbgross.png\" alt=\"Unfall am Stimmstamm (foto: polizeihsk)\" width=\"512\" height=\"384\" \/><figcaption id=\"caption-attachment-7655\" class=\"wp-caption-text\">Unfall am Stimmstamm (foto: polizei)<\/figcaption><\/figure>\n<h1 class=\"headline\">Schwerer Verkehrsunfall am Stimm Stamm<\/h1>\n<div class=\"n_teaserbold\">\n<h3>Erschreckende Unfallbilanz: Sieben verletzte Motorradfahrer &#8211; vier ausgebrannte Motorr\u00e4der!<\/h3>\n<\/div>\n<p style=\"text-align: left;\"><strong>Meschede. (polizei) <\/strong>Samstagnanchmittag befuhr ein 23-j\u00e4hriger Kradfahrer aus dem Raum G\u00fctersloh die Landstra\u00dfe 856 aus Richtung Meschede kommend in Richtung Hirschberg. Ausgangs einer langen Rechtskurve kam er nach links von seinem Fahrstreifen ab und geriet in den Gegenverkehr. Hier kam ihm eine Gruppe mit mehreren Kradfahrern entgegen. Der 23-J\u00e4hrige stie\u00df mit dem ersten Kradfahrer zusammen. Beide Kr\u00e4der gingen sofort in Flammen auf. Die weiteren Kradfahrer in der Gruppe kamen zu Fall, ein Krad kam auf der Leitplanke zum Liegen.<\/p>\n<p style=\"text-align: left;\"><img loading=\"lazy\" decoding=\"async\" class=\"alignright size-full wp-image-7657\" title=\"Rettungshubschrauber am Stimm Stamm\" src=\"http:\/\/www.schiebener.net\/wordpress\/wp-content\/uploads\/2010\/05\/stimmstamm01.jpg\" alt=\"Rettungshubschrauber am Stimm Stamm\" width=\"115\" height=\"86\" \/>Insgesamt wurden bei dem Unfall drei Kradfahrer -23, 63 und 62 Jahre alt- so schwer verletzt, dass sie mit Rettungshubschraubern in Krankenh\u00e4user nach Bochum, Dortmund und Siegen geflogen werden mussten. Nach bisherigen Erkenntnissen besteht keine Lebensgefahr. Vier weitere Kradfahrer \u00e2\u20ac\u201c 31, 23, 41 und 54 Jahre alt, wurden in umliegende Krankenh\u00e4user eingeliefert. Vier Kr\u00e4der an der Unfallstelle brannten aus. Drei weitere Kr\u00e4der wurden besch\u00e4digt. Die Kr\u00e4der wurden sichergestellt. W\u00e4hrend der Rettungsarbeiten und der Unfallaufnahme musste die Unfallstelle mehrere Stunden gesperrt werden.<\/p>\n","protected":false},"excerpt":{"rendered":"<p>Schwerer Verkehrsunfall am Stimm Stamm Erschreckende Unfallbilanz: Sieben verletzte Motorradfahrer &#8211; vier ausgebrannte Motorr\u00e4der! Meschede. (polizei) Samstagnanchmittag befuhr ein 23-j\u00e4hriger Kradfahrer aus dem Raum G\u00fctersloh die Landstra\u00dfe 856 aus Richtung &hellip; <a href=\"https:\/\/www.schiebener.net\/wordpress\/statt-einer-umleitung-konnten-die-wochenend-krad-und-motoradfahrer-im-hochsauerland-bitte-etwas-besser-auf-sich-aufpassen\/\" class=\"more-link\"><span class=\"screen-reader-text\">\u201eStatt einer Umleitung: K\u00f6nnten die Wochenend-Krad- und Motoradfahrer im Hochsauerland bitte etwas besser auf sich aufpassen?\u201c <\/span>weiterlesen<\/a><\/p>\n","protected":false},"author":17,"featured_media":0,"comment_status":"open","ping_status":"open","sticky":false,"template":"","format":"standard","meta":{"footnotes":""},"categories":[174,303,379],"tags":[1528,1531,1530],"class_list":["post-7654","post","type-post","status-publish","format-standard","hentry","category-dit-und-dat","category-in-unserem-briefkasten","category-umleitung","tag-motorradfahrer","tag-stimm-stamm","tag-unfall"],"_links":{"self":[{"href":"https:\/\/www.schiebener.net\/wordpress\/wp-json\/wp\/v2\/posts\/7654","targetHints":{"allow":["GET"]}}],"collection":[{"href":"https:\/\/www.schiebener.net\/wordpress\/wp-json\/wp\/v2\/posts"}],"about":[{"href":"https:\/\/www.schiebener.net\/wordpress\/wp-json\/wp\/v2\/types\/post"}],"author":[{"embeddable":true,"href":"https:\/\/www.schiebener.net\/wordpress\/wp-json\/wp\/v2\/users\/17"}],"replies":[{"embeddable":true,"href":"https:\/\/www.schiebener.net\/wordpress\/wp-json\/wp\/v2\/comments?post=7654"}],"version-history":[{"count":0,"href":"https:\/\/www.schiebener.net\/wordpress\/wp-json\/wp\/v2\/posts\/7654\/revisions"}],"wp:attachment":[{"href":"https:\/\/www.schiebener.net\/wordpress\/wp-json\/wp\/v2\/media?parent=7654"}],"wp:term":[{"taxonomy":"category","embeddable":true,"href":"https:\/\/www.schiebener.net\/wordpress\/wp-json\/wp\/v2\/categories?post=7654"},{"taxonomy":"post_tag","embeddable":true,"href":"https:\/\/www.schiebener.net\/wordpress\/wp-json\/wp\/v2\/tags?post=7654"}],"curies":[{"name":"wp","href":"https:\/\/api.w.org\/{rel}","templated":true}]}}