{"id":7603,"date":"2010-05-02T13:03:39","date_gmt":"2010-05-02T11:03:39","guid":{"rendered":"http:\/\/www.schiebener.net\/wordpress\/?p=7603"},"modified":"2010-05-02T22:04:51","modified_gmt":"2010-05-02T20:04:51","slug":"schilderbaum-am-blasius-neuer-themenweg-eingebaut","status":"publish","type":"post","link":"https:\/\/www.schiebener.net\/wordpress\/schilderbaum-am-blasius-neuer-themenweg-eingebaut\/","title":{"rendered":"Schilderbaum am Blasius. Neuer Themenweg eingebaut."},"content":{"rendered":"<figure id=\"attachment_7604\" aria-describedby=\"caption-attachment-7604\" style=\"width: 300px\" class=\"wp-caption alignleft\"><img loading=\"lazy\" decoding=\"async\" class=\"size-medium wp-image-7604\" title=\"Schilderbaum am Blasius\" src=\"http:\/\/www.schiebener.net\/wordpress\/wp-content\/uploads\/2010\/05\/blasiusschilder-300x175.png\" alt=\"Schilderbaum am Blasius (foto: zoom)\" width=\"300\" height=\"175\" srcset=\"https:\/\/www.schiebener.net\/wordpress\/wp-content\/uploads\/2010\/05\/blasiusschilder-300x175.png 300w, https:\/\/www.schiebener.net\/wordpress\/wp-content\/uploads\/2010\/05\/blasiusschilder.png 480w\" sizes=\"auto, (max-width: 300px) 85vw, 300px\" \/><figcaption id=\"caption-attachment-7604\" class=\"wp-caption-text\">Schilderbaum am Blasius (foto: zoom)<\/figcaption><\/figure>\n<p><strong>Wer oberhalb von Siedlinghausen auf der H\u00f6he Richtung Niedersfeld am Blasius steht, kann sich nicht mehr verlaufen. Schilder zeigen in alle m\u00f6glichen Richtungen, die Wanderwege sind mit ausget\u00fcftelten K\u00fcrzeln und Piktogrammen versehen.<\/strong><\/p>\n<p>Neu hinzu gekommen ist der <strong>&#8222;<a href=\"http:\/\/siedlinghausen.eu\/cms\/pages\/posts\/siedlinghausen-und-brunskappel-ruecken-naeher-zusammen.54.php\" target=\"_blank\">Themenweg Siedlinghausen<\/a>&#8222;<\/strong>.<\/p>\n<p>Da ich gestern weder an der gestrigen &#8222;<strong>Segnung des neuen Wanderweges und der Wanderer durch <a href=\"http:\/\/www.derdom.com\/Herausragender-Einsatz.594.0.html\" target=\"_blank\">Diakon Rudolf Kretzer<\/a> aus Niedersfeld<\/strong>&#8222;, noch an der &#8222;<strong>traditionellen Maifeier <\/strong><\/p>\n<figure id=\"attachment_7605\" aria-describedby=\"caption-attachment-7605\" style=\"width: 135px\" class=\"wp-caption alignright\"><img loading=\"lazy\" decoding=\"async\" class=\"size-medium wp-image-7605\" title=\"Bildstock St. Blasius\" src=\"http:\/\/www.schiebener.net\/wordpress\/wp-content\/uploads\/2010\/05\/blasiusbildstock-225x300.png\" alt=\"Am Themenweg: Bildstock St. Blasius (foto: zoom)\" width=\"135\" height=\"180\" srcset=\"https:\/\/www.schiebener.net\/wordpress\/wp-content\/uploads\/2010\/05\/blasiusbildstock-225x300.png 225w, https:\/\/www.schiebener.net\/wordpress\/wp-content\/uploads\/2010\/05\/blasiusbildstock.png 240w\" sizes=\"auto, (max-width: 135px) 85vw, 135px\" \/><figcaption id=\"caption-attachment-7605\" class=\"wp-caption-text\">Am Themenweg: Bildstock St. Blasius (foto: zoom)<\/figcaption><\/figure>\n<p><strong>des <a href=\"http:\/\/www.sgv-siedlinghausen.de\/cm\/\" target=\"_blank\">SGV Siedlinghausen<\/a><\/strong>&#8220; teilnehmen konnte, bin ich heute zur Abbitte hinauf zum Bildstock des <strong>St. Blasius<\/strong> gelaufen (ndt. gejoggt).<\/p>\n<p>Von dort oben aus weisen die Schilder sowohl Richtung &#8222;<strong>Fuchshohl<\/strong>&#8220; als auch zum &#8222;<strong>Huxol<\/strong>&#8222;.\u00a0 Die &#8222;<strong>Burmecke<\/strong>&#8222;, der &#8222;<strong>Kuhlenbergstern<\/strong>&#8220; oder die &#8222;<strong>Schnickem\u00fchle<\/strong>&#8220; sind mir nach vielen Jahren auf den Waldwegen rund um Winterberg nicht mehr fremd.<\/p>\n<p>Ehrlich gesagt, brauche ich diese ganzen Schilder und Zeichen \u00fcberhaupt nicht mehr. Wenn ich mich nach ihnen richte, verlaufe ich mich.<\/p>\n<p>Das <strong>Bild der Gegend <\/strong>hat sich mit den Jahren fest in meinem Unterbewusstsein <a href=\"http:\/\/www.wissenschaft.de\/wissenschaft\/news\/308599.html\" target=\"_blank\"><strong>verdrahtet<\/strong>.<\/a><\/p>\n<p><strong>Nach <a href=\"http:\/\/www.handelsblatt.com\/magazin\/business-travel\/schwere-schaeden-durch-kyrill-erwartet;1210881\" target=\"_blank\">Kyrill<\/a><\/strong><a href=\"http:\/\/www.handelsblatt.com\/magazin\/business-travel\/schwere-schaeden-durch-kyrill-erwartet;1210881\" target=\"_blank\"> <\/a>stimmten die Bilder leider nicht mehr mit meiner Verdrahtung \u00fcberein. Es hat damals Monate gedauert, bis aller <strong><a href=\"http:\/\/de.wikipedia.org\/wiki\/Synapse\" target=\"_blank\">Synapsen <\/a>umgepolt<\/strong> waren.\u00a0 Heute herrscht wieder <strong>Ordnung im <a href=\"http:\/\/books.google.de\/books?id=dJ45AAAAcAAJ&amp;pg=RA1-PA333&amp;lpg=RA1-PA333&amp;dq=Gehirnkasten&amp;source=bl&amp;ots=A0zAEh9Qyx&amp;sig=VUMxGnvvhlyI1BEZfrdTe10LNdw&amp;hl=de&amp;ei=0dndS-LWMIbEOKGF-ZgH&amp;sa=X&amp;oi=book_result&amp;ct=result&amp;resnum=3&amp;ved=0CAwQ6AEwAg#v=onepage&amp;q=Gehirnkasten&amp;f=false\" target=\"_blank\">Gehirnkasten<\/a><\/strong>.<\/p>\n<p>Nur manchmal frage ich &#8222;<strong>Schaffen meine Synapsen eine zweiten Jahrhundert-Sturm?<\/strong>&#8222;, beruhige mich aber schnell: Der Gro\u00dfteil der Fichten ist weg; so viel kann jetzt auch nicht mehr passieren.<\/p>\n","protected":false},"excerpt":{"rendered":"<p>Wer oberhalb von Siedlinghausen auf der H\u00f6he Richtung Niedersfeld am Blasius steht, kann sich nicht mehr verlaufen. Schilder zeigen in alle m\u00f6glichen Richtungen, die Wanderwege sind mit ausget\u00fcftelten K\u00fcrzeln und &hellip; <a href=\"https:\/\/www.schiebener.net\/wordpress\/schilderbaum-am-blasius-neuer-themenweg-eingebaut\/\" class=\"more-link\"><span class=\"screen-reader-text\">\u201eSchilderbaum am Blasius. Neuer Themenweg eingebaut.\u201c <\/span>weiterlesen<\/a><\/p>\n","protected":false},"author":3,"featured_media":0,"comment_status":"open","ping_status":"open","sticky":false,"template":"","format":"standard","meta":{"footnotes":""},"categories":[174,80,71,549,648],"tags":[480,1518,1519],"class_list":["post-7603","post","type-post","status-publish","format-standard","hentry","category-dit-und-dat","category-lokales","category-sport","category-umwelt","category-was-tun-gegen-langweile","tag-1-mai","tag-blasius","tag-themenweg"],"_links":{"self":[{"href":"https:\/\/www.schiebener.net\/wordpress\/wp-json\/wp\/v2\/posts\/7603","targetHints":{"allow":["GET"]}}],"collection":[{"href":"https:\/\/www.schiebener.net\/wordpress\/wp-json\/wp\/v2\/posts"}],"about":[{"href":"https:\/\/www.schiebener.net\/wordpress\/wp-json\/wp\/v2\/types\/post"}],"author":[{"embeddable":true,"href":"https:\/\/www.schiebener.net\/wordpress\/wp-json\/wp\/v2\/users\/3"}],"replies":[{"embeddable":true,"href":"https:\/\/www.schiebener.net\/wordpress\/wp-json\/wp\/v2\/comments?post=7603"}],"version-history":[{"count":0,"href":"https:\/\/www.schiebener.net\/wordpress\/wp-json\/wp\/v2\/posts\/7603\/revisions"}],"wp:attachment":[{"href":"https:\/\/www.schiebener.net\/wordpress\/wp-json\/wp\/v2\/media?parent=7603"}],"wp:term":[{"taxonomy":"category","embeddable":true,"href":"https:\/\/www.schiebener.net\/wordpress\/wp-json\/wp\/v2\/categories?post=7603"},{"taxonomy":"post_tag","embeddable":true,"href":"https:\/\/www.schiebener.net\/wordpress\/wp-json\/wp\/v2\/tags?post=7603"}],"curies":[{"name":"wp","href":"https:\/\/api.w.org\/{rel}","templated":true}]}}