{"id":7577,"date":"2010-04-30T23:28:02","date_gmt":"2010-04-30T21:28:02","guid":{"rendered":"http:\/\/www.schiebener.net\/wordpress\/?p=7577"},"modified":"2010-05-01T00:04:26","modified_gmt":"2010-04-30T22:04:26","slug":"umleitung-schaubles-demontage-kodex-der-waz-twitternde-politiker-apple-in-ungnade-die-unbekannte-mitte-der-welt-und-mehr","status":"publish","type":"post","link":"https:\/\/www.schiebener.net\/wordpress\/umleitung-schaubles-demontage-kodex-der-waz-twitternde-politiker-apple-in-ungnade-die-unbekannte-mitte-der-welt-und-mehr\/","title":{"rendered":"Umleitung: Sch\u00e4ubles Demontage, Kodex der WAZ, twitternde Politiker, Apple in Ungnade, die unbekannte Mitte der Welt und mehr &#8230;"},"content":{"rendered":"<p><img loading=\"lazy\" decoding=\"async\" class=\"alignleft size-full wp-image-2311\" src=\"http:\/\/www.schiebener.net\/wordpress\/wp-content\/uploads\/2009\/02\/umleitung.gif\" alt=\"\" width=\"110\" height=\"28\" \/><strong>Sch\u00e4ubles Demontage:<\/strong> Die Grenzen von Anstand und Moral sind \u00fcberschritten. Heute morgen er\u00f6ffneten Heckensch\u00fctzen aus den Reihen der schwarz-gelben Koalition zusammen mit der S\u00fcddeutschen Zeitung einen <a href=\"http:\/\/www.sueddeutsche.de\/politik\/763\/509890\/text\/\">Frontalangriff<\/a> auf Finanzminister Sch\u00e4uble. Dieser sei, so die Verschw\u00f6rerclique aus dem Hinterzimmer, wegen seiner Krankheit geistig nicht mehr imstande, seinen Posten auszuf\u00fcllen. Den Meuchelm\u00f6rdern st\u00f6\u00dft dabei vor allem Sch\u00e4ubles ablehnende Haltung bei den Steuersenkungen auf \u00e2\u20ac\u201c dem Lieblingsthema der FDP. Infam l\u00e4sst sich die S\u00fcddeutsche vor den Karren spannen, macht die konspirativen Giftpfeile der Sch\u00e4uble-Kritiker zu ihren eigenen, instrumentalisiert die Krankheit des Ministers und setzt damit einen neuen Tiefpunkt im Sachen journalistischer Ethik &#8230; <a href=\"http:\/\/www.spiegelfechter.com\/wordpress\/2507\/worte-wie-schleichendes-gift\" target=\"_blank\">spiegelfechter<\/a><\/p>\n<p><strong>Medienkritik:<\/strong> statt einer Zeitungsschelte hier der Kodex der WAZ-Mediengruppe: <em>Regionalzeitungen genie\u00dfen im Vergleich mit anderen Medien ein hohes Ma\u00df an Glaubw\u00fcrdigkeit. Dieses Vertrauenskapital darf nicht gef\u00e4hrdet werden. Der Verhaltenskodex der WAZ Mediengruppe legt fest, welche Regeln strikt einzuhalten sind<\/em> &#8230; <a href=\"http:\/\/www.initiative-qualitaet.de\/fileadmin\/IQ\/Archiv\/Rundmails\/iq_rundmail_19_kodex.pdf\" target=\"_blank\">PDF-Dokument <\/a><\/p>\n<p><strong>Twittern Politiker wirklich selbst?<\/strong> Bodo Ramelow und die &#8230; <a href=\"http:\/\/www.thueringerblogzentrale.de\/2010\/04\/28\/der-schweigsame-herr-ramelow-oder-mr-90\/\" target=\"_blank\">Th\u00fcringer Blogzentrale<\/a><\/p>\n<p><strong>Apple:<\/strong> Es gibt da jemanden, der Apple nicht mehr so mag &#8230; <a href=\"http:\/\/www.ruhrbarone.de\/ich-mag-apple-einfach-nicht-mehr-so\/\" target=\"_blank\">ruhrbarone<\/a><\/p>\n<p><strong>Die unbekannte Mitte der Welt:<\/strong> Globalgeschichte aus islamischer Sicht. Eine begeisterte Kritik bei &#8230; <a href=\"http:\/\/hpd.de\/node\/9410\" target=\"_blank\">hpd<\/a><\/p>\n<p><strong>Grundgesetz:<\/strong> verfasster Rassismus &#8230;<a href=\"http:\/\/www.juedische-allgemeine.de\/article\/view\/id\/7296\" target=\"_blank\"> juedischeallgemeine<\/a><\/p>\n<p><strong>Der Pate und sein Capo:<\/strong> &#8222;Roland Berger Preis&#8220; f\u00fcr Helmut Kohl &#8230; <a href=\"http:\/\/www.ruhrtalcruising.de\/?p=1656\" target=\"_blank\">ruhrtalcruising <\/a><\/p>\n<p><strong>Geldquelle:<\/strong> Schwarzbau und Bodenverunreinigung &#8230; <a href=\"http:\/\/sbl-fraktion.de\/landschaftsschutz\/schwarzbau-und-bodenverunreinigung-als-geldquelle.html\" target=\"_blank\">sbl<\/a><\/p>\n","protected":false},"excerpt":{"rendered":"<p>Sch\u00e4ubles Demontage: Die Grenzen von Anstand und Moral sind \u00fcberschritten. Heute morgen er\u00f6ffneten Heckensch\u00fctzen aus den Reihen der schwarz-gelben Koalition zusammen mit der S\u00fcddeutschen Zeitung einen Frontalangriff auf Finanzminister Sch\u00e4uble. &hellip; <a href=\"https:\/\/www.schiebener.net\/wordpress\/umleitung-schaubles-demontage-kodex-der-waz-twitternde-politiker-apple-in-ungnade-die-unbekannte-mitte-der-welt-und-mehr\/\" class=\"more-link\"><span class=\"screen-reader-text\">\u201eUmleitung: Sch\u00e4ubles Demontage, Kodex der WAZ, twitternde Politiker, Apple in Ungnade, die unbekannte Mitte der Welt und mehr &#8230;\u201c <\/span>weiterlesen<\/a><\/p>\n","protected":false},"author":3,"featured_media":0,"comment_status":"open","ping_status":"open","sticky":false,"template":"","format":"standard","meta":{"footnotes":""},"categories":[218,80,32,24,379,549,1208],"tags":[1509,515,1512,1508,930,202],"class_list":["post-7577","post","type-post","status-publish","format-standard","hentry","category-bucher","category-lokales","category-medien","category-politik","category-umleitung","category-umwelt","category-wirtschaft","tag-apple","tag-grundgesetz","tag-helmut-kohl","tag-kodex","tag-schauble","tag-waz"],"_links":{"self":[{"href":"https:\/\/www.schiebener.net\/wordpress\/wp-json\/wp\/v2\/posts\/7577","targetHints":{"allow":["GET"]}}],"collection":[{"href":"https:\/\/www.schiebener.net\/wordpress\/wp-json\/wp\/v2\/posts"}],"about":[{"href":"https:\/\/www.schiebener.net\/wordpress\/wp-json\/wp\/v2\/types\/post"}],"author":[{"embeddable":true,"href":"https:\/\/www.schiebener.net\/wordpress\/wp-json\/wp\/v2\/users\/3"}],"replies":[{"embeddable":true,"href":"https:\/\/www.schiebener.net\/wordpress\/wp-json\/wp\/v2\/comments?post=7577"}],"version-history":[{"count":0,"href":"https:\/\/www.schiebener.net\/wordpress\/wp-json\/wp\/v2\/posts\/7577\/revisions"}],"wp:attachment":[{"href":"https:\/\/www.schiebener.net\/wordpress\/wp-json\/wp\/v2\/media?parent=7577"}],"wp:term":[{"taxonomy":"category","embeddable":true,"href":"https:\/\/www.schiebener.net\/wordpress\/wp-json\/wp\/v2\/categories?post=7577"},{"taxonomy":"post_tag","embeddable":true,"href":"https:\/\/www.schiebener.net\/wordpress\/wp-json\/wp\/v2\/tags?post=7577"}],"curies":[{"name":"wp","href":"https:\/\/api.w.org\/{rel}","templated":true}]}}