{"id":755,"date":"2008-10-29T22:55:52","date_gmt":"2008-10-29T20:55:52","guid":{"rendered":"http:\/\/www.schiebener.net\/wordpress\/?p=755"},"modified":"2008-11-01T19:08:02","modified_gmt":"2008-11-01T17:08:02","slug":"unsere-kleine-kulturkuche-die-lokalzeitung-berichtet-uber-top-events","status":"publish","type":"post","link":"https:\/\/www.schiebener.net\/wordpress\/unsere-kleine-kulturkuche-die-lokalzeitung-berichtet-uber-top-events\/","title":{"rendered":"Unsere kleine Kulturk\u00fcche: Die Lokalzeitung berichtet \u00fcber Top-Events &#038; Die Rauschzeit der Wildschweine naht ;-)"},"content":{"rendered":"<p>Auch in diesen Tage finden wieder Top-Events oder auch Top-Highlights genannte\u00b9, kulturell hervorragende  Veranstaltungen in unserer lieblichen Region statt. Zu Dokumentationszwecken hier ein Hardcopy aus der lokalen Monopolpresse, deren Glanz und Elend ich <a href=\"http:\/\/www.schiebener.net\/wordpress\/?p=685\" target=\"_blank\">an anderer Stelle<\/a> Beachtung geschenkt hatte:<\/p>\n<h6 class=\"mceTemp\">\n<dl id=\"attachment_756\" class=\"wp-caption alignnone\" style=\"width: 510px;\">\n<dt class=\"wp-caption-dt\"><a href=\"http:\/\/www.schiebener.net\/wordpress\/wp-content\/uploads\/2008\/10\/heute081029.png\" target=\"_blank\"><img loading=\"lazy\" decoding=\"async\" class=\"size-full wp-image-756\" title=\"heute081029\" src=\"http:\/\/www.schiebener.net\/wordpress\/wp-content\/uploads\/2008\/10\/heute081029.png\" alt=\"Es ist was los im Hochsauerland!\" width=\"500\" height=\"426\" srcset=\"https:\/\/www.schiebener.net\/wordpress\/wp-content\/uploads\/2008\/10\/heute081029.png 549w, https:\/\/www.schiebener.net\/wordpress\/wp-content\/uploads\/2008\/10\/heute081029-300x255.png 300w\" sizes=\"auto, (max-width: 500px) 85vw, 500px\" \/><\/a><\/dt>\n<dd class=\"wp-caption-dd\">\n<h3>Es ist was los im Hochsauerland!<\/h3>\n<\/dd>\n<\/dl>\n<\/h6>\n<p>Den Fahneneid-Artikel gibts in ganzer Pracht <a href=\"http:\/\/www.derwesten.de\/nachrichten\/staedte\/winterberg\/2008\/10\/29\/news-87057688\/detail.html\" target=\"_blank\">hier zu lesen<\/a>.<\/p>\n<h3>Ab hier verlasse ich die Niederungen der Medienpolitik und schreit zur Klimax des Schwarzwildes:<\/h3>\n<p>Der H\u00f6hepunkt des Herbstes ist f\u00fcr mich dann, wenn Halloween \u00fcberstanden ist, die <a href=\"http:\/\/www.kinder-tierlexikon.de\/w\/wildschwein.htm\" target=\"_blank\">Rauschzeit <\/a>der Wildschweine. Ja &#8211; im November paaren sich Bache und Keiler, und im April kreuzen dann viele s\u00fc\u00dfe, kleine Frischlinge des Joggers Pfad: Alarm On! Die Bache ist nicht weit! Aber dazu mehr in vier bis 5 Monaten. W\u00e4hrend ich im November entspannt durch den nebelverhangenen Fichtenwald laufe, fragen sich die flei\u00dfigen J\u00e4ger gr\u00fcbelnd im Lenin&#8217;schen Sprachduktus: &#8222;<a href=\"http:\/\/www.nutzwertjournalismus.de\/t3\/magazin\/gefunden\/rauschige-keiler\/?no_cache=1&amp;sword_list%5B%5D=Keiler\" target=\"_blank\">Der Keiler rauscht &#8211; was tun?<\/a>&#8220;<\/p>\n<p>1) i. e. Politikersprech<\/p>\n","protected":false},"excerpt":{"rendered":"<p>Auch in diesen Tage finden wieder Top-Events oder auch Top-Highlights genannte\u00b9, kulturell hervorragende Veranstaltungen in unserer lieblichen Region statt. Zu Dokumentationszwecken hier ein Hardcopy aus der lokalen Monopolpresse, deren Glanz &hellip; <a href=\"https:\/\/www.schiebener.net\/wordpress\/unsere-kleine-kulturkuche-die-lokalzeitung-berichtet-uber-top-events\/\" class=\"more-link\"><span class=\"screen-reader-text\">\u201eUnsere kleine Kulturk\u00fcche: Die Lokalzeitung berichtet \u00fcber Top-Events &#038; Die Rauschzeit der Wildschweine naht ;-)\u201c <\/span>weiterlesen<\/a><\/p>\n","protected":false},"author":3,"featured_media":0,"comment_status":"open","ping_status":"open","sticky":false,"template":"","format":"standard","meta":{"footnotes":""},"categories":[174,80,32],"tags":[214,198,216,212,215,5856,213,202],"class_list":["post-755","post","type-post","status-publish","format-standard","hentry","category-dit-und-dat","category-lokales","category-medien","tag-bache","tag-der-westen","tag-frischlinge","tag-hochsauerland","tag-keiler","tag-lokales","tag-rauschzeit","tag-waz"],"_links":{"self":[{"href":"https:\/\/www.schiebener.net\/wordpress\/wp-json\/wp\/v2\/posts\/755","targetHints":{"allow":["GET"]}}],"collection":[{"href":"https:\/\/www.schiebener.net\/wordpress\/wp-json\/wp\/v2\/posts"}],"about":[{"href":"https:\/\/www.schiebener.net\/wordpress\/wp-json\/wp\/v2\/types\/post"}],"author":[{"embeddable":true,"href":"https:\/\/www.schiebener.net\/wordpress\/wp-json\/wp\/v2\/users\/3"}],"replies":[{"embeddable":true,"href":"https:\/\/www.schiebener.net\/wordpress\/wp-json\/wp\/v2\/comments?post=755"}],"version-history":[{"count":0,"href":"https:\/\/www.schiebener.net\/wordpress\/wp-json\/wp\/v2\/posts\/755\/revisions"}],"wp:attachment":[{"href":"https:\/\/www.schiebener.net\/wordpress\/wp-json\/wp\/v2\/media?parent=755"}],"wp:term":[{"taxonomy":"category","embeddable":true,"href":"https:\/\/www.schiebener.net\/wordpress\/wp-json\/wp\/v2\/categories?post=755"},{"taxonomy":"post_tag","embeddable":true,"href":"https:\/\/www.schiebener.net\/wordpress\/wp-json\/wp\/v2\/tags?post=755"}],"curies":[{"name":"wp","href":"https:\/\/api.w.org\/{rel}","templated":true}]}}