{"id":7432,"date":"2010-04-19T20:27:07","date_gmt":"2010-04-19T18:27:07","guid":{"rendered":"http:\/\/www.schiebener.net\/wordpress\/?p=7432"},"modified":"2010-04-19T20:27:07","modified_gmt":"2010-04-19T18:27:07","slug":"piusbruderschaft-engagiert-rechtsextremisten-als-referenten-report-mainz-heute-19-april-2010-2145-uhr-im-ersten","status":"publish","type":"post","link":"https:\/\/www.schiebener.net\/wordpress\/piusbruderschaft-engagiert-rechtsextremisten-als-referenten-report-mainz-heute-19-april-2010-2145-uhr-im-ersten\/","title":{"rendered":"Piusbruderschaft engagiert Rechtsextremisten als Referenten &#8222;Report Mainz&#8220;, heute, 19. April 2010, 21.45 Uhr im Ersten"},"content":{"rendered":"<p><img loading=\"lazy\" decoding=\"async\" class=\"alignleft size-full wp-image-2182\" title=\"In meinem Briefkasten\" src=\"http:\/\/www.schiebener.net\/wordpress\/wp-content\/uploads\/2009\/02\/lt_briefkasten01.jpg\" alt=\"In meinem Briefkasten\" width=\"120\" height=\"91\" \/><strong>Mainz (ots) &#8211; Die deutsche Piusbruderschaft hat einen einschl\u00e4gig bekannten Rechtsextremisten als Referenten engagiert. Das zeigen Recherchen des ARD-Politikmagazins &#8222;Report Mainz&#8220;. Unter dem Titel &#8222;\u00dcberfremdung und Islamisierung Europas&#8220; sind f\u00fcr diese Woche mindestens zwei Vortr\u00e4ge des \u00f6sterreichischen Publizisten Dr. Walter Marinovic geplant, unter anderem am Sitz der Deutschlandzentrale der Piusbruderschaft in Stuttgart.<\/strong><\/p>\n<p>Dr. Marinovic gilt als einflussreicher Autor und Redner der rechtsextremen Szene in \u00d6sterreich und Deutschland mit Verbindungen zu DVU und NPD. Professor Eberhard Schockenhoff von der Universit\u00e4t Freiburg, einer der f\u00fchrenden Moraltheologen in Deutschland, sagte gegen\u00fcber &#8222;Report Mainz&#8220;: &#8222;Diese Aktivit\u00e4ten der Piusbruderschaft im deutschen Sprachraum belegen eindeutig ein weltanschauliches Amalgam von faschistischen, ehemals nationalsozialistischen Aussagen. Diese Aussagen f\u00fchren unter dem Deckmantel der Piusbruderschaft noch ein weiteres Leben und finden \u00f6ffentliche Verbreitung. Im Grunde ist das ein Fall f\u00fcr den Verfassungsschutz.&#8220; <a href=\"http:\/\/www.presseportal.de\/pm\/75892\/1597863\/swr_das_erste\/\" target=\"_blank\">alles lesen<\/a><\/p>\n","protected":false},"excerpt":{"rendered":"<p>Mainz (ots) &#8211; Die deutsche Piusbruderschaft hat einen einschl\u00e4gig bekannten Rechtsextremisten als Referenten engagiert. Das zeigen Recherchen des ARD-Politikmagazins &#8222;Report Mainz&#8220;. Unter dem Titel &#8222;\u00dcberfremdung und Islamisierung Europas&#8220; sind f\u00fcr &hellip; <a href=\"https:\/\/www.schiebener.net\/wordpress\/piusbruderschaft-engagiert-rechtsextremisten-als-referenten-report-mainz-heute-19-april-2010-2145-uhr-im-ersten\/\" class=\"more-link\"><span class=\"screen-reader-text\">\u201ePiusbruderschaft engagiert Rechtsextremisten als Referenten &#8222;Report Mainz&#8220;, heute, 19. April 2010, 21.45 Uhr im Ersten\u201c <\/span>weiterlesen<\/a><\/p>\n","protected":false},"author":17,"featured_media":0,"comment_status":"open","ping_status":"open","sticky":false,"template":"","format":"standard","meta":{"footnotes":""},"categories":[303,32,24,49],"tags":[526,1459,1460,1461],"class_list":["post-7432","post","type-post","status-publish","format-standard","hentry","category-in-unserem-briefkasten","category-medien","category-politik","category-religion","tag-katholische-kirche","tag-piusbruderschaft","tag-rechtsextremismus","tag-walter-marinovic"],"_links":{"self":[{"href":"https:\/\/www.schiebener.net\/wordpress\/wp-json\/wp\/v2\/posts\/7432","targetHints":{"allow":["GET"]}}],"collection":[{"href":"https:\/\/www.schiebener.net\/wordpress\/wp-json\/wp\/v2\/posts"}],"about":[{"href":"https:\/\/www.schiebener.net\/wordpress\/wp-json\/wp\/v2\/types\/post"}],"author":[{"embeddable":true,"href":"https:\/\/www.schiebener.net\/wordpress\/wp-json\/wp\/v2\/users\/17"}],"replies":[{"embeddable":true,"href":"https:\/\/www.schiebener.net\/wordpress\/wp-json\/wp\/v2\/comments?post=7432"}],"version-history":[{"count":0,"href":"https:\/\/www.schiebener.net\/wordpress\/wp-json\/wp\/v2\/posts\/7432\/revisions"}],"wp:attachment":[{"href":"https:\/\/www.schiebener.net\/wordpress\/wp-json\/wp\/v2\/media?parent=7432"}],"wp:term":[{"taxonomy":"category","embeddable":true,"href":"https:\/\/www.schiebener.net\/wordpress\/wp-json\/wp\/v2\/categories?post=7432"},{"taxonomy":"post_tag","embeddable":true,"href":"https:\/\/www.schiebener.net\/wordpress\/wp-json\/wp\/v2\/tags?post=7432"}],"curies":[{"name":"wp","href":"https:\/\/api.w.org\/{rel}","templated":true}]}}