{"id":7324,"date":"2010-04-14T21:04:24","date_gmt":"2010-04-14T19:04:24","guid":{"rendered":"http:\/\/www.schiebener.net\/wordpress\/?p=7324"},"modified":"2010-04-14T21:05:09","modified_gmt":"2010-04-14T19:05:09","slug":"pm-countdown-zum-girls-day-am-22-april","status":"publish","type":"post","link":"https:\/\/www.schiebener.net\/wordpress\/pm-countdown-zum-girls-day-am-22-april\/","title":{"rendered":"PM: Countdown zum &#8222;Girls-Day&#8220; am 22. April"},"content":{"rendered":"<figure id=\"attachment_7325\" aria-describedby=\"caption-attachment-7325\" style=\"width: 210px\" class=\"wp-caption alignleft\"><a href=\"http:\/\/www.girls-day.de\/\" target=\"_blank\"><img loading=\"lazy\" decoding=\"async\" class=\"size-full wp-image-7325\" title=\"Girls' Day 2010\" src=\"http:\/\/www.schiebener.net\/wordpress\/wp-content\/uploads\/2010\/04\/girlsday2010.png\" alt=\"Girls' Day 2010 - M\u00e4dchen Zukunftstag (screenshot: zoom)\" width=\"210\" height=\"295\" srcset=\"https:\/\/www.schiebener.net\/wordpress\/wp-content\/uploads\/2010\/04\/girlsday2010.png 300w, https:\/\/www.schiebener.net\/wordpress\/wp-content\/uploads\/2010\/04\/girlsday2010-213x300.png 213w\" sizes=\"auto, (max-width: 210px) 85vw, 210px\" \/><\/a><figcaption id=\"caption-attachment-7325\" class=\"wp-caption-text\">Girls&#39; Day 2010 - M\u00e4dchen Zukunftstag (screenshot: zoom)<\/figcaption><\/figure>\n<p><strong>Bielefeld. (pm) Der bundesweite <a href=\"http:\/\/www.girls-day.de\/\" target=\"_blank\">Girls&#8216; Day \u00e2\u20ac\u201c M\u00e4dchen-Zukunftstag<\/a> erm\u00f6glicht Sch\u00fclerinnen ab der Klasse 5 Einblicke in Technik, IT, Naturwissenschaften und Handwerk. Girls&#8216; Day-Teilnehmerinnen bewerten nach Aussage der Koordinatoren das Image technisch-naturwissenschaftlicher Berufe zunehmend positiv.<\/strong><\/p>\n<p>Viele M\u00e4dchen und junge Frauen sehen diese Berufe heute h\u00e4ufiger als abwechslungsreich an als noch vor f\u00fcnf Jahren, so eine Langzeitstudie zum Aktionstag.<\/p>\n<p>Seit Einf\u00fchrung des Girls\u00e2\u20ac\u2122 Day entwickeln sich die Zahlen der Ausbildungs- und Studienanf\u00e4ngerinnen in technischen Bereichen nach Zahlen der Veranstalter positiv.<\/p>\n<p>Mit \u00fcber 21.000 Studienanf\u00e4ngerinnen in den Ingenieurwissenschaften begannen zuletzt so viele Frauen wie noch nie ein Technikstudium. In 10 Prozent der beteiligten Unternehmen sind ehemalige Girls&#8216; Day-Teilnehmerinnen in technischen Berufen t\u00e4tig.<\/p>\n<figure id=\"attachment_7327\" aria-describedby=\"caption-attachment-7327\" style=\"width: 128px\" class=\"wp-caption alignright\"><a href=\"http:\/\/www.girls-day.de\"><img loading=\"lazy\" decoding=\"async\" class=\"size-full wp-image-7327\" title=\"Wartungsarbeiten am Girls' Day\" src=\"http:\/\/www.schiebener.net\/wordpress\/wp-content\/uploads\/2010\/04\/wartungsarbeiten_articleimage.jpg\" alt=\"Wartungsarbeiten am Girls' Day (foto: www.girls-day.de)\" width=\"128\" height=\"170\" \/><\/a><figcaption id=\"caption-attachment-7327\" class=\"wp-caption-text\">Wartungsarbeiten am Girls&#39; Day (foto: www.girls-day.de)<\/figcaption><\/figure>\n<p>Die bundesweite Koordinierungsstelle des Girls&#8217;Day \u00e2\u20ac\u201c M\u00e4dchen-Zukunftstags wird gef\u00f6rdert vom Bundesministerium f\u00fcr Bildung und Forschung (BMBF), dem Bundesministerium f\u00fcr Familie, Senioren, Frauen und Jugend (BMFSFJ) sowie aus Mitteln des Europ\u00e4ischen Sozialfonds der Europ\u00e4ischen Union. Girls\u00e2\u20ac\u2122Day \u00e2\u20ac\u201c M\u00e4dchen-Zukunftstag ist ein Projekt des Kompetenzzentrums Technik-Diversity-Chancengleichheit e.V. und eine Gemeinschaftsaktion des BMBF und des BMFSFJ, der Initiative D21, der Bundesagentur f\u00fcr Arbeit, des Deutschen Gewerkschaftsbundes, der Bundesvereinigung der Deutschen Arbeitgeberverb\u00e4nde, des Deutschen Industrie- und Handelskammertages, des Zentralverbandes des Deutschen Handwerks und des Bundesverbandes der Deutschen Industrie.<\/p>\n<p>Auch f\u00fcr die Jungen gibt es inzwischen eigene Programme.<\/p>\n<p>Das Projekt &#8222;Neue Wege f\u00fcr Jungs&#8220; informiert auf den Internetseiten   <a href=\"http:\/\/www.neue-wege-fuer-jungs.de\/\" target=\"_blank\">www.neue-wege-fuer-jungs.de <\/a>und   <a href=\"http:\/\/www.respekt-jungs.de\/\" target=\"_blank\">www.respekt-jungs.de<\/a> \u00fcber Berufs- und Lebensplanung f\u00fcr Jungen.<\/p>\n","protected":false},"excerpt":{"rendered":"<p>Bielefeld. (pm) Der bundesweite Girls&#8216; Day \u00e2\u20ac\u201c M\u00e4dchen-Zukunftstag erm\u00f6glicht Sch\u00fclerinnen ab der Klasse 5 Einblicke in Technik, IT, Naturwissenschaften und Handwerk. Girls&#8216; Day-Teilnehmerinnen bewerten nach Aussage der Koordinatoren das Image &hellip; <a href=\"https:\/\/www.schiebener.net\/wordpress\/pm-countdown-zum-girls-day-am-22-april\/\" class=\"more-link\"><span class=\"screen-reader-text\">\u201ePM: Countdown zum &#8222;Girls-Day&#8220; am 22. April\u201c <\/span>weiterlesen<\/a><\/p>\n","protected":false},"author":17,"featured_media":0,"comment_status":"open","ping_status":"open","sticky":false,"template":"","format":"standard","meta":{"footnotes":""},"categories":[1,542,3,303,27],"tags":[1437],"class_list":["post-7324","post","type-post","status-publish","format-standard","hentry","category-allgemein","category-arbeitswelt","category-bildung-und-schule","category-in-unserem-briefkasten","category-musik","tag-girls-day"],"_links":{"self":[{"href":"https:\/\/www.schiebener.net\/wordpress\/wp-json\/wp\/v2\/posts\/7324","targetHints":{"allow":["GET"]}}],"collection":[{"href":"https:\/\/www.schiebener.net\/wordpress\/wp-json\/wp\/v2\/posts"}],"about":[{"href":"https:\/\/www.schiebener.net\/wordpress\/wp-json\/wp\/v2\/types\/post"}],"author":[{"embeddable":true,"href":"https:\/\/www.schiebener.net\/wordpress\/wp-json\/wp\/v2\/users\/17"}],"replies":[{"embeddable":true,"href":"https:\/\/www.schiebener.net\/wordpress\/wp-json\/wp\/v2\/comments?post=7324"}],"version-history":[{"count":0,"href":"https:\/\/www.schiebener.net\/wordpress\/wp-json\/wp\/v2\/posts\/7324\/revisions"}],"wp:attachment":[{"href":"https:\/\/www.schiebener.net\/wordpress\/wp-json\/wp\/v2\/media?parent=7324"}],"wp:term":[{"taxonomy":"category","embeddable":true,"href":"https:\/\/www.schiebener.net\/wordpress\/wp-json\/wp\/v2\/categories?post=7324"},{"taxonomy":"post_tag","embeddable":true,"href":"https:\/\/www.schiebener.net\/wordpress\/wp-json\/wp\/v2\/tags?post=7324"}],"curies":[{"name":"wp","href":"https:\/\/api.w.org\/{rel}","templated":true}]}}