{"id":7035,"date":"2010-03-17T10:35:59","date_gmt":"2010-03-17T09:35:59","guid":{"rendered":"http:\/\/www.schiebener.net\/wordpress\/?p=7035"},"modified":"2010-03-17T10:38:19","modified_gmt":"2010-03-17T09:38:19","slug":"dokumentiert-grune-sundern-wollen-eigene-auslanderbehorde","status":"publish","type":"post","link":"https:\/\/www.schiebener.net\/wordpress\/dokumentiert-grune-sundern-wollen-eigene-auslanderbehorde\/","title":{"rendered":"Dokumentiert: Gr\u00fcne Sundern wollen eigene Ausl\u00e4nderbeh\u00f6rde"},"content":{"rendered":"<p><img loading=\"lazy\" decoding=\"async\" class=\"alignleft size-full wp-image-2182\" title=\"In meinem Briefkasten\" src=\"http:\/\/www.schiebener.net\/wordpress\/wp-content\/uploads\/2009\/02\/lt_briefkasten01.jpg\" alt=\"In meinem Briefkasten\" width=\"120\" height=\"91\" \/>Klaus Korn, Fraktionsvorsitzender B\u00fcndnis 90\/Die Gr\u00fcnen, Randweg 50, 59846 Sundern<\/p>\n<p>An die Stadt Sundern<\/p>\n<p>B\u00fcrgermeister Lins<\/p>\n<p>Sehr geehrter Herr B\u00fcrgermeister<\/p>\n<p>Hiermit stellt die Fraktion B\u00fcndnis 90\/Die Gr\u00fcnen folgenden Antrag f\u00fcr die kommende Ratssitzung:<\/p>\n<p>Der Rat der Stadt Sundern fordert den B\u00fcrgermeister auf Gespr\u00e4che mit dem B\u00fcrgermeister der Stadt Arnsberg zu f\u00fchren um eine gemeinsame Ausl\u00e4nderbeh\u00f6rde f\u00fcr die St\u00e4dte Arnsberg und Sundern zu bilden.<\/p>\n<p>Begr\u00fcndung<\/p>\n<p>F\u00fcr ausl\u00e4ndische Mitb\u00fcrger in Sundern ist bisher der Hochsauerlandkreis in Meschede zust\u00e4ndig. Auf Grund vieler Vorkommnisse in den vergangenen Jahren, die gezeigt haben, dass unsere ausl\u00e4ndischen Mitb\u00fcrger in Sundern durch die Kreisausl\u00e4nderbeh\u00f6rde schlecht behandelt werden sind wir der Meinung, dass die hoheitlichen Aufgaben in Ausl\u00e4nderfragen nicht mehr durch den Hochsauerlandkreis wahrgenommen werden sollten. Eine Ausl\u00e4nderbeh\u00f6rde sollte genauso eine Dienstleistungsbeh\u00f6rde sein, wie die anderen Bereiche der Stadtverwaltung.<\/p>\n<p>Der Rat der Stadt Sundern fordert die Verwaltung auf alternative Modelle zu entwerfen. Da wir davon ausgehen, dass die Gr\u00fcndung eines eigenen Ausl\u00e4nderamtes aus Kostengr\u00fcnden nicht realisierbar ist sollte die Stadtverwaltung entsprechende Gespr\u00e4che mit der Stadt Arnsberg aufnehmen um mit der dortigen Ausl\u00e4nderbeh\u00f6rde eine gemeinsame Beh\u00f6rde zu bilden.<\/p>\n<p>F\u00fcr diesen Vorschlag sprechen auch ganz praktische Gr\u00fcnde: Meschede ist f\u00fcr unsere ausl\u00e4ndischen Mitb\u00fcrger schlecht erreichbar, da viele auf den \u00d6PNV angewiesen sind. Die Ausl\u00e4nderbeh\u00f6rde der Stadt Arnsberg in H\u00fcsten liegt f\u00fcr Menschen die auf den \u00d6PNV angewiesen sind sehr g\u00fcnstig.<\/p>\n<p>Mit freundlichen Gr\u00fc\u00dfen<\/p>\n<p>Klaus Korn<\/p>\n<p>Fraktionsvorsitzender<\/p>\n","protected":false},"excerpt":{"rendered":"<p>Klaus Korn, Fraktionsvorsitzender B\u00fcndnis 90\/Die Gr\u00fcnen, Randweg 50, 59846 Sundern An die Stadt Sundern B\u00fcrgermeister Lins Sehr geehrter Herr B\u00fcrgermeister Hiermit stellt die Fraktion B\u00fcndnis 90\/Die Gr\u00fcnen folgenden Antrag f\u00fcr &hellip; <a href=\"https:\/\/www.schiebener.net\/wordpress\/dokumentiert-grune-sundern-wollen-eigene-auslanderbehorde\/\" class=\"more-link\"><span class=\"screen-reader-text\">\u201eDokumentiert: Gr\u00fcne Sundern wollen eigene Ausl\u00e4nderbeh\u00f6rde\u201c <\/span>weiterlesen<\/a><\/p>\n","protected":false},"author":17,"featured_media":0,"comment_status":"open","ping_status":"open","sticky":false,"template":"","format":"standard","meta":{"footnotes":""},"categories":[80,24],"tags":[1359,164,886],"class_list":["post-7035","post","type-post","status-publish","format-standard","hentry","category-lokales","category-politik","tag-auslanderbehorde","tag-grune","tag-sundern"],"_links":{"self":[{"href":"https:\/\/www.schiebener.net\/wordpress\/wp-json\/wp\/v2\/posts\/7035","targetHints":{"allow":["GET"]}}],"collection":[{"href":"https:\/\/www.schiebener.net\/wordpress\/wp-json\/wp\/v2\/posts"}],"about":[{"href":"https:\/\/www.schiebener.net\/wordpress\/wp-json\/wp\/v2\/types\/post"}],"author":[{"embeddable":true,"href":"https:\/\/www.schiebener.net\/wordpress\/wp-json\/wp\/v2\/users\/17"}],"replies":[{"embeddable":true,"href":"https:\/\/www.schiebener.net\/wordpress\/wp-json\/wp\/v2\/comments?post=7035"}],"version-history":[{"count":0,"href":"https:\/\/www.schiebener.net\/wordpress\/wp-json\/wp\/v2\/posts\/7035\/revisions"}],"wp:attachment":[{"href":"https:\/\/www.schiebener.net\/wordpress\/wp-json\/wp\/v2\/media?parent=7035"}],"wp:term":[{"taxonomy":"category","embeddable":true,"href":"https:\/\/www.schiebener.net\/wordpress\/wp-json\/wp\/v2\/categories?post=7035"},{"taxonomy":"post_tag","embeddable":true,"href":"https:\/\/www.schiebener.net\/wordpress\/wp-json\/wp\/v2\/tags?post=7035"}],"curies":[{"name":"wp","href":"https:\/\/api.w.org\/{rel}","templated":true}]}}