{"id":7022,"date":"2010-03-16T20:18:44","date_gmt":"2010-03-16T19:18:44","guid":{"rendered":"http:\/\/www.schiebener.net\/wordpress\/?p=7022"},"modified":"2010-03-17T06:28:53","modified_gmt":"2010-03-17T05:28:53","slug":"wortlaut-und-kommentar-die-pressemitteilung-der-abtei-konigsmunster-zum-sexuellen-missbrauch","status":"publish","type":"post","link":"https:\/\/www.schiebener.net\/wordpress\/wortlaut-und-kommentar-die-pressemitteilung-der-abtei-konigsmunster-zum-sexuellen-missbrauch\/","title":{"rendered":"Wortlaut und Kommentar: Die Pressemitteilung der Abtei K\u00f6nigsm\u00fcnster zum sexuellen Missbrauch"},"content":{"rendered":"<p><strong>Update 17. M\u00e4rz<br \/>\n<\/strong><\/p>\n<p>Ein <a href=\"http:\/\/www.faz.net\/s\/Rub79FAD9952A1B4879AD8823449B4BB367\/Doc~ED912D82AE3874E0B9012AD0D0417C858~ATpl~Ecommon~Scontent.html\" target=\"_blank\">aktueller Bericht in der FAZ<\/a> bewertet unter anderem das Verhalten der Klosterleitung:<\/p>\n<p>&#8222;In einer Pressemitteilung des Klosters, die am Dienstag, einige Stunden nach einem Gespr\u00e4ch dieser Zeitung mit dem Abt, ver\u00f6ffentlicht wurde, ist von \u00e2\u20ac\u017esexuellem Missbrauch bis Ende der 90er Jahre\u00e2\u20ac\u0153 die Rede. Zun\u00e4chst hatte es der Abt des Klosters, Dominicus Meier, gegen\u00fcber der Familie des Opfers abgelehnt, sich in der Angelegenheit an die Presse zu wenden.&#8220;<\/p>\n<p><strong>Ende Update<\/strong><\/p>\n<p>Wir dokumentieren im Wortlaut die Pressemitteilung der Abtei K\u00f6nigsm\u00fcnster. Ich weise im Voraus auf einige Merkw\u00fcrdigkeiten und unklare Stellen hin:<\/p>\n<p>1. Es wird zwar gesagt, bis wann der sexuelle Missbrauch stattgefunden hat, aber nicht seit wann.<\/p>\n<p>2. Aus welchem Grund wurde im Jahre 2000 sowohl von der Familie des Opfers als auch von Seiten der &#8222;T\u00e4ter-Institution&#8220; von einer Anzeige &#8222;abgesehen&#8220;? Gab es einen Deal? Eine Absprache? Wenn ja, welche?<\/p>\n<p>3. Ist der T\u00e4ter mit seiner Selbstanzeige nicht lediglich einer drohenden Aufdeckung seiner Tat zuvorgekommen? In einem zeitgeschichtlichen Moment, in dem die T\u00e4ter fast im Stundenrhythmus enttarnt werden, erscheint es mir euphemistisch von einer \u00dcbernahme der Verantwortung zu sprechen.<\/p>\n<p>4. Ist die Selbstanzeige des T\u00e4ters eventuell auf \u00e4u\u00dferen Druck erfolgt?<\/p>\n<p><strong>Pressemitteilung<\/strong><\/p>\n<p>Abtei K\u00f6nigsm\u00fcnster zum Thema \u00e2\u20ac\u017eMissbrauch&#8220; &#8211; 16.03.2010<br \/>\nSelbstanzeige eines Mitbruders<\/p>\n<p>Meschede &#8211; Bereits vor einem Monat erstattete ein Mitbruder der Abtei K\u00f6nigsm\u00fcnster bei der Staatsanwaltschaft Arnsberg (AZ: 292 Js 78\/10) Selbstanzeige wegen sexuellen Missbrauchs bis Ende der 90er Jahre. Mit diesem Schritt \u00fcbernahm der Mitbruder die Verantwortung f\u00fcr sein Tun.<\/p>\n<p>Nach erstmaligem Bekanntwerden der Vorw\u00fcrfe im Jahr 2000 wurde der Mitbruder mit<br \/>\nsofortiger Wirkung von seinen Aufgaben entbunden. Die Familie des Betroffenen und die<br \/>\nVerantwortlichen der Abtei haben damals von einer Strafanzeige abgesehen. Zwischen 2000 und 2005 lebte der Mitbruder in einer Abtei im deutschsprachigen Ausland. Den Verantwortlichen dieser Abtei waren die Hintergr\u00fcnde bekannt. W\u00e4hrend dieser Zeit unterzog sich der Mitbruder einer mehrj\u00e4hrigen Therapie.<\/p>\n<p>Mit R\u00fccksicht auf das jetzt laufende Ermittlungsverfahren der Staatsanwaltschaft hat die Abtei zun\u00e4chst von einer Information der \u00d6ffentlichkeit abgesehen. Abt Dominicus hatte im Vorfeld der Selbstanzeige die Di\u00f6zesanleitung in Paderborn und die Leitung der Kongregation von St. Ottilien, zu deren Verbund die Abtei K\u00f6nigsm\u00fcnster geh\u00f6rt,<br \/>\ninformiert.<\/p>\n<p>Im Interesse an einer l\u00fcckenlosen Aufkl\u00e4rung der Sachlage bitten die M\u00f6nche der Abtei darum, dass sich etwaige Opfer missbr\u00e4uchlicher Handlungen melden, damit ihnen gegebenenfalls therapeutische Hilfe zuteil werden kann.<\/p>\n<p>Als Ansprechpartner au\u00dferhalb der Abtei stehen zur Verf\u00fcgung<\/p>\n<p>1) Herr Leitender Staatsanwalt a.D. Heinz-Bruno L\u00fctticke, 59872 Meschede,<br \/>\nMallinckrodtstr. 19, Tel. 0291 \/ 3440<\/p>\n<p>2) Frau Dr. Uta Heidenreich, Rechtsanwaltskanzlei Dolle &amp; Partner, Grafenstr. 77, 59821<br \/>\nArnsberg, Tel. 02931 \/ 52470.<\/p>\n<p>Von Seiten der Abtei ist der Superior der Cella St. Benedikt in Hannover, Pater Dr. Dieter Haite OSB, (Telefon: 0511\/9628810) Ansprechpartner. Bereits 2003 war P. Dieter nach Inkrafttreten der \u00e2\u20ac\u017eLeitlinien zum Vorgehen bei sexuellem Missbrauch Minderj\u00e4hriger durch Geistliche im Bereich im Bereich der Deutschen Ordensobernkonferenz&#8220; als Ansprechpartner f\u00fcr etwaige F\u00e4lle benannt worden. Auch er wird Hinweise vertraulich entgegennehmen.<\/p>\n<p>\u00dcber den weiteren Verlauf und die Ergebnisse der Untersuchung durch die Staatsanwaltschaft wird die Abtei K\u00f6nigsm\u00fcnster die \u00d6ffentlichkeit informieren.<\/p>\n<p>P. Nikolaus Nonn OSB<br \/>\nPresseb\u00fcro Abtei K\u00f6nigsm\u00fcnster<br \/>\nTelefon: 0291\/2995\u00e2\u20ac\u0090263<br \/>\nTelefax: 0291\/2995\u00e2\u20ac\u0090100<br \/>\nE\u00e2\u20ac\u0090Mail: nikolaus@koenigsmuenster.de<\/p>\n","protected":false},"excerpt":{"rendered":"<p>Update 17. M\u00e4rz Ein aktueller Bericht in der FAZ bewertet unter anderem das Verhalten der Klosterleitung: &#8222;In einer Pressemitteilung des Klosters, die am Dienstag, einige Stunden nach einem Gespr\u00e4ch dieser &hellip; <a href=\"https:\/\/www.schiebener.net\/wordpress\/wortlaut-und-kommentar-die-pressemitteilung-der-abtei-konigsmunster-zum-sexuellen-missbrauch\/\" class=\"more-link\"><span class=\"screen-reader-text\">\u201eWortlaut und Kommentar: Die Pressemitteilung der Abtei K\u00f6nigsm\u00fcnster zum sexuellen Missbrauch\u201c <\/span>weiterlesen<\/a><\/p>\n","protected":false},"author":17,"featured_media":0,"comment_status":"open","ping_status":"open","sticky":false,"template":"","format":"standard","meta":{"footnotes":""},"categories":[80,32,24,49],"tags":[1358,264,1222],"class_list":["post-7022","post","type-post","status-publish","format-standard","hentry","category-lokales","category-medien","category-politik","category-religion","tag-abtei-konigsmunster","tag-meschede","tag-sexueller-missbrauch"],"_links":{"self":[{"href":"https:\/\/www.schiebener.net\/wordpress\/wp-json\/wp\/v2\/posts\/7022","targetHints":{"allow":["GET"]}}],"collection":[{"href":"https:\/\/www.schiebener.net\/wordpress\/wp-json\/wp\/v2\/posts"}],"about":[{"href":"https:\/\/www.schiebener.net\/wordpress\/wp-json\/wp\/v2\/types\/post"}],"author":[{"embeddable":true,"href":"https:\/\/www.schiebener.net\/wordpress\/wp-json\/wp\/v2\/users\/17"}],"replies":[{"embeddable":true,"href":"https:\/\/www.schiebener.net\/wordpress\/wp-json\/wp\/v2\/comments?post=7022"}],"version-history":[{"count":0,"href":"https:\/\/www.schiebener.net\/wordpress\/wp-json\/wp\/v2\/posts\/7022\/revisions"}],"wp:attachment":[{"href":"https:\/\/www.schiebener.net\/wordpress\/wp-json\/wp\/v2\/media?parent=7022"}],"wp:term":[{"taxonomy":"category","embeddable":true,"href":"https:\/\/www.schiebener.net\/wordpress\/wp-json\/wp\/v2\/categories?post=7022"},{"taxonomy":"post_tag","embeddable":true,"href":"https:\/\/www.schiebener.net\/wordpress\/wp-json\/wp\/v2\/tags?post=7022"}],"curies":[{"name":"wp","href":"https:\/\/api.w.org\/{rel}","templated":true}]}}