{"id":7017,"date":"2010-03-16T18:24:53","date_gmt":"2010-03-16T17:24:53","guid":{"rendered":"http:\/\/www.schiebener.net\/wordpress\/?p=7017"},"modified":"2010-03-16T18:43:14","modified_gmt":"2010-03-16T17:43:14","slug":"aktuell-missbrauchsfall-im-mescheder-kloster","status":"publish","type":"post","link":"https:\/\/www.schiebener.net\/wordpress\/aktuell-missbrauchsfall-im-mescheder-kloster\/","title":{"rendered":"Aktuell: Missbrauchsfall im Mescheder Kloster"},"content":{"rendered":"<p>Gerade habe ich <a href=\"http:\/\/twitter.com\/DasSauerland\/status\/10577859520\" target=\"_blank\">durch twitter<\/a> die Nachricht \u00fcber einen Fall von sexuellem Missbrauch in der Abtei K\u00f6nigsm\u00fcnster Meschede erhalten. Hier die <a href=\"http:\/\/www.koenigsmuenster.de\/koenigsmuenster\/upload\/Moenche\/rechtes_Menue\/Pressemitteilung_16.03.pdf\" target=\"_blank\">Pressemitteilung der Abtei <\/a>als PDF-Datei. Auch der <a href=\"http:\/\/www.derwesten.de\/staedte\/meschede\/Missbrauchsfall-im-Mescheder-Kloster-id2750130.html\" target=\"_blank\">Westen berichtet aktuell:<\/a><\/p>\n<blockquote><p><strong>Meschede. Auch die Abtei K\u00f6nigsm\u00fcnster ist von einem Fall sexuellen Missbrauchs betroffen. Das Kloster informierte Dienstagabend die \u00d6ffentlichkeit dar\u00fcber. Bereits vor einem Monat erstattete ein Bruder Selbstanzeige. Schon im Jahr 2000 war er von seinen Aufgaben entbunden worden.<\/strong><\/p>\n<p>Bereits vor einem Monat erstattete ein Mitbruder der Abtei K\u00f6nigsm\u00fcnster bei der Staatsanwaltschaft Arnsberg Selbstanzeige wegen sexuellen Missbrauchs bis Ende der 90er Jahre. Mit diesem Schritt \u00fcbernahm der Mitbruder die Verantwortung f\u00fcr sein Tun, hei\u00dft es in einer Pressemitteilung der Abtei K\u00f6nigsm\u00fcnster in Meschede.<\/p><\/blockquote>\n<p>Der Artikel ist noch sehr nebul\u00f6s. Die genauen Fakten und Hintergr\u00fcnde bleiben im Vagen. Ich hoffe, dass staatsanwaltlicher Druck die Aufkl\u00e4rung vorantreibt und die Journalisten hart am Fall bleiben.<\/p>\n<p>Erg\u00e4nzung: Der WP-Artikel referiert im Wesentlichen die Pressemitteilung der Abtei. Dies erkl\u00e4rt die noch fehlende journalistische Tiefe.<\/p>\n","protected":false},"excerpt":{"rendered":"<p>Gerade habe ich durch twitter die Nachricht \u00fcber einen Fall von sexuellem Missbrauch in der Abtei K\u00f6nigsm\u00fcnster Meschede erhalten. Hier die Pressemitteilung der Abtei als PDF-Datei. Auch der Westen berichtet &hellip; <a href=\"https:\/\/www.schiebener.net\/wordpress\/aktuell-missbrauchsfall-im-mescheder-kloster\/\" class=\"more-link\"><span class=\"screen-reader-text\">\u201eAktuell: Missbrauchsfall im Mescheder Kloster\u201c <\/span>weiterlesen<\/a><\/p>\n","protected":false},"author":3,"featured_media":0,"comment_status":"open","ping_status":"open","sticky":false,"template":"","format":"standard","meta":{"footnotes":""},"categories":[80,32,24,49],"tags":[1358,381,264,1222],"class_list":["post-7017","post","type-post","status-publish","format-standard","hentry","category-lokales","category-medien","category-politik","category-religion","tag-abtei-konigsmunster","tag-derwesten","tag-meschede","tag-sexueller-missbrauch"],"_links":{"self":[{"href":"https:\/\/www.schiebener.net\/wordpress\/wp-json\/wp\/v2\/posts\/7017","targetHints":{"allow":["GET"]}}],"collection":[{"href":"https:\/\/www.schiebener.net\/wordpress\/wp-json\/wp\/v2\/posts"}],"about":[{"href":"https:\/\/www.schiebener.net\/wordpress\/wp-json\/wp\/v2\/types\/post"}],"author":[{"embeddable":true,"href":"https:\/\/www.schiebener.net\/wordpress\/wp-json\/wp\/v2\/users\/3"}],"replies":[{"embeddable":true,"href":"https:\/\/www.schiebener.net\/wordpress\/wp-json\/wp\/v2\/comments?post=7017"}],"version-history":[{"count":0,"href":"https:\/\/www.schiebener.net\/wordpress\/wp-json\/wp\/v2\/posts\/7017\/revisions"}],"wp:attachment":[{"href":"https:\/\/www.schiebener.net\/wordpress\/wp-json\/wp\/v2\/media?parent=7017"}],"wp:term":[{"taxonomy":"category","embeddable":true,"href":"https:\/\/www.schiebener.net\/wordpress\/wp-json\/wp\/v2\/categories?post=7017"},{"taxonomy":"post_tag","embeddable":true,"href":"https:\/\/www.schiebener.net\/wordpress\/wp-json\/wp\/v2\/tags?post=7017"}],"curies":[{"name":"wp","href":"https:\/\/api.w.org\/{rel}","templated":true}]}}