{"id":6800,"date":"2010-02-28T22:25:34","date_gmt":"2010-02-28T21:25:34","guid":{"rendered":"http:\/\/www.schiebener.net\/wordpress\/?p=6800"},"modified":"2010-03-01T05:58:09","modified_gmt":"2010-03-01T04:58:09","slug":"der-kreistag-in-meschede-nebensachliche-beobachtungen-eines-besuchers","status":"publish","type":"post","link":"https:\/\/www.schiebener.net\/wordpress\/der-kreistag-in-meschede-nebensachliche-beobachtungen-eines-besuchers\/","title":{"rendered":"Der Kreistag in Meschede: nebens\u00e4chliche Beobachtungen eines Besuchers"},"content":{"rendered":"<p><strong>Am vergangenen Freitag habe ich mir einen halben Tag freigeschaufelt, um den Kreistag in Meschede zu besuchen. &#8222;Geh einfach hin und lass alles auf dich wirken&#8220;, hatte mir ein sachkundiger Bekannter geraten, den ich im Vorfeld um Hilfestellung gebeten hatte. <\/strong><\/p>\n<p>Auf diesen Rat hin habe ich mich mit zehn Bl\u00e4ttern wei\u00dfem Papier und einem schwarzen Fineliner ausger\u00fcstet, um eine Sitzung des Parlaments des Hochsauerlandes &#8222;auf mich wirken&#8220; zu lassen.<\/p>\n<p>Der Kreistag tagt in der Regel im Sitzungssaal &#8222;Sauerland&#8220; des Kreistages. Das ist da, wo auch die schriftlichen Pr\u00fcfungen f\u00fcr den sogenannten Angelschein abgenommen werden.<\/p>\n<p>Besucher m\u00fcssen zwei Treppen h\u00f6her steigen und auf einem Balkon Platz nehmen. Es gibt St\u00fchle links, in der Mitte und rechts. Man sitzt \u00fcber den Kreistagsabgeordneten und blickt auf den Vorsitz des Kreistags, der mittig von Landrat Dr. Karl Schneider als Vorsitzendem dominiert wird.<\/p>\n<p>Ich habe mich sch\u00fcchtern gleich hinter dem Eingang auf einen Stuhl rechts in Blickrichtung Vorsitz gesetzt.<\/p>\n<p>Dort konnte ich die FDP-Fraktion, die CDU-Fraktion und den gr\u00f6\u00dften Teil der SPD-Fraktion \u00fcberblicken.<\/p>\n<p>Die vier Gr\u00fcnen sah ich nur halb, Linke und SBL \u00fcberhaupt nicht.<\/p>\n<p>Soweit die Lage.<\/p>\n<p><strong>Erste Beobachtung:<\/strong> Ich empfand die Akustik als sehr schlecht. Obwohl die Abgeordneten Mikrophone zuschalten konnten, hatte ich Probleme alles zu verstehen. Das H\u00f6ren war eine Qual. Deswegen habe ich L\u00fccken in meinem schriftlichen Protokoll.<\/p>\n<p><strong>Zweite Beobachtung:<\/strong> Da ich nicht alle Abgeordneten sehen konnte, fehlte mir auch bei den Abstimmungen der \u00dcberblick. Schade.<\/p>\n<p><strong>Dritte Beobachtung: <\/strong>Bei den Haushaltsreden von CDU, SPD und FDP blieben die Kreistagsabgeordneten alle brav sitzen und machten einen gesitteten Eindruck. Dieser Eindruck wurde sofort zerst\u00f6rt, als der Fraktionsvorsitzende der Gr\u00fcnen seine Rede hielt. Ich notierte: &#8222;W\u00e4hrend der Rede von Vollmer unterhielten sich die Fraktionsvorsitzenden von CDU und FDP laut miteinander, auch ganz auff\u00e4llig die Hinterb\u00e4nkler der CDU.&#8220;<\/p>\n<p><strong>Vierte Beobachtung:<\/strong> Dieses Verhalten setzte sich bei den Reden von Raberg(Linke) und Loos(SBL) fort. Im Verlauf der mit Zahlen gespickten letzten Rede(Loos) besserte sich das Bild. Der Saal wurde dann wieder voll &#8211; und viele Abgeordnete schienen aufmerksamer zuzuh\u00f6ren.<\/p>\n<p><strong>F\u00fcnfte Beobachtung:<\/strong> In drei Stunden wurden sechs Haushaltsreden gehalten und \u00fcber 40(!) Abstimmungen durchgef\u00fchrt. Das ist von au\u00dfen nicht nachvollziehbar. Es wird kaum diskutiert, es ist fast alles &#8222;Gesch\u00e4ftsordnung&#8220;.<\/p>\n<p><strong>Sechste Beobachtung: <\/strong>Der Kreistag erscheint wie eine Abstimmungsmaschinerie, die Diskussionen werden anscheinend woanders stattfinden, oder?<\/p>\n<p><strong>Fazit:<\/strong> Im Kreistag wird abgestimmt, Politik wird andernorts gemacht. Es macht keinen Spa\u00df, die Kreistagsabgeordneten &#8222;auf sich wirken&#8220; zu lassen.<\/p>\n","protected":false},"excerpt":{"rendered":"<p>Am vergangenen Freitag habe ich mir einen halben Tag freigeschaufelt, um den Kreistag in Meschede zu besuchen. &#8222;Geh einfach hin und lass alles auf dich wirken&#8220;, hatte mir ein sachkundiger &hellip; <a href=\"https:\/\/www.schiebener.net\/wordpress\/der-kreistag-in-meschede-nebensachliche-beobachtungen-eines-besuchers\/\" class=\"more-link\"><span class=\"screen-reader-text\">\u201eDer Kreistag in Meschede: nebens\u00e4chliche Beobachtungen eines Besuchers\u201c <\/span>weiterlesen<\/a><\/p>\n","protected":false},"author":3,"featured_media":0,"comment_status":"open","ping_status":"open","sticky":false,"template":"","format":"standard","meta":{"footnotes":""},"categories":[80,24],"tags":[494],"class_list":["post-6800","post","type-post","status-publish","format-standard","hentry","category-lokales","category-politik","tag-kreistag-meschede"],"_links":{"self":[{"href":"https:\/\/www.schiebener.net\/wordpress\/wp-json\/wp\/v2\/posts\/6800","targetHints":{"allow":["GET"]}}],"collection":[{"href":"https:\/\/www.schiebener.net\/wordpress\/wp-json\/wp\/v2\/posts"}],"about":[{"href":"https:\/\/www.schiebener.net\/wordpress\/wp-json\/wp\/v2\/types\/post"}],"author":[{"embeddable":true,"href":"https:\/\/www.schiebener.net\/wordpress\/wp-json\/wp\/v2\/users\/3"}],"replies":[{"embeddable":true,"href":"https:\/\/www.schiebener.net\/wordpress\/wp-json\/wp\/v2\/comments?post=6800"}],"version-history":[{"count":0,"href":"https:\/\/www.schiebener.net\/wordpress\/wp-json\/wp\/v2\/posts\/6800\/revisions"}],"wp:attachment":[{"href":"https:\/\/www.schiebener.net\/wordpress\/wp-json\/wp\/v2\/media?parent=6800"}],"wp:term":[{"taxonomy":"category","embeddable":true,"href":"https:\/\/www.schiebener.net\/wordpress\/wp-json\/wp\/v2\/categories?post=6800"},{"taxonomy":"post_tag","embeddable":true,"href":"https:\/\/www.schiebener.net\/wordpress\/wp-json\/wp\/v2\/tags?post=6800"}],"curies":[{"name":"wp","href":"https:\/\/api.w.org\/{rel}","templated":true}]}}