{"id":6698,"date":"2010-02-17T21:50:26","date_gmt":"2010-02-17T20:50:26","guid":{"rendered":"http:\/\/www.schiebener.net\/wordpress\/?p=6698"},"modified":"2010-02-17T21:50:26","modified_gmt":"2010-02-17T20:50:26","slug":"eigentlich-wollte-ich-heute-auf-die-linke-einprugeln","status":"publish","type":"post","link":"https:\/\/www.schiebener.net\/wordpress\/eigentlich-wollte-ich-heute-auf-die-linke-einprugeln\/","title":{"rendered":"Eigentlich wollte ich heute auf die Linke einpr\u00fcgeln &#8230;"},"content":{"rendered":"<p>Heute wollte ich auf die Linke einpr\u00fcgeln. Das hatte ich mir schon seit mehreren Tagen vorgenommen. Seit den <a href=\"http:\/\/www.wdr.de\/_wahl09_\/html\/958.php5\" target=\"_blank\">Kommunalwahlen 2009<\/a> sitzen zwei Vertreter im Kreistag des Hochsauerlandkreises. Gew\u00e4hlt worden sind sie wahrscheinlich von Menschen, die unzufrieden waren, die Hartz IV, die CDU und die SPD Mist fanden und mit den Gr\u00fcnen nichts anzufangen wussten.<\/p>\n<p>Diese W\u00e4hler wollten im Hochsauerland eine Stimme haben, eine Stimme auch im Kreistag. So ist das mit der repr\u00e4sentativen Demokratie.<\/p>\n<p>Die Stimme der Linken aus dem Kreistag ist hier im Hochsauerlandkreis \u00fcberhaupt nicht zu h\u00f6ren.<\/p>\n<p>Die Partei der Linken kommt ihrem W\u00e4hlerauftrag seit mehr als 5 Monaten nicht nach.<\/p>\n<p>Im Lande tobt hoch und runter die Hartz IV Debatte, ein origin\u00e4res Thema der Linken. Die Linke im Hochsauerland &#8211; schweigt.<\/p>\n<p>Die geplanten Steuersenkungen bedrohen die Handlungsf\u00e4higkeit der Kommunen, ein origin\u00e4res Thema der Linken. Die Linke im Hochsauerland &#8211; schweigt.<\/p>\n<p>In den Schulen werden die Unterprivilegierten in den Hauptschulen festgenagelt, ein origin\u00e4res Thema der Linken. Die Linke im Hochsauerlandkreis\u00a0 &#8211; schweigt.<\/p>\n<p>Die \u00f6deste Website im Hochsauerlandkreis\u00a0 war bislang die <a href=\"http:\/\/www.dielinke-hsk.de\/\" target=\"_blank\">Website der Linken HSK<\/a>. Kaum lokale Nachrichten, kaum lokale Infos.<\/p>\n<p>Heute nun finde ich auf der Website der Linken HSK eine<a href=\"http:\/\/www.die-linke-sauerland.de\/uploads\/media\/Einladung_Kreismitgliederversammlung__1_.doc\" target=\"_blank\"> Einladung zur Kreismitgliederversammlung<\/a> der Linken HSK im WORD-Format. Diese Einladung ist zugegebenerma\u00dfen ein Neuigkeit.<\/p>\n<p>Schade nur, dass sie ebenfalls v\u00f6llig \u00f6de ist, da sie keinerlei politische Inhalte enth\u00e4lt:<\/p>\n<blockquote><p>Liebe Mitglieder,<br \/>\nam 09.05.2010 findet die Landtagswahl in NRW statt.<br \/>\nWir m\u00f6chten Euch herzlich einladen, an unserer Aufstellungsversammlung f\u00fcr die beiden Wahlkreise des Hochsauerlandkreises teilzunehmen.<br \/>\nEs ist uns ein Anliegen, dass bei dieser Landtagswahl &#8222;Schwarz Gelb&#8220; nicht zum Zuge kommt und wir im Bundesrat die Mehrheiten ver\u00e4ndern.<br \/>\nUm auch hier vor Ort\u00a0 unseren Teil dazu beizutragen m\u00f6chten wir Euch bitten, zahlreich am<\/p>\n<p>21.02.2010 um 10.30 Uhr<br \/>\nin die Gastst\u00e4tte Canisius Schiffchen<br \/>\nMittelstra\u00dfe 9<br \/>\n59939 Olsberg\u00a0 zu kommen.<\/p>\n<p>Die folgende Tagesordnung m\u00f6chten wir Euch vorschlagen:<br \/>\nBegr\u00fc\u00dfung durch den Kreisvorstand<br \/>\nWahl der Versammlungsleitung<br \/>\nWahl des Protokollf\u00fchrers<br \/>\nWahl der Mandatspr\u00fcfungskommission<br \/>\nWahl der Wahl- und Z\u00e4hlkommission<br \/>\nBestimmung der Vertrauensperson\u00a0 &#8222;zur Einreichung der Wahlvorschl\u00e4ge&#8220;<br \/>\nWahl\u00a0 der\/des Kandidat\/&#8217;In f\u00fcr den Wahlkreis I- 124 Arnsberg, Schmallenberg, ,Sundern,\u00a0 Eslohe<br \/>\nWahl der\/des Kandidat\/In f\u00fcr den Wahlkreis II- 125 Bestwig, Brilon, Hallenberg,,Marsberg, Medebach, Meschede, Olsberg und Winterberg<\/p>\n<p>Nominierung der 2 w\/m\u00a0 Delegierten f\u00fcr die drei Kreisverb\u00e4nde Hamm, Hochsauerlandkreis, Soest f\u00fcr den Bundesparteitag<br \/>\neventuelle Nachwahlen der Stellvertreter f\u00fcr die Delegierten zum Landesparteitag<br \/>\nVerschiedenes<\/p>\n<p>Um den reibungslosen Ablauf der Wahl zu gew\u00e4hrleisten, bittet die Wahlkoordination der Partei DIE LINKE. NRW, dass sich f\u00fcr die folgenden Aufgabenbereiche,\u00a0 Personen im Hochsauerlandkreis als Vermittler zwischen der Landespartei und dem Kreisverband zur Verf\u00fcgung stellen. Auch diese Personen m\u00fcssen gew\u00e4hlt werden.<br \/>\n1.Wahlkoordination\u00a0 &#8211; quotiert<br \/>\n2. Materialverantwortliche\/r<br \/>\n3. Aktivierungsverantwortliche\/r<br \/>\n4. Organisationsverantwortliche\/r<br \/>\n5. Verantwortliche Frauenwahlkampf<br \/>\n6. Verantwortliche\/r Jugendwahlkampf<\/p><\/blockquote>\n","protected":false},"excerpt":{"rendered":"<p>Heute wollte ich auf die Linke einpr\u00fcgeln. Das hatte ich mir schon seit mehreren Tagen vorgenommen. Seit den Kommunalwahlen 2009 sitzen zwei Vertreter im Kreistag des Hochsauerlandkreises. Gew\u00e4hlt worden sind &hellip; <a href=\"https:\/\/www.schiebener.net\/wordpress\/eigentlich-wollte-ich-heute-auf-die-linke-einprugeln\/\" class=\"more-link\"><span class=\"screen-reader-text\">\u201eEigentlich wollte ich heute auf die Linke einpr\u00fcgeln &#8230;\u201c <\/span>weiterlesen<\/a><\/p>\n","protected":false},"author":3,"featured_media":0,"comment_status":"open","ping_status":"open","sticky":false,"template":"","format":"standard","meta":{"footnotes":""},"categories":[80,24],"tags":[212,1308,256],"class_list":["post-6698","post","type-post","status-publish","format-standard","hentry","category-lokales","category-politik","tag-hochsauerland","tag-kreismitgliederversammlung","tag-linke"],"_links":{"self":[{"href":"https:\/\/www.schiebener.net\/wordpress\/wp-json\/wp\/v2\/posts\/6698","targetHints":{"allow":["GET"]}}],"collection":[{"href":"https:\/\/www.schiebener.net\/wordpress\/wp-json\/wp\/v2\/posts"}],"about":[{"href":"https:\/\/www.schiebener.net\/wordpress\/wp-json\/wp\/v2\/types\/post"}],"author":[{"embeddable":true,"href":"https:\/\/www.schiebener.net\/wordpress\/wp-json\/wp\/v2\/users\/3"}],"replies":[{"embeddable":true,"href":"https:\/\/www.schiebener.net\/wordpress\/wp-json\/wp\/v2\/comments?post=6698"}],"version-history":[{"count":0,"href":"https:\/\/www.schiebener.net\/wordpress\/wp-json\/wp\/v2\/posts\/6698\/revisions"}],"wp:attachment":[{"href":"https:\/\/www.schiebener.net\/wordpress\/wp-json\/wp\/v2\/media?parent=6698"}],"wp:term":[{"taxonomy":"category","embeddable":true,"href":"https:\/\/www.schiebener.net\/wordpress\/wp-json\/wp\/v2\/categories?post=6698"},{"taxonomy":"post_tag","embeddable":true,"href":"https:\/\/www.schiebener.net\/wordpress\/wp-json\/wp\/v2\/tags?post=6698"}],"curies":[{"name":"wp","href":"https:\/\/api.w.org\/{rel}","templated":true}]}}