{"id":64648,"date":"2026-08-30T22:03:23","date_gmt":"2026-08-30T20:03:23","guid":{"rendered":"https:\/\/www.schiebener.net\/wordpress\/?p=64648"},"modified":"2026-08-30T22:05:05","modified_gmt":"2026-08-30T20:05:05","slug":"sparkassenfirmenlauf-durch-bundeswehr-gesponsert","status":"publish","type":"post","link":"https:\/\/www.schiebener.net\/wordpress\/sparkassenfirmenlauf-durch-bundeswehr-gesponsert\/","title":{"rendered":"Sparkassenfirmenlauf durch Bundeswehr gesponsert"},"content":{"rendered":"\n<h3 class=\"wp-block-heading\">Mescheder Friedensforum sieht schleichende Militarisierung der Gesellschaft<\/h3>\n\n\n<div class=\"wp-block-image\">\n<figure class=\"aligncenter size-full\"><img loading=\"lazy\" decoding=\"async\" width=\"575\" height=\"575\" src=\"https:\/\/www.schiebener.net\/wordpress\/wp-content\/uploads\/2023\/04\/2023041401Friedenstaube.jpg\" alt=\"\" class=\"wp-image-54796\" srcset=\"https:\/\/www.schiebener.net\/wordpress\/wp-content\/uploads\/2023\/04\/2023041401Friedenstaube.jpg 575w, https:\/\/www.schiebener.net\/wordpress\/wp-content\/uploads\/2023\/04\/2023041401Friedenstaube-300x300.jpg 300w, https:\/\/www.schiebener.net\/wordpress\/wp-content\/uploads\/2023\/04\/2023041401Friedenstaube-150x150.jpg 150w\" sizes=\"auto, (max-width: 575px) 85vw, 575px\" \/><figcaption class=\"wp-element-caption\">Symbolbild: Frieden <\/figcaption><\/figure>\n<\/div>\n\n\n<p class=\"wp-block-paragraph\"><strong>Am 02.09.26 findet der 12. Sparkassenfirmenlauf der Sparkasse Hochsauerlandkreis statt.<\/strong><\/p>\n\n\n\n<p class=\"wp-block-paragraph\"><em>(Pressemitteilung MFF)<\/em><\/p>\n\n\n\n<p class=\"wp-block-paragraph\">Das Mescheder Friedensforum (MFF) begr\u00fc\u00dft eine solche sportliche Gro\u00dfveranstaltung, wie sie auch von der Sparkasse (SPK) angek\u00fcndigt wurde.<\/p>\n\n\n\n<p class=\"wp-block-paragraph\">\u201eWenn am Mittwoch, 2. September 2026, in Meschede wieder die Laufschuhe geschn\u00fcrt werden, geht es um weit mehr als nur um sportliche Leistung. Der Sparkassen-Firmenlauf steht seit Jahren f\u00fcr Gemeinschaft, Motivation und gelebten Zusammenhalt in der heimischen Wirtschaft. Jahr f\u00fcr Jahr kommen rund 3.000 Teilnehmende aus mehr als 150 Unternehmen zusammen, um gemeinsam ein Zeichen f\u00fcr Teamgeist, Gesundheit und regionale Verbundenheit zu setzen.\u201c<\/p>\n\n\n\n<p class=\"wp-block-paragraph\">( Pressemitteilung zum 12. Sparkassenfirmenlauf vom 15.06.26 der SPK Hochsauerlandkreis )<\/p>\n\n\n\n<p class=\"wp-block-paragraph\">Scheinbar erkennt auch die Bundeswehr die Zeichen f\u00fcr Teamgeist, Gesundheit und regionale Verbundenheit, tritt sie doch offensiv als einer der Hauptsponsoren dieses Sportereignisses auf.<\/p>\n\n\n\n<!--more-->\n\n\n\n<p class=\"wp-block-paragraph\">Jedoch das Eintreten f\u00fcr Teamgeist durch die Bundeswehr befremdet, ist doch Unterordnung, Gehorsam und Drill der vorherrschende (Un)-geist. Das Eintreten f\u00fcr Gesundheit mutet merkw\u00fcrdig an, wenn am Ende der Karriere in der Bundeswehr und als Konsequenz von Kriegsert\u00fcchtigung und Kriegsvorbereitung m\u00f6glicherweise ein Ende im Sch\u00fctzengraben droht.<\/p>\n\n\n\n<p class=\"wp-block-paragraph\">Und die regionale Verbundenheit ist die militaristische Folklore, um den Operationsplan Deutschland als zivilen und milit\u00e4rischen Verteidigungsplan und die Bundeswehr als solche als \u201ePartner\u201c der Gesellschaft regional zu verankern.<\/p>\n\n\n\n<p class=\"wp-block-paragraph\">Das MFF bedauert sehr, dass hier kein anderer Sponsor gefunden werden konnte.<\/p>\n\n\n\n<p class=\"wp-block-paragraph\">Bei genauerer Betrachtung handelt es sich beim Bundeswehrsponsoring um nichts anderes<\/p>\n\n\n\n<p class=\"wp-block-paragraph\">als einen weiteren Baustein einer schleichenden Militarisierung der Gesellschaft und die Herstellung eines Gew\u00f6hnungseffektes milit\u00e4rischer Pr\u00e4senz in der Zivilgesellschaft.<\/p>\n\n\n\n<p class=\"wp-block-paragraph\">Der Umsetzung des Ziels einer Friedensstadt Meschede, wie vom MFF angestrebt, ist die Bundeswehrunterst\u00fctzung f\u00fcr den Sparkassenlauf nicht dienlich.&nbsp;<\/p>\n\n\n\n<p class=\"wp-block-paragraph\"><\/p>\n","protected":false},"excerpt":{"rendered":"<p>Mescheder Friedensforum sieht schleichende Militarisierung der Gesellschaft Am 02.09.26 findet der 12. Sparkassenfirmenlauf der Sparkasse Hochsauerlandkreis statt. (Pressemitteilung MFF) Das Mescheder Friedensforum (MFF) begr\u00fc\u00dft eine solche sportliche Gro\u00dfveranstaltung, wie sie &hellip; <a href=\"https:\/\/www.schiebener.net\/wordpress\/sparkassenfirmenlauf-durch-bundeswehr-gesponsert\/\" class=\"more-link\"><span class=\"screen-reader-text\">\u201eSparkassenfirmenlauf durch Bundeswehr gesponsert\u201c <\/span>weiterlesen<\/a><\/p>\n","protected":false},"author":17,"featured_media":0,"comment_status":"open","ping_status":"open","sticky":false,"template":"","format":"standard","meta":{"footnotes":""},"categories":[303,80,1043],"tags":[228,9410],"class_list":["post-64648","post","type-post","status-publish","format-standard","hentry","category-in-unserem-briefkasten","category-lokales","category-pressemitteilungen","tag-bundeswehr","tag-mescheder-friedensforum"],"_links":{"self":[{"href":"https:\/\/www.schiebener.net\/wordpress\/wp-json\/wp\/v2\/posts\/64648","targetHints":{"allow":["GET"]}}],"collection":[{"href":"https:\/\/www.schiebener.net\/wordpress\/wp-json\/wp\/v2\/posts"}],"about":[{"href":"https:\/\/www.schiebener.net\/wordpress\/wp-json\/wp\/v2\/types\/post"}],"author":[{"embeddable":true,"href":"https:\/\/www.schiebener.net\/wordpress\/wp-json\/wp\/v2\/users\/17"}],"replies":[{"embeddable":true,"href":"https:\/\/www.schiebener.net\/wordpress\/wp-json\/wp\/v2\/comments?post=64648"}],"version-history":[{"count":2,"href":"https:\/\/www.schiebener.net\/wordpress\/wp-json\/wp\/v2\/posts\/64648\/revisions"}],"predecessor-version":[{"id":64650,"href":"https:\/\/www.schiebener.net\/wordpress\/wp-json\/wp\/v2\/posts\/64648\/revisions\/64650"}],"wp:attachment":[{"href":"https:\/\/www.schiebener.net\/wordpress\/wp-json\/wp\/v2\/media?parent=64648"}],"wp:term":[{"taxonomy":"category","embeddable":true,"href":"https:\/\/www.schiebener.net\/wordpress\/wp-json\/wp\/v2\/categories?post=64648"},{"taxonomy":"post_tag","embeddable":true,"href":"https:\/\/www.schiebener.net\/wordpress\/wp-json\/wp\/v2\/tags?post=64648"}],"curies":[{"name":"wp","href":"https:\/\/api.w.org\/{rel}","templated":true}]}}