{"id":64140,"date":"2026-05-29T19:32:25","date_gmt":"2026-05-29T17:32:25","guid":{"rendered":"https:\/\/www.schiebener.net\/wordpress\/?p=64140"},"modified":"2026-05-29T20:33:47","modified_gmt":"2026-05-29T18:33:47","slug":"waldbegang-zwischen-minenplatz-und-nordhang","status":"publish","type":"post","link":"https:\/\/www.schiebener.net\/wordpress\/waldbegang-zwischen-minenplatz-und-nordhang\/","title":{"rendered":"Waldbegang zwischen Minenplatz und Nordhang"},"content":{"rendered":"\n<h3 class=\"wp-block-heading\">Zweieinhalb spannende und interessante Stunden mit dem Winterberger Forstamtsleiter <\/h3>\n\n\n<div class=\"wp-block-image\">\n<figure class=\"aligncenter size-large\"><a href=\"https:\/\/www.schiebener.net\/wordpress\/wp-content\/uploads\/2026\/05\/2026052702Waldbegang.jpg\" target=\"_blank\" rel=\" noreferrer noopener\"><img loading=\"lazy\" decoding=\"async\" width=\"1024\" height=\"683\" src=\"https:\/\/www.schiebener.net\/wordpress\/wp-content\/uploads\/2026\/05\/2026052702Waldbegang-1024x683.jpg\" alt=\"\" class=\"wp-image-64144\" srcset=\"https:\/\/www.schiebener.net\/wordpress\/wp-content\/uploads\/2026\/05\/2026052702Waldbegang-1024x683.jpg 1024w, https:\/\/www.schiebener.net\/wordpress\/wp-content\/uploads\/2026\/05\/2026052702Waldbegang-300x200.jpg 300w, https:\/\/www.schiebener.net\/wordpress\/wp-content\/uploads\/2026\/05\/2026052702Waldbegang-768x512.jpg 768w, https:\/\/www.schiebener.net\/wordpress\/wp-content\/uploads\/2026\/05\/2026052702Waldbegang-1536x1024.jpg 1536w, https:\/\/www.schiebener.net\/wordpress\/wp-content\/uploads\/2026\/05\/2026052702Waldbegang-1200x800.jpg 1200w, https:\/\/www.schiebener.net\/wordpress\/wp-content\/uploads\/2026\/05\/2026052702Waldbegang.jpg 2048w\" sizes=\"auto, (max-width: 709px) 85vw, (max-width: 909px) 67vw, (max-width: 1362px) 62vw, 840px\" \/><\/a><figcaption class=\"wp-element-caption\">Max Lange (orange Weste) mit einem Teil der Gruppe zwischen Neuanpflanzungen auf einem Verj\u00fcngungsareal. (Foto: Norbert Kremser)<\/figcaption><\/figure>\n<\/div>\n\n\n<p class=\"wp-block-paragraph\"><strong>Auf Einladung der Initiative \u201eWinterberger KlimaZukunft\u201c fand am vergangenen Mittwoch im Forstgebiet zwischen Minenplatz und dem Nordhang des Kahlen Asten ein Waldbegang mit Forstamtsleiter Max Lange statt.<\/strong><\/p>\n\n\n\n<p class=\"wp-block-paragraph\">Forstoberinspektor Lange fesselte die sehr interessierten B\u00fcrgerinnen und B\u00fcrger mit vielen Einblicken und zahlreichen Details auf dem Spaziergang durch den Winterberger Waldbestand.<\/p>\n\n\n\n<p class=\"wp-block-paragraph\">In gut zweieinhalb Stunden konnten sowohl in kleinen Vortr\u00e4gen als auch in zahlreichen Einzelgespr\u00e4chen viele Fragen rund um das Thema &#8222;Wald&#8220; angesprochen und beantwortet werden.<\/p>\n\n\n\n<p class=\"wp-block-paragraph\">Nach den St\u00fcrmen Kyrill (2007) und Friederike (2018) habe eine mehrj\u00e4hrige D\u00fcrre dem Wald derart zugesetzt, dass gro\u00dfe Teile des Fichtenbestandes dem Borkenk\u00e4fer zum Opfer gefallen seien.<\/p>\n\n\n\n<p class=\"wp-block-paragraph\">Dies betreffe ca. 600 von 3500 Hektar Stadtwald. Der restliche Wald sei zwar geschw\u00e4cht, aber laut Max Lange immer noch sehr stabil. Das gelbe Aussehen der Fichten rund um den Minenplatz r\u00fchre von der diesj\u00e4hrigen Bl\u00fcte der Nadelb\u00e4ume her.<\/p>\n\n\n\n<!--more-->\n\n\n\n<p class=\"wp-block-paragraph\">Der Winterberger Forst besteht momentan zu etwa 40&nbsp;% aus Buchen und zu 60&nbsp;% aus Fichten. Der bundesweite Waldschadensbericht f\u00fcr 2025 zeigt erstmals eine leichte Erholung. Allerdings gibt es derzeit keine Baumart, die wirklich gesund ist.<\/p>\n\n\n\n<p class=\"wp-block-paragraph\">Der Klimawandel werde auch in Zukunft den Winterberger Forst belasten. Dabei sind nicht die h\u00f6heren Temperaturen das Problem, sondern die immer wahrscheinlicher werdenden Trockenperioden. Deshalb richtet das Forstamt den Blick regelm\u00e4\u00dfig auf den bundesweiten D\u00fcrremonitor. Auch der heute junge Wald wird in den kommenden Jahrzehnten D\u00fcrren erleben, davon ist Max Lange \u00fcberzeugt.<\/p>\n\n\n\n<p class=\"wp-block-paragraph\">Um einem gro\u00dffl\u00e4chigen Waldsterben zu begegnen, ist \u201eDurchmischung\u201d das Zauberwort. Winterberg setze dabei auf Baumarten wie Douglasie, Ahorn, Eiche und L\u00e4rche. Auch die Wei\u00dftanne sei interessant. Der Ahorn ist sehr verj\u00fcngungsfreudig und die L\u00e4rche schnellwachsend. Da sie die einzige Nadelbaumart ist, die im Herbst ihre Bl\u00e4tter abwirft, ist sie im Gegensatz zu anderen Nadelh\u00f6lzern lichtdurchl\u00e4ssiger und damit geselliger.<\/p>\n\n\n\n<p class=\"wp-block-paragraph\">Der Wald, so Max Lange, ist ein Wirtschaftsforst. Die B\u00e4ume werden regelm\u00e4\u00dfig geerntet und tragen zur Finanzierung der Stadt Winterberg bei.<\/p>\n\n\n\n<p class=\"wp-block-paragraph\">Durch die Herabsetzung des Einschlagsalters der Fichte von 120 auf 80 Jahre ist es dem Forstamt gelungen, den Finanzfluss an die Stadtkasse stabil zu halten. Gleichzeitig sind durch die hohe Nachfrage der S\u00e4gewerke die Holzpreise von 30 auf 120 Euro pro Kubikmeter gestiegen.<\/p>\n\n\n<div class=\"wp-block-image\">\n<figure class=\"aligncenter size-large\"><a href=\"https:\/\/www.schiebener.net\/wordpress\/wp-content\/uploads\/2026\/05\/2026052701Waldbegang.jpg\" target=\"_blank\" rel=\" noreferrer noopener\"><img loading=\"lazy\" decoding=\"async\" width=\"1024\" height=\"683\" src=\"https:\/\/www.schiebener.net\/wordpress\/wp-content\/uploads\/2026\/05\/2026052701Waldbegang-1024x683.jpg\" alt=\"\" class=\"wp-image-64145\" srcset=\"https:\/\/www.schiebener.net\/wordpress\/wp-content\/uploads\/2026\/05\/2026052701Waldbegang-1024x683.jpg 1024w, https:\/\/www.schiebener.net\/wordpress\/wp-content\/uploads\/2026\/05\/2026052701Waldbegang-300x200.jpg 300w, https:\/\/www.schiebener.net\/wordpress\/wp-content\/uploads\/2026\/05\/2026052701Waldbegang-768x512.jpg 768w, https:\/\/www.schiebener.net\/wordpress\/wp-content\/uploads\/2026\/05\/2026052701Waldbegang-1536x1024.jpg 1536w, https:\/\/www.schiebener.net\/wordpress\/wp-content\/uploads\/2026\/05\/2026052701Waldbegang-1200x800.jpg 1200w, https:\/\/www.schiebener.net\/wordpress\/wp-content\/uploads\/2026\/05\/2026052701Waldbegang.jpg 2048w\" sizes=\"auto, (max-width: 709px) 85vw, (max-width: 909px) 67vw, (max-width: 1362px) 62vw, 840px\" \/><\/a><figcaption class=\"wp-element-caption\">Gespr\u00e4che und Diskussion vor einem Waldst\u00fcck mit 140 Jahre alten Fichten (Foto: Norbert Kremser)<\/figcaption><\/figure>\n<\/div>\n\n\n<p class=\"wp-block-paragraph\">Angesichts des Klimawandels ist es nicht sinnvoll, den Forst in einen Urwald verwandeln zu lassen, denn altes, verrottendes Holz setzt das zuvor durch den Baum gebundene CO<sub>2 <\/sub>wieder frei. Der Wald wandelt sich dann von einer Kohlenstoffsenke zu einer Kohlenstoffquelle. Klimafreundlicher sei hingegen die Verwendung als Bauholz.<\/p>\n\n\n\n<p class=\"wp-block-paragraph\">Nur durch aktive Waldpflege kann der Mischwald erhalten werden.<\/p>\n\n\n\n<p class=\"wp-block-paragraph\">Ein gro\u00dfes Problem bei der Aufforstung sei der Verbiss durch das Rehwild. Es habe sich stark vermehrt und m\u00fcsse nachdr\u00fccklicher bejagt werden.<\/p>\n\n\n\n<p class=\"wp-block-paragraph\">Auch in Winterberg ist die Schweinepest angekommen. Vom Helleplatz bis hinunter zum Radweg Z\u00fcschen-Hallenberg wurden Schutzz\u00e4une errichtet.<\/p>\n\n\n\n<p class=\"wp-block-paragraph\">Der Mountainbike-Tourismus bereitet in Winterberg kein gr\u00f6\u00dferes Problem. Die Radfahrer:innen k\u00f6nnten sich allerdings beliebter machen, wenn sie beim \u00dcberholen von Wandernden ihre Klingel oder ein freundliches \u201eHallo!\u201d einsetzen w\u00fcrden.<\/p>\n\n\n\n<p class=\"wp-block-paragraph\"><br \/><strong>Kontakt zur Klimagruppe: KlimaFuture@web.de<\/strong><\/p>\n\n\n\n<figure class=\"wp-block-image size-full\"><img loading=\"lazy\" decoding=\"async\" width=\"590\" height=\"390\" src=\"https:\/\/www.schiebener.net\/wordpress\/wp-content\/uploads\/2026\/05\/20260526LogoKlimainitiative.jpg\" alt=\"\" class=\"wp-image-64128\" srcset=\"https:\/\/www.schiebener.net\/wordpress\/wp-content\/uploads\/2026\/05\/20260526LogoKlimainitiative.jpg 590w, https:\/\/www.schiebener.net\/wordpress\/wp-content\/uploads\/2026\/05\/20260526LogoKlimainitiative-300x198.jpg 300w\" sizes=\"auto, (max-width: 590px) 85vw, 590px\" \/><\/figure>\n","protected":false},"excerpt":{"rendered":"<p>Zweieinhalb spannende und interessante Stunden mit dem Winterberger Forstamtsleiter Auf Einladung der Initiative \u201eWinterberger KlimaZukunft\u201c fand am vergangenen Mittwoch im Forstgebiet zwischen Minenplatz und dem Nordhang des Kahlen Asten ein &hellip; <a href=\"https:\/\/www.schiebener.net\/wordpress\/waldbegang-zwischen-minenplatz-und-nordhang\/\" class=\"more-link\"><span class=\"screen-reader-text\">\u201eWaldbegang zwischen Minenplatz und Nordhang\u201c <\/span>weiterlesen<\/a><\/p>\n","protected":false},"author":3,"featured_media":0,"comment_status":"open","ping_status":"open","sticky":false,"template":"","format":"standard","meta":{"footnotes":""},"categories":[8406,80,549],"tags":[7362,322],"class_list":["post-64140","post","type-post","status-publish","format-standard","hentry","category-klimakrise","category-lokales","category-umwelt","tag-wald-und-forst","tag-winterberg"],"_links":{"self":[{"href":"https:\/\/www.schiebener.net\/wordpress\/wp-json\/wp\/v2\/posts\/64140","targetHints":{"allow":["GET"]}}],"collection":[{"href":"https:\/\/www.schiebener.net\/wordpress\/wp-json\/wp\/v2\/posts"}],"about":[{"href":"https:\/\/www.schiebener.net\/wordpress\/wp-json\/wp\/v2\/types\/post"}],"author":[{"embeddable":true,"href":"https:\/\/www.schiebener.net\/wordpress\/wp-json\/wp\/v2\/users\/3"}],"replies":[{"embeddable":true,"href":"https:\/\/www.schiebener.net\/wordpress\/wp-json\/wp\/v2\/comments?post=64140"}],"version-history":[{"count":0,"href":"https:\/\/www.schiebener.net\/wordpress\/wp-json\/wp\/v2\/posts\/64140\/revisions"}],"wp:attachment":[{"href":"https:\/\/www.schiebener.net\/wordpress\/wp-json\/wp\/v2\/media?parent=64140"}],"wp:term":[{"taxonomy":"category","embeddable":true,"href":"https:\/\/www.schiebener.net\/wordpress\/wp-json\/wp\/v2\/categories?post=64140"},{"taxonomy":"post_tag","embeddable":true,"href":"https:\/\/www.schiebener.net\/wordpress\/wp-json\/wp\/v2\/tags?post=64140"}],"curies":[{"name":"wp","href":"https:\/\/api.w.org\/{rel}","templated":true}]}}