{"id":63584,"date":"2026-03-17T10:15:59","date_gmt":"2026-03-17T09:15:59","guid":{"rendered":"https:\/\/www.schiebener.net\/wordpress\/?p=63584"},"modified":"2026-03-17T10:25:36","modified_gmt":"2026-03-17T09:25:36","slug":"vor-50-jahren-in-sasbach-der-hoffnungsvolle-aufbruch-der-erneuerbaren-energien","status":"publish","type":"post","link":"https:\/\/www.schiebener.net\/wordpress\/vor-50-jahren-in-sasbach-der-hoffnungsvolle-aufbruch-der-erneuerbaren-energien\/","title":{"rendered":"Vor 50 Jahren in Sasbach: Der hoffnungsvolle Aufbruch der Erneuerbaren Energien"},"content":{"rendered":"\n<h3 class=\"wp-block-heading\"><strong>Ein regionaler Traum wird zum weltweiten Erfolg<\/strong><\/h3>\n\n\n<div class=\"wp-block-image\">\n<figure class=\"aligncenter size-full\"><a href=\"https:\/\/www.schiebener.net\/wordpress\/wp-content\/uploads\/2026\/03\/2026031701SonnentageSasbach.jpg\" target=\"_blank\" rel=\" noreferrer noopener\"><img loading=\"lazy\" decoding=\"async\" width=\"1024\" height=\"579\" src=\"https:\/\/www.schiebener.net\/wordpress\/wp-content\/uploads\/2026\/03\/2026031701SonnentageSasbach.jpg\" alt=\"Ein alternatives kleines Messegel\u00e4nde auf grauem Schotter. Kleine St\u00e4nde mit Anlagen der erneuerbaren Energien. Details sind nicht zu erkennen. Kinder und Erwachsene verteilt auf dem Gel\u00e4nde. Links eine gro\u00dfe Halle, rechts und im Hintergrund Wiesen, H\u00e4user und Wald. Im Vordergrund gehen zwei Frauen an PKW (VW-K\u00e4fer, und ein anderes) vorbei.\" class=\"wp-image-63585\" srcset=\"https:\/\/www.schiebener.net\/wordpress\/wp-content\/uploads\/2026\/03\/2026031701SonnentageSasbach.jpg 1024w, https:\/\/www.schiebener.net\/wordpress\/wp-content\/uploads\/2026\/03\/2026031701SonnentageSasbach-300x170.jpg 300w, https:\/\/www.schiebener.net\/wordpress\/wp-content\/uploads\/2026\/03\/2026031701SonnentageSasbach-768x434.jpg 768w\" sizes=\"auto, (max-width: 709px) 85vw, (max-width: 909px) 67vw, (max-width: 1362px) 62vw, 840px\" \/><\/a><figcaption class=\"wp-element-caption\">Sonnentage Sasbach 1976 (Foto Erhard Schulz)<\/figcaption><\/figure>\n<\/div>\n\n\n<p><strong>Ende Mai 1976 veranstalteten einige Aktive des damals frisch gegr\u00fcndeten Bund f\u00fcr Umwelt und Naturschutz und die badisch-els\u00e4ssischen B\u00fcrgerinitiativen die weltweit erste und gr\u00f6\u00dfte Ausstellung zu alternativen Energien in Sasbach am Kaiserstuhl. Der Widerstand gegen das <a href=\"https:\/\/www.mitwelt.org\/kein-akw-in-wyhl.html\">im Nachbardorf Wyhl geplante AKW,<\/a> das ber\u00fchmte<a href=\"https:\/\/www.mitwelt.org\/nai-haemmer-gsait.html\" target=\"_blank\" rel=\"noreferrer noopener\">&nbsp;&#8222;Nai h\u00e4mmer gsait&#8220;<\/a> war den Aktiven nicht genug. Es galt nicht nur &#8222;dagegen zu sein&#8220;, sondern auch die Alternativen zur Atomenergie aufzuzeigen. Die Ausstellung fand 3 Jahre nach der gro\u00dfen \u00d6lkrise 1973 mit ihren vier Sonntagsfahrverboten statt, ein \u00d6lpreisschock der heute wieder Erinnerungen weckt.<\/strong><\/p>\n\n\n\n<p><em>(Axel Mayer, <a href=\"https:\/\/www.mitwelt.org\/sasbach-sonnentage-solar-ausstellung.html\" target=\"_blank\" rel=\"noreferrer noopener\">Mitwelt Stiftung Oberrhein<\/a>)<\/em><strong><br \/><\/strong><br \/>Aus heutiger Sicht waren die Sasbacher Sonnentage eine kleine, ja geradezu winzige Ausstellung alternativer Energien, doch wir sagten selbstbewusst und durchaus auch verwegen: &#8222;Das ist die Zukunft! Das sind die Alternativen zur Atomenergie&#8220;. Aber gerade dieses &#8222;aus heutiger Sicht&#8220; zeigt den unglaublichen Erfolg der damaligen Idee und der umgesetzten Vision.\u00a0<\/p>\n\n\n\n<blockquote class=\"wp-block-quote is-layout-flow wp-block-quote-is-layout-flow\">\n<p><strong>Aus den Hoffnungen und Visionen von 1976 ist Realit\u00e4t geworden<\/strong><br \/>Der Preis f\u00fcr Solarmodule ist seit 1976 um 99 % gesunken. Der immer noch aggressiv bek\u00e4mpfte Strom aus Wind &amp; Sonne ist schon lange viel kosteng\u00fcnstiger als Gefahrstrom aus Kohle, \u00d6l, Gas und Atom.<\/p>\n<\/blockquote>\n\n\n\n<!--more-->\n\n\n\n<p>Vom 26.5.1976 bis zum 30.5.1976 fanden die Ausstellung und eine Vielzahl von Veranstaltungen statt. Ich selbst habe damals als noch sehr junger Umweltsch\u00fctzer bei der Ausstellung mitgeholfen. Ich erinnere mich an Bottiche der Winzergenossenschaft, in denen Wasser solar erw\u00e4rmt wurde, an die erste von mir bewusst wahrgenommene Fotovoltaikanlage, an den &#8222;L\u00f6rracher Trichter&#8220; von J\u00fcrgen Kleinw\u00e4chter, an fr\u00fche Windradmodelle und an erste Informationen und Vortr\u00e4ge zu damals &#8222;exotischen Themen&#8220; wie Energieeinsparung, Endlichkeit der Rohstoffe, Klimaschutz und W\u00e4rmed\u00e4mmung. Es gab Referenten, die sagten, dass irgendwann einmal der Liter Benzin 2 DM (1 Euro) kosten k\u00f6nnte. (Manche hielten solch verwegene Prognosen und Aussagen f\u00fcr Spinnerei, denn der Benzinpreis lag damals bei 83 Pfennigen pro Liter &#8230;)<\/p>\n\n\n<div class=\"wp-block-image\">\n<figure class=\"aligncenter size-full\"><a href=\"https:\/\/www.schiebener.net\/wordpress\/wp-content\/uploads\/2026\/03\/2026031702WernerMildebrath.jpg\" target=\"_blank\" rel=\" noreferrer noopener\"><img loading=\"lazy\" decoding=\"async\" width=\"1024\" height=\"627\" src=\"https:\/\/www.schiebener.net\/wordpress\/wp-content\/uploads\/2026\/03\/2026031702WernerMildebrath.jpg\" alt=\"Ein mittelalter Mann steht auf einem flachen gewellten Dach vor und neben f\u00fcnf Solarpanelen. Hinter ihm 4 der 5 Panele und zwei schr\u00e4ge D\u00e4cher. Links rote Dachziegel, rechts grau-braune Schindeln\" class=\"wp-image-63586\" srcset=\"https:\/\/www.schiebener.net\/wordpress\/wp-content\/uploads\/2026\/03\/2026031702WernerMildebrath.jpg 1024w, https:\/\/www.schiebener.net\/wordpress\/wp-content\/uploads\/2026\/03\/2026031702WernerMildebrath-300x184.jpg 300w, https:\/\/www.schiebener.net\/wordpress\/wp-content\/uploads\/2026\/03\/2026031702WernerMildebrath-768x470.jpg 768w\" sizes=\"auto, (max-width: 709px) 85vw, (max-width: 909px) 67vw, (max-width: 1362px) 62vw, 840px\" \/><\/a><figcaption class=\"wp-element-caption\"><a href=\"https:\/\/www.mitwelt.org\/solarpionier-werner-mildebrath-erbauer-der-ersten.html\" target=\"_blank\" rel=\"noreferrer noopener\">Werner Mildebrath<\/a>&nbsp;(Solarpionier Sasbach), Erhard Schulz (BUND Mitbegr\u00fcnder), Siegfried Uhlmann, Irmgard Schneider und Carola Bury waren mit vielen Anderen die treibenden Kr\u00e4fte. (Foto: Mitwelt)<\/figcaption><\/figure>\n<\/div>\n\n\n<p>Das ganze Dorf Sasbach, gepr\u00e4gt vom AKW-Wyhl-Protest, war mit allen Vereinen an der Ausgestaltung der ersten &#8222;Sonnentage&#8220; aktiv beteiligt. Die Winzergenossenschaft stellte das Gel\u00e4nde f\u00fcr die Ausstellung und gleich daneben war der Festplatz, den uns der Musikverein \u00fcberlie\u00df. Auch die <a href=\"https:\/\/www.mitwelt.org\/volkshochschule-wyhler-wald.html\" target=\"_blank\" rel=\"noreferrer noopener\">alternative Volkshochschule Wyhler Wald<\/a> war mit dabei. Zum alemannischen S\u00e4nger- und Dichtertreffen kamen Andr\u00e9 Weckmann, Roger Siffer und das Babbedeckel Theater. Unter den hohen Laubb\u00e4umen des Festplatzes war das Ganze ein gro\u00dfes Volksfest mit Flohmarkt, Wein- und Bierausschank und (heute undenkbarem) Meerschweinchenrennen. \u00dcber 12 000 BesucherInnen kamen 1976 zu diesen ersten &#8222;Sonnentagen&#8220; nach Sasbach.<br \/><br \/>Es war tats\u00e4chlich eine sehr kleine, weltgr\u00f6\u00dfte Ausstellung und es ist unglaublich und faszinierend, was sich in 50 Jahren aus diesen &#8222;Sonnentagen&#8220; entwickelt hat. In den Jahren 1977 und 1978 wurde die Messe in Sasbach wiederholt, wuchs dann aber so schnell, dass sie nach Freiburg umziehen musste. Aus den Sasbacher Sonnentagen wurden die gro\u00dfen \u00d6ko-Messen des BUND, aus denen sich die Intersolar-Messe entwickelt hat. Eine Messe, f\u00fcr die bald sogar das Freiburger Messegel\u00e4nde zu klein geworden war. Zwischenzeitlich haben Windr\u00e4der, Fotovoltaikanlagen, Umweltprodukte und Umweltideen l\u00e4ngst die kleinen Nischen verlassen. \u00d6koprodukte und Umwelttechnik, die vor 50 Jahren in Sasbach noch bestaunte, neue Sensationen waren, gibt es heute im Baumarkt um die Ecke.<\/p>\n\n\n\n<p>Die vielen privaten Solaranlagen auf den D\u00e4chern f\u00fchrten auch zu einer Demokratisierung der Energieerzeugung. Zum \u00c4rger der Energiekonzerne wurde ihr Energieerzeugungsmonopol gebrochen. Die Wirtschaftsministerin und Gaslobbyistin Reiche versucht gerade eine energiepolitische Zeitenwende r\u00fcckw\u00e4rts durchzusetzen.<br \/><br \/>Noch im Jahr 1993 behaupteten die vier gro\u00dfen deutschen Energieversorger und Atomkonzerne in einer Anzeige in der Zeit: \u201eRegenerative Energien wie Sonne, Wasser oder Wind k\u00f6nnen auch langfristig nicht mehr als 4 % unseres Strombedarfs decken.\u201c Im Jahr 2025, 32 Jahre nach dieser Anzeige, hatten die erneuerbaren Energien einen Anteil von 59 Prozent an der Nettostromerzeugung erreicht. Bis heute l\u00e4sst die Kohle-, \u00d6l-, Gas und Atomlobby die kosteng\u00fcnstigen und umweltfreundlichen Energien mit B\u00fcrokratie und Fake-News bek\u00e4mpfen. Doch Strom aus Wind und Sonne ist schon lange <a href=\"https:\/\/www.mitwelt.org\/mini-akw-atomkraftwerk-kosten-risiken-gefahren-atomwaffen\" target=\"_blank\" rel=\"noreferrer noopener\">kosteng\u00fcnstiger als Strom aus neuen AKW.<\/a> Wie sagte ein US-Pr\u00e4sident: \u201eIt\u2019s the economy, stupid\u201c.<br \/><br \/>&#8222;Solarstrom (PV) ist inzwischen <a href=\"https:\/\/www.dw.com\/de\/wo-lohnen-sich-solarparks-photovoltaik-stromkosten-floating-pv-agri-pv\/a-57945237\" target=\"_blank\" rel=\"noreferrer noopener\">weltweit fast \u00fcberall am g\u00fcnstigsten:<\/a> In der W\u00fcste von Saudi-Arabien wird er f\u00fcr nur einen US-Cent pro Kilowattstunde (kWh) erzeugt, in Portugal f\u00fcr 1,4 US-Cent pro kWh.<br \/><br \/>Im Wyhler Wald steht ein Gedenkstein, der an das <a href=\"https:\/\/www.mitwelt.org\/nai-haemmer-gsait.html\" target=\"_blank\" rel=\"noreferrer noopener\">&#8222;NAI H\u00c4MMER GSAIT&#8220;<\/a>, an den Erfolg der AKW GegnerInnen erinnert. Millionen von Solaranlagen auf den D\u00e4chern erinnern an einen Traum, der vor 50 Jahren in Sasbach und Wyhl getr\u00e4umt wurde. In Sasbach am Kaiserstuhl liegen wichtige Wurzeln des heutigen Solar- und Windbooms. Im Sommer 1976 war die Zeit reif f\u00fcr diese neuen Ideen.<br \/><br \/>&#8222;Wer Visionen hat, soll zum Arzt gehen&#8220;, soll Altbundeskanzler Helmut Schmidt einmal gesagt haben. Gut, dass sich die BUND-Aktiven und B\u00fcrgerinitiativen damals nicht an den Spruch des Altkanzlers gehalten, sondern ihre Tr\u00e4ume in Realit\u00e4t umgesetzt haben. Sonnen- und Windenergie sind inzwischen selbstst\u00e4ndige Wirtschaftsbereiche geworden. Die &#8222;Kinder&#8220; der Sasbacher Sonnentage sind gro\u00df, eigenst\u00e4ndig und mehr als lebenst\u00fcchtig geworden.<br \/><br \/>In Sachen Mensch, Natur, Umwelt, Atomgefahren, Klimaschutz und echter Nachhaltigkeit gibt es f\u00fcr die Umweltbewegung auch in Zukunft genug zu tun. Tr\u00e4ume von einem Ende der aktuellen weltweiten Raubbauwirtschaft und einer zukunftsf\u00e4higen, nachhaltigen Welt werden getr\u00e4umt und umgesetzt.<br \/><br \/><em>Axel Mayer, Mitwelt Stiftung Oberrhein (der Autor war 30 Jahre lang BUND-Gesch\u00e4ftsf\u00fchrer, Kreisrat und als junger Umweltsch\u00fctzer bei den Sasbacher Sonnentagen aktiv)<\/em><\/p>\n","protected":false},"excerpt":{"rendered":"<p>Ein regionaler Traum wird zum weltweiten Erfolg Ende Mai 1976 veranstalteten einige Aktive des damals frisch gegr\u00fcndeten Bund f\u00fcr Umwelt und Naturschutz und die badisch-els\u00e4ssischen B\u00fcrgerinitiativen die weltweit erste und &hellip; <a href=\"https:\/\/www.schiebener.net\/wordpress\/vor-50-jahren-in-sasbach-der-hoffnungsvolle-aufbruch-der-erneuerbaren-energien\/\" class=\"more-link\"><span class=\"screen-reader-text\">\u201eVor 50 Jahren in Sasbach: Der hoffnungsvolle Aufbruch der Erneuerbaren Energien\u201c <\/span>weiterlesen<\/a><\/p>\n","protected":false},"author":18,"featured_media":0,"comment_status":"open","ping_status":"open","sticky":false,"template":"","format":"standard","meta":{"footnotes":""},"categories":[319,8406,549],"tags":[3617,763,4732],"class_list":["post-63584","post","type-post","status-publish","format-standard","hentry","category-geschichte","category-klimakrise","category-umwelt","tag-erneuerbare-energie","tag-solarstrom","tag-windenergie"],"_links":{"self":[{"href":"https:\/\/www.schiebener.net\/wordpress\/wp-json\/wp\/v2\/posts\/63584","targetHints":{"allow":["GET"]}}],"collection":[{"href":"https:\/\/www.schiebener.net\/wordpress\/wp-json\/wp\/v2\/posts"}],"about":[{"href":"https:\/\/www.schiebener.net\/wordpress\/wp-json\/wp\/v2\/types\/post"}],"author":[{"embeddable":true,"href":"https:\/\/www.schiebener.net\/wordpress\/wp-json\/wp\/v2\/users\/18"}],"replies":[{"embeddable":true,"href":"https:\/\/www.schiebener.net\/wordpress\/wp-json\/wp\/v2\/comments?post=63584"}],"version-history":[{"count":0,"href":"https:\/\/www.schiebener.net\/wordpress\/wp-json\/wp\/v2\/posts\/63584\/revisions"}],"wp:attachment":[{"href":"https:\/\/www.schiebener.net\/wordpress\/wp-json\/wp\/v2\/media?parent=63584"}],"wp:term":[{"taxonomy":"category","embeddable":true,"href":"https:\/\/www.schiebener.net\/wordpress\/wp-json\/wp\/v2\/categories?post=63584"},{"taxonomy":"post_tag","embeddable":true,"href":"https:\/\/www.schiebener.net\/wordpress\/wp-json\/wp\/v2\/tags?post=63584"}],"curies":[{"name":"wp","href":"https:\/\/api.w.org\/{rel}","templated":true}]}}