{"id":63563,"date":"2026-03-15T14:59:27","date_gmt":"2026-03-15T13:59:27","guid":{"rendered":"https:\/\/www.schiebener.net\/wordpress\/?p=63563"},"modified":"2026-03-27T23:18:01","modified_gmt":"2026-03-27T22:18:01","slug":"frieden-beginnt-bei-dir-und-mir-benefizkonzert-mit-marieke-sleurink-und-band-im-kulturbahnhof-olsberg","status":"publish","type":"post","link":"https:\/\/www.schiebener.net\/wordpress\/frieden-beginnt-bei-dir-und-mir-benefizkonzert-mit-marieke-sleurink-und-band-im-kulturbahnhof-olsberg\/","title":{"rendered":"\u201eFrieden beginnt bei dir und mir\u201c \u2013 Benefizkonzert mit Marieke Sleurink und Band im Kulturbahnhof Olsberg"},"content":{"rendered":"\n<h3 class=\"wp-block-heading\">Hilfe f\u00fcr die zerst\u00f6rten Orte im Frontgebiet der Ukraine<\/h3>\n\n\n<div class=\"wp-block-image\">\n<figure class=\"aligncenter size-full\"><img loading=\"lazy\" decoding=\"async\" width=\"1024\" height=\"1536\" src=\"https:\/\/www.schiebener.net\/wordpress\/wp-content\/uploads\/2026\/03\/PosterBigge.jpeg\" alt=\"\" class=\"wp-image-63567\" srcset=\"https:\/\/www.schiebener.net\/wordpress\/wp-content\/uploads\/2026\/03\/PosterBigge.jpeg 1024w, https:\/\/www.schiebener.net\/wordpress\/wp-content\/uploads\/2026\/03\/PosterBigge-200x300.jpeg 200w, https:\/\/www.schiebener.net\/wordpress\/wp-content\/uploads\/2026\/03\/PosterBigge-683x1024.jpeg 683w, https:\/\/www.schiebener.net\/wordpress\/wp-content\/uploads\/2026\/03\/PosterBigge-768x1152.jpeg 768w\" sizes=\"auto, (max-width: 709px) 85vw, (max-width: 909px) 67vw, (max-width: 1362px) 62vw, 840px\" \/><figcaption class=\"wp-element-caption\">Veranstaltungsplakat<\/figcaption><\/figure>\n<\/div>\n\n\n<p><strong>Unter dem Titel \u201eFrieden beginnt bei dir und mir\u201c laden der Winterberger Solidarverein KIPEPEO und die ukrainische Hilfsorganisation GORA DOBRA am Freitag, 27. M\u00e4rz 2026, zu einem Benefizkonzert  in den Kultur- und Eventbahnhof Linie 73 in Olsberg-Bigge ein. Einlass ist um 19 Uhr, Konzertbeginn um 20 Uhr.<\/strong><\/p>\n\n\n\n<p><em>(<a href=\"https:\/\/www.schiebener.net\/wordpress\/zwei-stimmen-eine-botschaft-kaffeekonzert-in-schmallenberg-zur-unterstuetzung-der-ukraine\/\" target=\"_blank\" rel=\"noreferrer noopener\">Ein weiteres Konzert wird zwei Tage sp\u00e4ter in Schmallenberg stattfinden. Dazu werde ich gesondert informieren.<\/a>)<\/em><\/p>\n\n\n\n<p>Im Mittelpunkt des Abends steht die niederl\u00e4ndische Singer-Songwriterin Marieke Sleurink, die gemeinsam mit ihrer Band ein bewegendes und zugleich kraftvolles Programm pr\u00e4sentiert. Ihre Musik verbindet pers\u00f6nliche Geschichten, gelebten Glauben und poetische Texte mit modernen, eing\u00e4ngigen Melodien. Viele ihrer Lieder schreibt und arrangiert sie selbst. In den vergangenen Monaten hat sie zudem mehrere Songs aus dem Niederl\u00e4ndischen f\u00fcr ihr deutsches Publikum \u00fcbersetzt.<\/p>\n\n\n<div class=\"wp-block-image\">\n<figure class=\"aligncenter size-full\"><a href=\"https:\/\/www.schiebener.net\/wordpress\/wp-content\/uploads\/2026\/03\/foto-Marieke-Sleurink-Gospelpodium.nl_.png\" target=\"_blank\" rel=\" noreferrer noopener\"><img loading=\"lazy\" decoding=\"async\" width=\"645\" height=\"428\" src=\"https:\/\/www.schiebener.net\/wordpress\/wp-content\/uploads\/2026\/03\/foto-Marieke-Sleurink-Gospelpodium.nl_.png\" alt=\"Portrait: Eine Frau l\u00e4chelt in die Kamera. Sie hat einen schwarzen Hut mit runder Krempe auf. Diese h\u00e4lt sie links und rechts mit ihren H\u00e4nden fest. Ihr Haar ist rot-blond, lang und leicht verweht.\" class=\"wp-image-63565\" srcset=\"https:\/\/www.schiebener.net\/wordpress\/wp-content\/uploads\/2026\/03\/foto-Marieke-Sleurink-Gospelpodium.nl_.png 645w, https:\/\/www.schiebener.net\/wordpress\/wp-content\/uploads\/2026\/03\/foto-Marieke-Sleurink-Gospelpodium.nl_-300x199.png 300w\" sizes=\"auto, (max-width: 709px) 85vw, (max-width: 909px) 67vw, (max-width: 984px) 61vw, (max-width: 1362px) 45vw, 600px\" \/><\/a><figcaption class=\"wp-element-caption\">Die niederl\u00e4ndische Singer-Songwriterin Marieke Sleurink pr\u00e4sentiert gemeinsam mit ihrer Band ein bewegendes und zugleich kraftvolles Programm.  Unterst\u00fctzt werden sie dabei vom Chor \u201eSinging Circle Winterberg e.V.\u201c unter der Leitung von Christoph Ohm. (Pressefoto)<\/figcaption><\/figure>\n<\/div>\n\n\n<p>Die K\u00fcnstlerin ist nicht nur Musikerin, sondern auch vom Theater gepr\u00e4gt \u2013 diese Leidenschaft sp\u00fcrt man in ihrer B\u00fchnenpr\u00e4senz und in der besonderen N\u00e4he zum Publikum. Ihre Lieder erz\u00e4hlen von Hoffnung, Vertrauen und dem Wunsch nach Frieden \u2013 Themen, die aktueller kaum sein k\u00f6nnten.<\/p>\n\n\n\n<!--more-->\n\n\n\n<p>Das Lied mehr <strong>\u201eMehr als genug\u201c<\/strong> dr\u00fcckt die zentrale Botschaft &#8211; Empathie, Glaube, Solidarit\u00e4t und Hilfsbereitschaft &#8211;  des Abends vielleicht am besten aus.<\/p>\n\n\n\n<figure class=\"wp-block-audio\"><audio controls src=\"https:\/\/www.schiebener.net\/wordpress\/wp-content\/uploads\/2026\/03\/AUDIO-2026-03-09-15-47-36.mp3\"><\/audio><\/figure>\n\n\n\n<p><em>(Text siehe unten)<\/em><\/p>\n\n\n\n<p>Unterst\u00fctzt wird Marieke Sleurink an diesem Abend vom Chor \u201eSinging Circle Winterberg e.V.\u201c unter der Leitung von Christoph Ohm. Der Chor wirkt bei ausgew\u00e4hlten Liedern mit und bringt au\u00dferdem eigene Songs auf die B\u00fchne. Dadurch entsteht ein abwechslungsreiches, lebendiges Konzert mit besonderer Atmosph\u00e4re.<\/p>\n\n\n\n<p>Die Veranstaltung findet in lockerer und pers\u00f6nlicher Konzertatmosph\u00e4re statt und versteht sich zugleich als Zeichen der Solidarit\u00e4t. Der Eintritt erfolgt auf Spendenbasis.<\/p>\n\n\n\n<p><strong> S\u00e4mtliche Spenden flie\u00dfen direkt in Hilfsprojekte f\u00fcr zerst\u00f6rte Orte im Frontgebiet der Ukraine.<\/strong><\/p>\n\n\n\n<p>Veranstaltet wird das Benefizkonzert von KIPEPEO \u2013 fair &amp; sozial, das sich f\u00fcr internationale soziale Projekte engagiert.<\/p>\n\n\n\n<p><strong>Veranstaltungsort:<\/strong><br \/>Linie 73 \u2013 Kultur- und Eventbahnhof<br \/>Hauptstra\u00dfe 73<br \/>59939 Olsberg-Bigge<\/p>\n\n\n\n<p><strong>Datum: Freitag, 27. M\u00e4rz 2026<\/strong><br \/>Einlass: 19.00 Uhr<br \/>Beginn: 20.00 Uhr<\/p>\n\n\n\n<p><strong>Weitere Informationen:<br \/><\/strong><a href=\"http:\/\/www.kipepeo-fair-sozial.de\/\"><strong>www.kipepeo-fair-sozial.de<\/strong><\/a><\/p>\n\n\n\n<hr class=\"wp-block-separator has-alpha-channel-opacity\"\/>\n\n\n\n<p><strong>Mehr als genug<\/strong><\/p>\n\n\n\n<p>Wie kann es, dass ich abends<br \/>in ein paar Minuten schlaf\u2019.<br \/>W\u00e4hrend meilenweit entfernt<br \/>eine Mutter non-stop wacht<br \/>\u00fcber das Kind, dem sie heute<br \/>das letzte Essen gab.<br \/>F\u00fcr sich selbst hat sie nichts mehr da.<\/p>\n\n\n\n<p>Wie kann es, dass ich klage<br \/>wenn es nieselt oder gie\u00dft.<br \/>W\u00e4hrend meilenweit entfernt<br \/>ein M\u00e4dchen Stunden l\u00e4uft<br \/>f\u00fcr ein paar Liter Wasser,<br \/>den schweren Krug auf ihrem Kopf.<br \/>Hoffend, dass sie etwas abbekommt.<\/p>\n\n\n\n<p><strong>Ich bin nicht Gott,<\/strong><br \/><strong>doch ich bin auch nicht bedeutungslos.<\/strong><br \/><strong>Ich kann mehr tun als nur zuschau\u2019n<\/strong><br \/><strong>f\u00fcr den and\u2019ren in der Not.<br \/>Was kann ich tun mit dem,<\/strong><br \/><strong>was Er mir reichlich gab?<\/strong><br \/><strong>Es ist von mir, doch Er hat\u2019s gegeben,<br \/>mehr als genug, um gut zu leben.<br \/>Ich habe keine Angst,<\/strong><br \/><strong>dass ich nicht ausreichend hab.<\/strong><\/p>\n\n\n\n<p>Wie kann es, dass ich nicht wei\u00df,<br \/>was ich heute anzieh\u2019n soll.<br \/>W\u00e4hrend meilenweit entfernt<br \/>eine Familie mutlos fragt<br \/>nach Schuhen, ein paar Decken<br \/>und einem warmen Anorak.<br \/>Weil im Krieg alles verloren war.<\/p>\n\n\n\n<p><strong>Ich bin nicht Gott,<\/strong><br \/><strong>doch ich bin auch nicht bedeutungslos.<\/strong><br \/><strong>Ich kann mehr tun als nur zuschau\u2019n<\/strong><br \/><strong>f\u00fcr den and\u2019ren in der Not.<br \/>Was kann ich tun mit dem,<\/strong><br \/><strong>was Er mir reichlich gab?<\/strong><br \/><strong>Es ist von mir, doch Er hat\u2019s gegeben,<br \/>mehr als genug, um gut zu leben.<br \/>Ich habe keine Angst,<\/strong><br \/><strong>dass ich nicht ausreichend hab.<\/strong><\/p>\n\n\n\n<p><em>Teil aus, von mehr als du brauchst!<\/em><br \/><em>Teil aus, von mehr als du brauchst!<\/em><\/p>\n\n\n\n<p>Und wenn dich all das Unrecht<br \/>dieser Welt auch nachts wach h\u00e4lt.<br \/>Bete, dass du seh\u2019n wirst,<br \/>was dein Schatz auf Erden ist.<br \/>Genie\u00dfe, was du hast bekommen,<br \/>doch teil\u2019 auch aus, es gibt genug.<br \/>Es ist von dir, doch Er hat\u2019s gegeben,<br \/>mehr als genug, um gut zu leben.<br \/>Hab\u2019 bitte keine Angst,<br \/>dass du nicht ausreichend hast.<\/p>\n\n\n\n<p><em>Teil aus, von mehr als du brauchst!<\/em><br \/><em>Teil aus, von mehr als du brauchst!<\/em><br \/><em>Teil aus, von mehr als du brauchst!<\/em><\/p>\n\n\n\n<p>(<em>\u00dcbersetzung: Corinna Stahl, 2024 \u00a9 Marieke Sleurink, 2019<\/em>)<\/p>\n","protected":false},"excerpt":{"rendered":"<p>Hilfe f\u00fcr die zerst\u00f6rten Orte im Frontgebiet der Ukraine Unter dem Titel \u201eFrieden beginnt bei dir und mir\u201c laden der Winterberger Solidarverein KIPEPEO und die ukrainische Hilfsorganisation GORA DOBRA am &hellip; <a href=\"https:\/\/www.schiebener.net\/wordpress\/frieden-beginnt-bei-dir-und-mir-benefizkonzert-mit-marieke-sleurink-und-band-im-kulturbahnhof-olsberg\/\" class=\"more-link\"><span class=\"screen-reader-text\">\u201e\u201eFrieden beginnt bei dir und mir\u201c \u2013 Benefizkonzert mit Marieke Sleurink und Band im Kulturbahnhof Olsberg\u201c <\/span>weiterlesen<\/a><\/p>\n","protected":false},"author":3,"featured_media":0,"comment_status":"open","ping_status":"open","sticky":false,"template":"","format":"standard","meta":{"footnotes":""},"categories":[533,303,674,80,27,1043,4761,9441],"tags":[6816,8561,7325,190],"class_list":["post-63563","post","type-post","status-publish","format-standard","hentry","category-europa","category-in-unserem-briefkasten","category-kultur","category-lokales","category-musik","category-pressemitteilungen","category-soziales","category-ukraine","tag-eventbahnhof-linie-73","tag-kipepeo","tag-konzert","tag-olsberg"],"_links":{"self":[{"href":"https:\/\/www.schiebener.net\/wordpress\/wp-json\/wp\/v2\/posts\/63563","targetHints":{"allow":["GET"]}}],"collection":[{"href":"https:\/\/www.schiebener.net\/wordpress\/wp-json\/wp\/v2\/posts"}],"about":[{"href":"https:\/\/www.schiebener.net\/wordpress\/wp-json\/wp\/v2\/types\/post"}],"author":[{"embeddable":true,"href":"https:\/\/www.schiebener.net\/wordpress\/wp-json\/wp\/v2\/users\/3"}],"replies":[{"embeddable":true,"href":"https:\/\/www.schiebener.net\/wordpress\/wp-json\/wp\/v2\/comments?post=63563"}],"version-history":[{"count":0,"href":"https:\/\/www.schiebener.net\/wordpress\/wp-json\/wp\/v2\/posts\/63563\/revisions"}],"wp:attachment":[{"href":"https:\/\/www.schiebener.net\/wordpress\/wp-json\/wp\/v2\/media?parent=63563"}],"wp:term":[{"taxonomy":"category","embeddable":true,"href":"https:\/\/www.schiebener.net\/wordpress\/wp-json\/wp\/v2\/categories?post=63563"},{"taxonomy":"post_tag","embeddable":true,"href":"https:\/\/www.schiebener.net\/wordpress\/wp-json\/wp\/v2\/tags?post=63563"}],"curies":[{"name":"wp","href":"https:\/\/api.w.org\/{rel}","templated":true}]}}