{"id":63548,"date":"2026-03-12T20:16:06","date_gmt":"2026-03-12T19:16:06","guid":{"rendered":"https:\/\/www.schiebener.net\/wordpress\/?p=63548"},"modified":"2026-03-12T20:33:03","modified_gmt":"2026-03-12T19:33:03","slug":"mescheder-buendnis-fuer-demokratie-und-solidaritaet-extrem-jung-extrem-rechts","status":"publish","type":"post","link":"https:\/\/www.schiebener.net\/wordpress\/mescheder-buendnis-fuer-demokratie-und-solidaritaet-extrem-jung-extrem-rechts\/","title":{"rendered":"Mescheder B\u00fcndnis f\u00fcr Demokratie und Solidarit\u00e4t: \u201eExtrem jung, extrem rechts\u201c"},"content":{"rendered":"\n<h3 class=\"wp-block-heading\">\u00d6ffentlicher Vortrag am 24. April 2026, 19.00 Uhr bis 21.00 Uhr im Gemeindehaus der evangelischen Kirche, Sch\u00fctzenstr.4, 59872 Meschede<br \/><\/h3>\n\n\n<div class=\"wp-block-image\">\n<figure class=\"aligncenter size-full\"><a href=\"https:\/\/www.schiebener.net\/wordpress\/wp-content\/uploads\/2024\/04\/20240427MeschederBuendnis.jpg\" target=\"_blank\" rel=\" noreferrer noopener\"><img loading=\"lazy\" decoding=\"async\" width=\"480\" height=\"337\" src=\"https:\/\/www.schiebener.net\/wordpress\/wp-content\/uploads\/2024\/04\/20240427MeschederBuendnis.jpg\" alt=\"\" class=\"wp-image-58102\" srcset=\"https:\/\/www.schiebener.net\/wordpress\/wp-content\/uploads\/2024\/04\/20240427MeschederBuendnis.jpg 480w, https:\/\/www.schiebener.net\/wordpress\/wp-content\/uploads\/2024\/04\/20240427MeschederBuendnis-300x211.jpg 300w\" sizes=\"auto, (max-width: 480px) 85vw, 480px\" \/><\/a><figcaption class=\"wp-element-caption\">Logo des B\u00fcndnis f\u00fcr Demokratie und Solidarit\u00e4t<\/figcaption><\/figure>\n<\/div>\n\n\n<p><strong>Die Entwicklung ist alarmierend: 2025 registrierte die Polizei bundesweit 41.072 politisch rechts motivierte Straftaten, darunter 1.521 Gewaltdelikte. Mehr als 3.500 dieser Taten wurden von Jugendlichen zwischen 14 und 17 Jahren ver\u00fcbt &#8211; ein deutlicher Hinweis darauf, wie stark sich extrem rechte Einstellungen und Aktionsformen inzwischen unter jungen Menschen ausbreiten.<\/strong><\/p>\n\n\n\n<p><em>(Pressemitteilung B\u00fcndnis Demokratie)<br \/><\/em><br \/>Diese Entwicklung zeigt sich nicht nur in Statistiken, sondern auch im Alltag: Immer mehr sehr junge Menschen beteiligen sich an Aktionen der Neonazi-Szene, gr\u00fcnden eigene, extrem rechts einzuordnende Gruppen oder treten in Schulen provokativ als &#8222;stramm rechts&#8220; auf &#8211; mit entsprechender Kleidung, Symbolik und gezielter Einsch\u00fcchterung.<br \/><br \/>Auch bei Wahlen w\u00e4chst die Zustimmung zu extrem rechten Parteien bei Jung- und Erstw\u00e4hlenden deutlich. Besonders besorgniserregend ist die Rolle Sozialer Medien. Sie sind zentrale Orte der Kontaktaufnahme, Radikalisierung und Vernetzung in die extrem rechte Szene. Auf Plattformen wie TikTok werden brutalste neonazistische, rassistische, antisemitische und NS-verherrlichende Inhalte oft in einem Jugend nahen Gewand verbreitet &#8211; scheinbar harmlos, tats\u00e4chlich aber hochwirksam. So entstehen digitale Erlebnisr\u00e4ume, in denen extrem rechte Ideologien normalisiert und junge Menschen Schritt f\u00fcr Schritt an menschenfeindliche Weltbilder herangef\u00fchrt werden.<br \/><br \/>Der Vortrag gibt Einblick in die aktuelle Forschung zur extrem rechten Jugend. Die Referentin stellt exemplarisch Akteure aus NRW vor, beschreibt ihre Aktivit\u00e4ten und zeigt konkrete Beispiele aus Sozialen Medien. Abschlie\u00dfend pr\u00e4sentiert sie eine Einsch\u00e4tzung der Lage sowie Vorschl\u00e4ge f\u00fcr zivilgesellschaftliche Interventionen &#8211; als Impuls f\u00fcr Information, Austausch und gemeinsame Handlungsperspektiven.<\/p>\n\n\n\n<p><strong>Die Referentin Sabine Reimann ist wissenschaftliche Mitarbeiterin am Forschungsschwerpunkt Rechtsextremismus\/Neonazismus der Hochschule D\u00fcsseldorf und in Forschung, Lehre sowie historisch-politischer Bildung t\u00e4tig.<\/strong><br \/><br \/>Gemeinsam mit Fabian Virchow ver\u00f6ffentlichte sie den Sammelband <strong>&#8222;Und damit kam die Angst \u2026&#8220;<\/strong>, Der rechtsterroristische Anschlag am S-Bahnhof D\u00fcsseldorf-Wehrhahn (Berlin: Metropol, 2025).<\/p>\n\n\n<div class=\"wp-block-image\">\n<figure class=\"aligncenter size-full\"><a href=\"https:\/\/www.schiebener.net\/wordpress\/wp-content\/uploads\/2026\/03\/20260312reimann_virchow_wehrhahn.jpg\" target=\"_blank\" rel=\" noreferrer noopener\"><img loading=\"lazy\" decoding=\"async\" width=\"510\" height=\"794\" src=\"https:\/\/www.schiebener.net\/wordpress\/wp-content\/uploads\/2026\/03\/20260312reimann_virchow_wehrhahn.jpg\" alt=\"\" class=\"wp-image-63553\" srcset=\"https:\/\/www.schiebener.net\/wordpress\/wp-content\/uploads\/2026\/03\/20260312reimann_virchow_wehrhahn.jpg 510w, https:\/\/www.schiebener.net\/wordpress\/wp-content\/uploads\/2026\/03\/20260312reimann_virchow_wehrhahn-193x300.jpg 193w\" sizes=\"auto, (max-width: 510px) 85vw, 510px\" \/><\/a><figcaption class=\"wp-element-caption\">Buchtitel Reimann\/Virchow<\/figcaption><\/figure>\n<\/div>\n\n\n<p><strong>Keine Anmeldung erforderlich, der Eintritt ist frei.<\/strong><\/p>\n\n\n\n<p><strong>Veranstalter ist das <a href=\"https:\/\/www.meschederbuendnis.de\" target=\"_blank\" rel=\"noreferrer noopener\">Mescheder B\u00fcndnis f\u00fcr Demokratie und Solidarit\u00e4t e.V.<\/a><\/strong><br \/><br \/><strong>Der Vortrag findet um 19 Uhr<\/strong>, nach der Mitgliederversammlung des B\u00fcndnisses (17-19 Uhr) am selben Ort (Gemeindehaus der evangelischen Kirche, Sch\u00fctzenstr.4, 59872 Meschede) statt.<\/p>\n\n\n\n<p><\/p>\n\n\n\n<p><\/p>\n","protected":false},"excerpt":{"rendered":"<p>\u00d6ffentlicher Vortrag am 24. April 2026, 19.00 Uhr bis 21.00 Uhr im Gemeindehaus der evangelischen Kirche, Sch\u00fctzenstr.4, 59872 Meschede Die Entwicklung ist alarmierend: 2025 registrierte die Polizei bundesweit 41.072 politisch &hellip; <a href=\"https:\/\/www.schiebener.net\/wordpress\/mescheder-buendnis-fuer-demokratie-und-solidaritaet-extrem-jung-extrem-rechts\/\" class=\"more-link\"><span class=\"screen-reader-text\">\u201eMescheder B\u00fcndnis f\u00fcr Demokratie und Solidarit\u00e4t: \u201eExtrem jung, extrem rechts\u201c\u201c <\/span>weiterlesen<\/a><\/p>\n","protected":false},"author":17,"featured_media":0,"comment_status":"open","ping_status":"open","sticky":false,"template":"","format":"standard","meta":{"footnotes":""},"categories":[303,80,1043,6314],"tags":[264,9277],"class_list":["post-63548","post","type-post","status-publish","format-standard","hentry","category-in-unserem-briefkasten","category-lokales","category-pressemitteilungen","category-rechtsextremismus","tag-meschede","tag-mescheder-buendnis"],"_links":{"self":[{"href":"https:\/\/www.schiebener.net\/wordpress\/wp-json\/wp\/v2\/posts\/63548","targetHints":{"allow":["GET"]}}],"collection":[{"href":"https:\/\/www.schiebener.net\/wordpress\/wp-json\/wp\/v2\/posts"}],"about":[{"href":"https:\/\/www.schiebener.net\/wordpress\/wp-json\/wp\/v2\/types\/post"}],"author":[{"embeddable":true,"href":"https:\/\/www.schiebener.net\/wordpress\/wp-json\/wp\/v2\/users\/17"}],"replies":[{"embeddable":true,"href":"https:\/\/www.schiebener.net\/wordpress\/wp-json\/wp\/v2\/comments?post=63548"}],"version-history":[{"count":0,"href":"https:\/\/www.schiebener.net\/wordpress\/wp-json\/wp\/v2\/posts\/63548\/revisions"}],"wp:attachment":[{"href":"https:\/\/www.schiebener.net\/wordpress\/wp-json\/wp\/v2\/media?parent=63548"}],"wp:term":[{"taxonomy":"category","embeddable":true,"href":"https:\/\/www.schiebener.net\/wordpress\/wp-json\/wp\/v2\/categories?post=63548"},{"taxonomy":"post_tag","embeddable":true,"href":"https:\/\/www.schiebener.net\/wordpress\/wp-json\/wp\/v2\/tags?post=63548"}],"curies":[{"name":"wp","href":"https:\/\/api.w.org\/{rel}","templated":true}]}}