{"id":63543,"date":"2026-03-12T13:57:21","date_gmt":"2026-03-12T12:57:21","guid":{"rendered":"https:\/\/www.schiebener.net\/wordpress\/?p=63543"},"modified":"2026-03-12T13:57:21","modified_gmt":"2026-03-12T12:57:21","slug":"riefenstahl-influencerin-des-boesen-ein-wdr-podcast-in-fuenf-teilen","status":"publish","type":"post","link":"https:\/\/www.schiebener.net\/wordpress\/riefenstahl-influencerin-des-boesen-ein-wdr-podcast-in-fuenf-teilen\/","title":{"rendered":"\u201eRiefenstahl: Influencerin des B\u00f6sen\u201c &#8211; Ein WDR Podcast in f\u00fcnf Teilen"},"content":{"rendered":"\n<h3 class=\"wp-block-heading\">\u201eRiefenstahls Blick auf die Welt ist antihuman, gef\u00fchllos, anti-aufkl\u00e4rerisch, todesgeil und faschistisch\u201c (Georg See\u00dflen)<\/h3>\n\n\n\n<figure class=\"wp-block-image size-full\"><img loading=\"lazy\" decoding=\"async\" width=\"700\" height=\"577\" src=\"https:\/\/www.schiebener.net\/wordpress\/wp-content\/uploads\/2016\/04\/Riefenstahl20162016041001.jpg\" alt=\"\" class=\"wp-image-35189\" srcset=\"https:\/\/www.schiebener.net\/wordpress\/wp-content\/uploads\/2016\/04\/Riefenstahl20162016041001.jpg 700w, https:\/\/www.schiebener.net\/wordpress\/wp-content\/uploads\/2016\/04\/Riefenstahl20162016041001-300x247.jpg 300w\" sizes=\"auto, (max-width: 709px) 85vw, (max-width: 909px) 67vw, (max-width: 984px) 61vw, (max-width: 1362px) 45vw, 600px\" \/><figcaption class=\"wp-element-caption\">Vor zehn Jahren wurde die Ausstellung &#8222;Mythos Leni Riefenstahl&#8220; in Hallenberg er\u00f6ffnet. Siehe dazu auch die Links unter dem Beitrag. (archivfoto: zoom)<\/figcaption><\/figure>\n\n\n\n<p><strong>Sie war ber\u00fchmt, gefeiert, stilpr\u00e4gend \u2013 und eine der wichtigsten Propagandistinnen des NS- Regimes. Leni Riefenstahl gilt bis heute als Ausnahmeerscheinung der Filmgeschichte. Ihre gr\u00f6\u00dften Erfolge feierte sie mit Filmen f\u00fcr Adolf Hitler. Und doch behauptete sie bis zu ihrem Tod mit 101 Jahren: Sie habe von den Verbrechen der Nazis nichts gewusst. Nichts geahnt. Immer zu sp\u00e4t von allem erfahren. Mitschuld ausgeschlossen.<\/strong><\/p>\n\n\n\n<p><em>(Artikelgrundlage: Pressemitteilung WDR)<\/em><\/p>\n\n\n\n<p>Der Podcast \u201eRiefenstahl: Influencerin des B\u00f6sen\u201c nimmt diese Selbstinszenierung auseinander. Host Katja Paysen-Petersen rekonstruiert Riefenstahls Leben neu \u2013 mit bislang unver\u00f6ffentlichten Tonaufnahmen aus ihrem Nachlass, abgeglichen mit historischen Quellen. Die Serie erz\u00e4hlt vom Aufstieg einer ehrgeizigen K\u00fcnstlerin, von N\u00e4he zur Macht, von L\u00fcgen, Selbstmythen \u2013 und davon, wie Propaganda funktioniert. Damals wie heute.<\/p>\n\n\n<div class=\"wp-block-image\">\n<figure class=\"aligncenter size-full\"><a href=\"https:\/\/www.schiebener.net\/wordpress\/wp-content\/uploads\/2026\/03\/2026031201Riefenstahl.jpg\" target=\"_blank\" rel=\" noreferrer noopener\"><img loading=\"lazy\" decoding=\"async\" width=\"704\" height=\"396\" src=\"https:\/\/www.schiebener.net\/wordpress\/wp-content\/uploads\/2026\/03\/2026031201Riefenstahl.jpg\" alt=\"\" class=\"wp-image-63545\" srcset=\"https:\/\/www.schiebener.net\/wordpress\/wp-content\/uploads\/2026\/03\/2026031201Riefenstahl.jpg 704w, https:\/\/www.schiebener.net\/wordpress\/wp-content\/uploads\/2026\/03\/2026031201Riefenstahl-300x169.jpg 300w\" sizes=\"auto, (max-width: 709px) 85vw, (max-width: 909px) 67vw, (max-width: 984px) 61vw, (max-width: 1362px) 45vw, 600px\" \/><\/a><figcaption class=\"wp-element-caption\">Pressefoto WDR (\u00a9 picture alliance\/Everett Collection\/David Jayne)<\/figcaption><\/figure>\n<\/div>\n\n\n<p>Was hat Leni Riefenstahl dazu bewogen, direkt nach Hitlers Macht\u00fcbernahme mit ihren Filmen Propaganda f\u00fcr die Nazis zu machen? Wie konnte sie sich bis zu ihrem Tod 2003 als unpolitische K\u00fcnstlerin vermarkten, die jede Verantwortung f\u00fcr ihr Tun in der Nazi-Zeit von sich wies? \u00dcber 100 Stunden Audiomaterial aus ihrem Nachlass hat Katja Paysen-Petersen f\u00fcr die Podcast-Serie geh\u00f6rt und Riefenstahls Behauptungen mit anderen Quellen abgeglichen. Was bleibt, ist das nackte Ger\u00fcst eines L\u00fcgenpalastes, den Riefenstahl sich selbst gebaut hat.<\/p>\n\n\n\n<p><strong>Ab 20. M\u00e4rz 2026 in der neuen ARD Sounds App im Podcast \u201eAlles Geschichte\u201c:<\/strong> <a href=\"https:\/\/www.ardsounds.de\/sendung\/alles-geschichte-der-history-podcast\/urn:ard:show:fdb83c5530d71150\/\" target=\"_blank\" rel=\"noreferrer noopener\">ardsounds.de\u00a0|\u00a0<strong>mehr<\/strong><\/a><\/p>\n\n\n\n<hr class=\"wp-block-separator has-alpha-channel-opacity\"\/>\n\n\n\n<p><strong>\u00c4ltere Artikel zu Riefenstahl hier im Blog:<br \/><\/strong><br \/><a href=\"https:\/\/www.schiebener.net\/wordpress\/mythos-leni-riefenstahl-fotografie-film-dokumentation-ausstellung-im-infozentrum-kump-vom-31-maerz-bis-29-april-2016\/\" target=\"_blank\" rel=\"noreferrer noopener\">Mythos Leni Riefenstahl \u2013 Fotografie. Film. Dokumentation. Ausstellung im Infozentrum Kump vom 31. M\u00e4rz bis 29. April 2016<\/a><\/p>\n\n\n\n<p><a href=\"https:\/\/www.schiebener.net\/wordpress\/mit-riefenstahl-bin-ich-noch-nicht-durch-austellung-im-kump-hallenberg\/\" target=\"_blank\" rel=\"noreferrer noopener\">Mit Riefenstahl bin ich noch nicht durch \u2026 Ausstellung im Kump Hallenberg<\/a><\/p>\n\n\n\n<p><a href=\"https:\/\/www.schiebener.net\/wordpress\/um-zwei-wochen-verlaengert-riefenstahls-blick-auf-die-welt-ist-antihuman-gefuehllos-anti-aufklaererisch-todesgeil-und-faschistisch-georg-seesslen\/\" target=\"_blank\" rel=\"noreferrer noopener\">Um zwei Wochen verl\u00e4ngert: \u201eRiefenstahls Blick auf die Welt ist antihuman, gef\u00fchllos, anti-aufkl\u00e4rerisch, todesgeil und faschistisch\u201c (Georg See\u00dflen)<\/a><\/p>\n\n\n\n<p><a href=\"https:\/\/www.schiebener.net\/wordpress\/weltpremiere-von-wdr-koproduktion-riefenstahl-auf-dem-filmfestival-in-venedig\/\" target=\"_blank\" rel=\"noreferrer noopener\">Weltpremiere von WDR-Koproduktion \u201eRIEFENSTAHL\u201c auf dem Filmfestival in Venedig<\/a><\/p>\n\n\n\n<p><\/p>\n","protected":false},"excerpt":{"rendered":"<p>\u201eRiefenstahls Blick auf die Welt ist antihuman, gef\u00fchllos, anti-aufkl\u00e4rerisch, todesgeil und faschistisch\u201c (Georg See\u00dflen) Sie war ber\u00fchmt, gefeiert, stilpr\u00e4gend \u2013 und eine der wichtigsten Propagandistinnen des NS- Regimes. Leni Riefenstahl &hellip; <a href=\"https:\/\/www.schiebener.net\/wordpress\/riefenstahl-influencerin-des-boesen-ein-wdr-podcast-in-fuenf-teilen\/\" class=\"more-link\"><span class=\"screen-reader-text\">\u201e\u201eRiefenstahl: Influencerin des B\u00f6sen\u201c &#8211; Ein WDR Podcast in f\u00fcnf Teilen\u201c <\/span>weiterlesen<\/a><\/p>\n","protected":false},"author":3,"featured_media":0,"comment_status":"open","ping_status":"open","sticky":false,"template":"","format":"standard","meta":{"footnotes":""},"categories":[319,303,32,7507,7281,1043,6314],"tags":[6207],"class_list":["post-63543","post","type-post","status-publish","format-standard","hentry","category-geschichte","category-in-unserem-briefkasten","category-medien","category-nationalsozialismus","category-podcast","category-pressemitteilungen","category-rechtsextremismus","tag-leni-riefenstahl"],"_links":{"self":[{"href":"https:\/\/www.schiebener.net\/wordpress\/wp-json\/wp\/v2\/posts\/63543","targetHints":{"allow":["GET"]}}],"collection":[{"href":"https:\/\/www.schiebener.net\/wordpress\/wp-json\/wp\/v2\/posts"}],"about":[{"href":"https:\/\/www.schiebener.net\/wordpress\/wp-json\/wp\/v2\/types\/post"}],"author":[{"embeddable":true,"href":"https:\/\/www.schiebener.net\/wordpress\/wp-json\/wp\/v2\/users\/3"}],"replies":[{"embeddable":true,"href":"https:\/\/www.schiebener.net\/wordpress\/wp-json\/wp\/v2\/comments?post=63543"}],"version-history":[{"count":0,"href":"https:\/\/www.schiebener.net\/wordpress\/wp-json\/wp\/v2\/posts\/63543\/revisions"}],"wp:attachment":[{"href":"https:\/\/www.schiebener.net\/wordpress\/wp-json\/wp\/v2\/media?parent=63543"}],"wp:term":[{"taxonomy":"category","embeddable":true,"href":"https:\/\/www.schiebener.net\/wordpress\/wp-json\/wp\/v2\/categories?post=63543"},{"taxonomy":"post_tag","embeddable":true,"href":"https:\/\/www.schiebener.net\/wordpress\/wp-json\/wp\/v2\/tags?post=63543"}],"curies":[{"name":"wp","href":"https:\/\/api.w.org\/{rel}","templated":true}]}}