{"id":63538,"date":"2026-03-11T20:25:52","date_gmt":"2026-03-11T19:25:52","guid":{"rendered":"https:\/\/www.schiebener.net\/wordpress\/?p=63538"},"modified":"2026-03-11T20:32:13","modified_gmt":"2026-03-11T19:32:13","slug":"wegfall-freiwilliger-teilnahme-an-integrationskursen-stellt-vhs-hsk-vor-erhebliche-herausforderungen","status":"publish","type":"post","link":"https:\/\/www.schiebener.net\/wordpress\/wegfall-freiwilliger-teilnahme-an-integrationskursen-stellt-vhs-hsk-vor-erhebliche-herausforderungen\/","title":{"rendered":"Wegfall freiwilliger Teilnahme an Integrationskursen stellt vhs HSK vor erhebliche Herausforderungen"},"content":{"rendered":"\n<h3 class=\"wp-block-heading\">Wer Integration ernst meint, darf beim Spracherwerb nicht sparen<\/h3>\n\n\n<div class=\"wp-block-image\">\n<figure class=\"aligncenter size-large\"><a href=\"https:\/\/www.schiebener.net\/wordpress\/wp-content\/uploads\/2026\/03\/20260311IntegrationskursKlein.jpg\" target=\"_blank\" rel=\" noreferrer noopener\"><img loading=\"lazy\" decoding=\"async\" width=\"1024\" height=\"492\" src=\"https:\/\/www.schiebener.net\/wordpress\/wp-content\/uploads\/2026\/03\/20260311IntegrationskursKlein-1024x492.jpg\" alt=\"Blick in einen hellen Unterrichtsraum mit wei\u00dfen W\u00e4nden, wei\u00dfer Decke und hellen Tischen. Teilnehmer*innen sitzen im U mit zwei Sprossen. Links ist eine Fensterseite, rechts eine wei\u00dfe Tafel. Vorne (im Bildhintergrund) stehen zwei Dozent*innen.\" class=\"wp-image-63539\" srcset=\"https:\/\/www.schiebener.net\/wordpress\/wp-content\/uploads\/2026\/03\/20260311IntegrationskursKlein-1024x492.jpg 1024w, https:\/\/www.schiebener.net\/wordpress\/wp-content\/uploads\/2026\/03\/20260311IntegrationskursKlein-300x144.jpg 300w, https:\/\/www.schiebener.net\/wordpress\/wp-content\/uploads\/2026\/03\/20260311IntegrationskursKlein-768x369.jpg 768w, https:\/\/www.schiebener.net\/wordpress\/wp-content\/uploads\/2026\/03\/20260311IntegrationskursKlein-1536x738.jpg 1536w, https:\/\/www.schiebener.net\/wordpress\/wp-content\/uploads\/2026\/03\/20260311IntegrationskursKlein-1200x577.jpg 1200w, https:\/\/www.schiebener.net\/wordpress\/wp-content\/uploads\/2026\/03\/20260311IntegrationskursKlein.jpg 2048w\" sizes=\"auto, (max-width: 709px) 85vw, (max-width: 909px) 67vw, (max-width: 1362px) 62vw, 840px\" \/><\/a><figcaption class=\"wp-element-caption\">Blick in einen Kurs der vhs Hochsauerlandkreis: Durch den Wegfall der Zulassung zur freiwilligen Teilnahme durch das Bundesamt f\u00fcr Migration und Fl\u00fcchtlinge (BAMF) steht die vhs vor organisatorischen und finanziellen Herausforderungen. (Foto: vhs HSK)<\/figcaption><\/figure>\n<\/div>\n\n\n<p><strong>Die Entscheidung des Bundesamtes f\u00fcr Migration und Fl\u00fcchtlinge, keine Zulassungen zur freiwilligen Teilnahme an Integrationskursen mehr zu erteilen, hat sp\u00fcrbare Auswirkungen auf die Volkshochschule Hochsauerlandkreis (vhs HSK).<\/strong> <\/p>\n\n\n\n<p><em>(Pressemitteilung HSK)<\/em><\/p>\n\n\n\n<p>In den derzeit laufenden Integrationskursen lernen rund 20 Prozent der Teilnehmenden auf Grundlage einer solchen Zulassung. Nach ersten Sch\u00e4tzungen k\u00f6nnten aber weitaus mehr Personen betroffen sein; bundesweit geht man von 40 Prozent aus.<\/p>\n\n\n\n<p>Falle diese Zielgruppe k\u00fcnftig weg, stelle dies die vhs HSK vor erhebliche organisatorische und finanzielle Herausforderungen. Denn bereits heute sei es schwierig, Teilnehmende f\u00fcr neue Kurse zu gewinnen. Eine weitere Reduzierung der Zugangsm\u00f6glichkeiten gef\u00e4hrde die Stabilit\u00e4t des bestehenden Angebots. Weniger Planungssicherheit, zumal in unserer l\u00e4ndlichen Gegend k\u00f6nne dazu f\u00fchren, dass Kurse sp\u00e4ter starten oder gar nicht erst zustande kommen. Und ein einmal zur\u00fcckgefahrenes Angebot lasse sich kurzfristig nicht wieder aufbauen, fasst Hubertus Becker, Leiter der vhs HSK, die Situation zusammen.<\/p>\n\n\n\n<!--more-->\n\n\n\n<p>\u201eDie Sprachliche Integration ist die Grundlage f\u00fcr gesellschaftliche Integration. Ohne ausreichende Deutschkenntnisse bleiben Menschen vom Arbeitsmarkt, von Bildung und von demokratischer Teilhabe ausgeschlossen\u201c, so Nadja Donner, bei der vhs HSK zust\u00e4ndig f\u00fcr das Sprachen-Angebot. Zwar k\u00f6nne Integration auch \u00fcber den Arbeitsmarkt erfolgen, ohne hinreichende Sprachkenntnisse sei diese jedoch oftmals nicht nachhaltig und berge ein erh\u00f6htes Risiko des Scheiterns.<\/p>\n\n\n\n<p>Eine freiwillige Kursteilnahme bleibt formal m\u00f6glich, setzt jedoch voraus, dass Teilnehmende einen Eigenanteil von 229 Euro beziehungsweise 458 Euro pro Modul (100 Unterrichtseinheiten) tragen. Bei insgesamt sieben Modulen summieren sich die Kosten auf mehrere Tausend Euro. Die Betroffenen seien in der Regel nicht oder nur teilweise erwerbst\u00e4tig. So stelle dieser Betrag eine kaum \u00fcberwindbare H\u00fcrde dar.<\/p>\n\n\n\n<p>Kurzfristige Einsparungen durch den Wegfall der Zulassungen k\u00f6nnten sich langfristig als wirtschaftlich nachteilig erweisen: \u201eWer aufgrund fehlender Sprachkenntnisse sp\u00e4ter oder gar nicht in den Arbeitsmarkt integriert wird, zahlt sp\u00e4ter oder gar nicht in die sozialen Sicherungssysteme ein. Integration verschieben hei\u00dft also: Kosten verschieben \u2013 nicht Kosten sparen\u201c, sieht Hubertus Becker, Leiter der vhs HSK, die weitere Entwicklung. Dabei seien Integrationskurse seit \u00fcber 20 Jahren ein wichtiger Baustein bei der Bek\u00e4mpfung des Fachkr\u00e4ftemangels in der Region.<\/p>\n\n\n\n<p>Die vhs HSK fordert appelliert daher an die Verantwortlichen in der Bundesregierung, diese Entscheidung zu \u00fcberpr\u00fcfen und den Zugang zu Integrationskursen wieder zu erleichtern. Wer Integration ernst meint, d\u00fcrfe beim Spracherwerb nicht sparen.<\/p>\n","protected":false},"excerpt":{"rendered":"<p>Wer Integration ernst meint, darf beim Spracherwerb nicht sparen Die Entscheidung des Bundesamtes f\u00fcr Migration und Fl\u00fcchtlinge, keine Zulassungen zur freiwilligen Teilnahme an Integrationskursen mehr zu erteilen, hat sp\u00fcrbare Auswirkungen &hellip; <a href=\"https:\/\/www.schiebener.net\/wordpress\/wegfall-freiwilliger-teilnahme-an-integrationskursen-stellt-vhs-hsk-vor-erhebliche-herausforderungen\/\" class=\"more-link\"><span class=\"screen-reader-text\">\u201eWegfall freiwilliger Teilnahme an Integrationskursen stellt vhs HSK vor erhebliche Herausforderungen\u201c <\/span>weiterlesen<\/a><\/p>\n","protected":false},"author":17,"featured_media":0,"comment_status":"open","ping_status":"open","sticky":false,"template":"","format":"standard","meta":{"footnotes":""},"categories":[3,6658,303,674,80,1043,4761,2241],"tags":[835,1395,2168],"class_list":["post-63538","post","type-post","status-publish","format-standard","hentry","category-bildung-und-schule","category-fluechtlinge","category-in-unserem-briefkasten","category-kultur","category-lokales","category-pressemitteilungen","category-soziales","category-sprache","tag-hochsauerlandkreis","tag-integration","tag-vhs"],"_links":{"self":[{"href":"https:\/\/www.schiebener.net\/wordpress\/wp-json\/wp\/v2\/posts\/63538","targetHints":{"allow":["GET"]}}],"collection":[{"href":"https:\/\/www.schiebener.net\/wordpress\/wp-json\/wp\/v2\/posts"}],"about":[{"href":"https:\/\/www.schiebener.net\/wordpress\/wp-json\/wp\/v2\/types\/post"}],"author":[{"embeddable":true,"href":"https:\/\/www.schiebener.net\/wordpress\/wp-json\/wp\/v2\/users\/17"}],"replies":[{"embeddable":true,"href":"https:\/\/www.schiebener.net\/wordpress\/wp-json\/wp\/v2\/comments?post=63538"}],"version-history":[{"count":0,"href":"https:\/\/www.schiebener.net\/wordpress\/wp-json\/wp\/v2\/posts\/63538\/revisions"}],"wp:attachment":[{"href":"https:\/\/www.schiebener.net\/wordpress\/wp-json\/wp\/v2\/media?parent=63538"}],"wp:term":[{"taxonomy":"category","embeddable":true,"href":"https:\/\/www.schiebener.net\/wordpress\/wp-json\/wp\/v2\/categories?post=63538"},{"taxonomy":"post_tag","embeddable":true,"href":"https:\/\/www.schiebener.net\/wordpress\/wp-json\/wp\/v2\/tags?post=63538"}],"curies":[{"name":"wp","href":"https:\/\/api.w.org\/{rel}","templated":true}]}}