{"id":63533,"date":"2026-03-10T17:46:16","date_gmt":"2026-03-10T16:46:16","guid":{"rendered":"https:\/\/www.schiebener.net\/wordpress\/?p=63533"},"modified":"2026-03-10T17:52:07","modified_gmt":"2026-03-10T16:52:07","slug":"das-akw-goesgen-ch-und-die-bar-in-crans-montana","status":"publish","type":"post","link":"https:\/\/www.schiebener.net\/wordpress\/das-akw-goesgen-ch-und-die-bar-in-crans-montana\/","title":{"rendered":"Das AKW-G\u00f6sgen (CH) und die Bar in Crans-Montana"},"content":{"rendered":"<div class=\"wp-block-image\">\n<figure class=\"aligncenter size-full\"><a href=\"https:\/\/www.schiebener.net\/wordpress\/wp-content\/uploads\/2026\/03\/20260310AKWGoesgen.jpg\" target=\"_blank\" rel=\" noreferrer noopener\"><img loading=\"lazy\" decoding=\"async\" width=\"903\" height=\"600\" src=\"https:\/\/www.schiebener.net\/wordpress\/wp-content\/uploads\/2026\/03\/20260310AKWGoesgen.jpg\" alt=\"Eine Zeichnung auf wei\u00dfem Hintergrund: aus einer Schweizer Fahne (rot mit wei\u00dfem Kreuz) steigt eine Wolke aus einem AKW auf, welches sich in der Mitte des Kreuzes befindet. Rechts daneben in Schwarz die Frage: Was ist los im AKW G\u00f6sgen?\n\nAm linken Rand senkrecht in schwarz: www.mitwelt.org.\" class=\"wp-image-63534\" srcset=\"https:\/\/www.schiebener.net\/wordpress\/wp-content\/uploads\/2026\/03\/20260310AKWGoesgen.jpg 903w, https:\/\/www.schiebener.net\/wordpress\/wp-content\/uploads\/2026\/03\/20260310AKWGoesgen-300x199.jpg 300w, https:\/\/www.schiebener.net\/wordpress\/wp-content\/uploads\/2026\/03\/20260310AKWGoesgen-768x510.jpg 768w\" sizes=\"auto, (max-width: 709px) 85vw, (max-width: 909px) 67vw, (max-width: 1362px) 62vw, 840px\" \/><\/a><figcaption class=\"wp-element-caption\">Was haben eine AKW und eine Bar gemein? (Grafik: Mitwelt)<\/figcaption><\/figure>\n<\/div>\n\n\n<p><strong>Vor 15 Jahren schaute die Welt auf die Atomkatastrophe im japanischen AKW Fukushima. Zu Jahresbeginn schaute die Welt auf den Brand in der Bar von Crans-Montana. Mit einem gewissen zeitlichen Abstand l\u00e4sst das ver\u00f6ffentlichte Interesse an brennbaren Bar-Decken und an alten AKW deutlich nach \u2026<\/strong><\/p>\n\n\n\n<p><em>(Axel Mayer, <a href=\"https:\/\/www.mitwelt.org\/akw-kkw-goesgen.html\" target=\"_blank\" rel=\"noreferrer noopener\">Mitwelt Stiftung Oberrhein<\/a>)<\/em><\/p>\n\n\n\n<p>Das <a href=\"https:\/\/www.mitwelt.org\/akw-kkw-goesgen.html\" target=\"_blank\" rel=\"noreferrer noopener\">Risiko-AKW G\u00f6sgen<\/a> (CH) liegt 21 km von der deutschen Grenze entfernt. Es ist seit dem 24. Mai 2025&nbsp;(Jahresrevision)&nbsp;wegen der Reparatur der technischen Sicherheitsprobleme abgeschaltet und soll nach massiven Verz\u00f6gerungen am 21. M\u00e4rz 2026 wieder ans Netz. <\/p>\n\n\n\n<!--more-->\n\n\n\n<p><a href=\"https:\/\/energiestiftung.ch\/medienmitteilung\/sicherheitsillusion-in-goesgen-gutachten-legt-jahrzehntelanges-kernschmelze-risiko-offen\" target=\"_blank\" rel=\"noreferrer noopener\">Ein unabh\u00e4ngiges Gutachten im Auftrag der Schweizerischen Energiestiftung<\/a> best\u00e4tigt: <strong>\u201eDas Atomkraftwerk G\u00f6sgen wurde seit seiner Inbetriebnahme im Jahr 1979 mit einem fundamentalen Sicherheitsmangel betrieben. Im St\u00f6rfall drohte die K\u00fchlung des Reaktors zu versagen. M\u00f6gliche Konsequenz: schwere Kernsch\u00e4den bis hin zur Kernschmelze.\u201c<\/strong> Diese Sicherheitsprobleme wurden schon in den 1990er-Jahren entdeckt. Sie werden aber erst jetzt behoben.<br \/><br \/>Eine der Ursachen beim verheerenden Brand in der Bar in Crans-Montana waren die mangelnden staatlichen Kontrollen der Bar. Was ist von einer AKW-Kontrolle zu halten, die riskante Schwachstellen sehr sp\u00e4t entdeckt und dann nicht auf eine sofortige Behebung der Probleme dr\u00e4ngt? Ein schwerer Unfall h\u00e4tte verheerende Folgen f\u00fcr die Schweiz und die Nachbarl\u00e4nder.<br \/><br \/>Die finanziellen Folgen des Ausfalls liegen bei bis zu 500 Millionen Schweizer Franken. Es gibt ein erstaunliches und erschreckendes Ph\u00e4nomen. Im grenznahen Deutschland ist der Zustand des AKW-G\u00f6sgen (fast) kein Thema. In der Schweiz wird jetzt viel \u00fcber die massiven finanziellen Folgen der Abschaltung berichtet. \u00dcber die lange verdr\u00e4ngten m\u00f6glichen Gefahren f\u00fcr Mensch und Umwelt, die Grund f\u00fcr die Abschaltung waren, wird wenig \u00f6ffentlich berichtet und diskutiert. <\/p>\n\n\n\n<p><strong>Was sagt diese Gewichtung der Debatte \u00fcber den Zustand der Medien und einer Gesellschaft aus? Was haben wir aus Fukushima und Tschernobyl gelernt?<\/strong><\/p>\n\n\n\n<p><\/p>\n","protected":false},"excerpt":{"rendered":"<p>Vor 15 Jahren schaute die Welt auf die Atomkatastrophe im japanischen AKW Fukushima. Zu Jahresbeginn schaute die Welt auf den Brand in der Bar von Crans-Montana. Mit einem gewissen zeitlichen &hellip; <a href=\"https:\/\/www.schiebener.net\/wordpress\/das-akw-goesgen-ch-und-die-bar-in-crans-montana\/\" class=\"more-link\"><span class=\"screen-reader-text\">\u201eDas AKW-G\u00f6sgen (CH) und die Bar in Crans-Montana\u201c <\/span>weiterlesen<\/a><\/p>\n","protected":false},"author":18,"featured_media":0,"comment_status":"open","ping_status":"open","sticky":false,"template":"","format":"standard","meta":{"footnotes":""},"categories":[319,549],"tags":[9461,801,9462,2490,9463,2441],"class_list":["post-63533","post","type-post","status-publish","format-standard","hentry","category-geschichte","category-umwelt","tag-akw-goesgen","tag-atomkraftwerke","tag-crans-montana","tag-fukushima","tag-katastrophen","tag-tschernobyl"],"_links":{"self":[{"href":"https:\/\/www.schiebener.net\/wordpress\/wp-json\/wp\/v2\/posts\/63533","targetHints":{"allow":["GET"]}}],"collection":[{"href":"https:\/\/www.schiebener.net\/wordpress\/wp-json\/wp\/v2\/posts"}],"about":[{"href":"https:\/\/www.schiebener.net\/wordpress\/wp-json\/wp\/v2\/types\/post"}],"author":[{"embeddable":true,"href":"https:\/\/www.schiebener.net\/wordpress\/wp-json\/wp\/v2\/users\/18"}],"replies":[{"embeddable":true,"href":"https:\/\/www.schiebener.net\/wordpress\/wp-json\/wp\/v2\/comments?post=63533"}],"version-history":[{"count":0,"href":"https:\/\/www.schiebener.net\/wordpress\/wp-json\/wp\/v2\/posts\/63533\/revisions"}],"wp:attachment":[{"href":"https:\/\/www.schiebener.net\/wordpress\/wp-json\/wp\/v2\/media?parent=63533"}],"wp:term":[{"taxonomy":"category","embeddable":true,"href":"https:\/\/www.schiebener.net\/wordpress\/wp-json\/wp\/v2\/categories?post=63533"},{"taxonomy":"post_tag","embeddable":true,"href":"https:\/\/www.schiebener.net\/wordpress\/wp-json\/wp\/v2\/tags?post=63533"}],"curies":[{"name":"wp","href":"https:\/\/api.w.org\/{rel}","templated":true}]}}