{"id":63487,"date":"2026-03-05T21:06:14","date_gmt":"2026-03-05T20:06:14","guid":{"rendered":"https:\/\/www.schiebener.net\/wordpress\/?p=63487"},"modified":"2026-03-05T21:31:48","modified_gmt":"2026-03-05T20:31:48","slug":"trotz-allem-tanzen-die-etwas-andere-stadtfuehrung","status":"publish","type":"post","link":"https:\/\/www.schiebener.net\/wordpress\/trotz-allem-tanzen-die-etwas-andere-stadtfuehrung\/","title":{"rendered":"Trotz Allem Tanzen!\u00a0Die etwas andere Stadtf\u00fchrung"},"content":{"rendered":"\n<h3 class=\"wp-block-heading\"><strong>Wiederaufnahme am 21.3.2026 um 20 Uhr und am 22.3.2026 um 18 Uhr in der KulturSchmiede Arnsberg<\/strong><\/h3>\n\n\n<div class=\"wp-block-image\">\n<figure class=\"aligncenter size-large\"><a href=\"https:\/\/www.schiebener.net\/wordpress\/wp-content\/uploads\/2026\/03\/20260305Theadipolis.jpg\" target=\"_blank\" rel=\" noreferrer noopener\"><img loading=\"lazy\" decoding=\"async\" width=\"970\" height=\"1024\" src=\"https:\/\/www.schiebener.net\/wordpress\/wp-content\/uploads\/2026\/03\/20260305Theadipolis-970x1024.jpg\" alt=\"Auf einer Theaterb\u00fchne befinden sich sieben Personen. In der ersten Reihe der Gruppe sitzt mittig eine junge Frau im Rollstuhl, rechts sind eine weitere Frau mit Cello. In der zweiten und dritten Reihe sind weitere Personen zu sehen. Bis auf die Cello-Spielerin haben alle die F\u00e4uste wie zum Kampf gereckt. Links h\u00e4ngt ein gr\u00fcner rechts ein rot-orangener Vorhang auf die B\u00fchne hinunter. Die Menschen wirken sehr entschlossen und strahlen trotzdem, auch wegen ihrer farbenfrohen Kleidung, Optimismus aus.\" class=\"wp-image-63488\" srcset=\"https:\/\/www.schiebener.net\/wordpress\/wp-content\/uploads\/2026\/03\/20260305Theadipolis-970x1024.jpg 970w, https:\/\/www.schiebener.net\/wordpress\/wp-content\/uploads\/2026\/03\/20260305Theadipolis-284x300.jpg 284w, https:\/\/www.schiebener.net\/wordpress\/wp-content\/uploads\/2026\/03\/20260305Theadipolis-768x811.jpg 768w, https:\/\/www.schiebener.net\/wordpress\/wp-content\/uploads\/2026\/03\/20260305Theadipolis.jpg 1126w\" sizes=\"auto, (max-width: 709px) 85vw, (max-width: 909px) 67vw, (max-width: 1362px) 62vw, 840px\" \/><\/a><figcaption class=\"wp-element-caption\">Sie teilen ihre Erwartungen, Hoffnungen und W\u00fcnsche an die Stadtgesellschaft und an eine Stadt der Zukunft (Foto: Teatron)<\/figcaption><\/figure>\n<\/div>\n\n\n<p><strong>Durch das Leben tanzen \u2013 trotz besonderer Herausforderungen, trotz Schicksalsschl\u00e4gen und Einschr\u00e4nkungen, mit Mut und Offenheit dar\u00fcber berichten, und trotz allem lachen und kreativ sein\u2026<\/strong><\/p>\n\n\n\n<p><em>(Mitteilung Teatron Theater)<\/em><\/p>\n\n\n\n<p>Das zeichnet die Theatergruppe aus, die sich im Jahr 2025 im Rahmen des dreij\u00e4hrigen Projektes \u201eTheaDiPOLIS\u201c mit dem Thema \u201eStadt der Zukunft\u201c besch\u00e4ftigt hat und daf\u00fcr mit dem Inklusionsplatz der Stadt Arnsberg (3. Platz) ausgezeichnet wurde. <\/p>\n\n\n\n<p>Nun wird diese etwas andere Stadtf\u00fchrung nochmals in der KulturSchmiede Arnsberg pr\u00e4sentiert.<\/p>\n\n\n\n<!--more-->\n\n\n\n<p>Die Teilnehmenden sind mit besonderen Herausforderungen in ihrem Leben konfrontiert und berichten \u00fcber ihr Leben und \u00fcber ihre ganz besonderen Orte in Arnsberg. Und sie teilen ihre Erwartungen, Hoffnungen und W\u00fcnsche an die Stadtgesellschaft und an eine Stadt der Zukunft, die alle Menschen sieht und wertsch\u00e4tzt und deren Strukturen allen Menschen ein gleichberechtigtes Leben erm\u00f6glicht.<br \/><br \/>Weitere Informationen unter: <a href=\"http:\/\/www.teatron-theater.de\" target=\"_blank\" rel=\"noreferrer noopener\">www.teatron-theater.de<\/a> (<strong>Infotext in einfacher Sprache<\/strong> <a href=\"https:\/\/teatron-theater.de\/programm\/theadipolis-2-0-trotz-allem-tanzen-2\/\" target=\"_blank\" rel=\"noreferrer noopener\"><strong>hier<\/strong><\/a> )<\/p>\n\n\n\n<p><strong>Teilnehmende:<\/strong><br \/>Christine Friedrichs, Etienne Ian Leberke Bustamante, Henna Momand, Hosna Momand, Mareike Trolp, Martin Korte, Mohammad Ali Karimi, Uta Klingeberg-Schulte, Uta Schneider<\/p>\n\n\n\n<p><strong>Regie<\/strong>: Yehuda Almagor \/\/ <strong>Dramaturgie, St\u00fcckentwicklung<\/strong>: Ursula Almagor \/\/ <strong>Dramaturgische Mitarbeit<\/strong>: Barbara H\u00f6nsch \/\/ <strong>Videofilme, Animation, Grafikdesign<\/strong>: Daniel Almagor \/\/ <strong>Sounddesign<\/strong>: Max Gausepohl \/\/ <strong>B\u00fchnenbild:<\/strong> Yehuda Almagor \/\/ <strong>Co-B\u00fchnenbild, B\u00fchnenbau:<\/strong> Peter Jagoda \/\/ <strong>Fotografie<\/strong>: Vivien Schulte<\/p>\n\n\n\n<p><strong>Karten<\/strong> zu 15 \u20ac, 8 \u20ac oder 0 \u20ac. Die Entscheidung f\u00fcr welchen Kartenpreis liegt bei jedem\/er einzelnen \u2013 je nach finanzieller M\u00f6glichkeit und Bereitschaft, die Theaterarbeit zu unterst\u00fctzen. Entweder online bei <a href=\"https:\/\/www.reservix.de\/veranstaltungskalender?q=Trotz+allem+Tanzen\" target=\"_blank\" rel=\"noreferrer noopener\">reservix.de<\/a> oder in der <a href=\"https:\/\/www.buchhandlung-vieth.de\/\" target=\"_blank\" rel=\"noreferrer noopener\">Buchhandlung Sonja Vieth<\/a> sowie allen <a href=\"https:\/\/teatron-theater.de\/hauptseite\/vorverkauf\/\" target=\"_blank\" rel=\"noreferrer noopener\">reservix-Vorverkaufsstellen<\/a>.<\/p>\n","protected":false},"excerpt":{"rendered":"<p>Wiederaufnahme am 21.3.2026 um 20 Uhr und am 22.3.2026 um 18 Uhr in der KulturSchmiede Arnsberg Durch das Leben tanzen \u2013 trotz besonderer Herausforderungen, trotz Schicksalsschl\u00e4gen und Einschr\u00e4nkungen, mit Mut &hellip; <a href=\"https:\/\/www.schiebener.net\/wordpress\/trotz-allem-tanzen-die-etwas-andere-stadtfuehrung\/\" class=\"more-link\"><span class=\"screen-reader-text\">\u201eTrotz Allem Tanzen!\u00a0Die etwas andere Stadtf\u00fchrung\u201c <\/span>weiterlesen<\/a><\/p>\n","protected":false},"author":3,"featured_media":0,"comment_status":"open","ping_status":"open","sticky":false,"template":"","format":"standard","meta":{"footnotes":""},"categories":[303,674,854,80,3096],"tags":[1350,4670],"class_list":["post-63487","post","type-post","status-publish","format-standard","hentry","category-in-unserem-briefkasten","category-kultur","category-kunst","category-lokales","category-urbanes-wohnen","tag-arnsberg","tag-teatron-theater"],"_links":{"self":[{"href":"https:\/\/www.schiebener.net\/wordpress\/wp-json\/wp\/v2\/posts\/63487","targetHints":{"allow":["GET"]}}],"collection":[{"href":"https:\/\/www.schiebener.net\/wordpress\/wp-json\/wp\/v2\/posts"}],"about":[{"href":"https:\/\/www.schiebener.net\/wordpress\/wp-json\/wp\/v2\/types\/post"}],"author":[{"embeddable":true,"href":"https:\/\/www.schiebener.net\/wordpress\/wp-json\/wp\/v2\/users\/3"}],"replies":[{"embeddable":true,"href":"https:\/\/www.schiebener.net\/wordpress\/wp-json\/wp\/v2\/comments?post=63487"}],"version-history":[{"count":0,"href":"https:\/\/www.schiebener.net\/wordpress\/wp-json\/wp\/v2\/posts\/63487\/revisions"}],"wp:attachment":[{"href":"https:\/\/www.schiebener.net\/wordpress\/wp-json\/wp\/v2\/media?parent=63487"}],"wp:term":[{"taxonomy":"category","embeddable":true,"href":"https:\/\/www.schiebener.net\/wordpress\/wp-json\/wp\/v2\/categories?post=63487"},{"taxonomy":"post_tag","embeddable":true,"href":"https:\/\/www.schiebener.net\/wordpress\/wp-json\/wp\/v2\/tags?post=63487"}],"curies":[{"name":"wp","href":"https:\/\/api.w.org\/{rel}","templated":true}]}}