{"id":63481,"date":"2026-03-05T08:47:49","date_gmt":"2026-03-05T07:47:49","guid":{"rendered":"https:\/\/www.schiebener.net\/wordpress\/?p=63481"},"modified":"2026-03-05T20:54:39","modified_gmt":"2026-03-05T19:54:39","slug":"it-nrw-frauen-in-den-kommunalen-vertretungen-und-in-der-verwaltungsspitze-weiter-in-der-minderheit","status":"publish","type":"post","link":"https:\/\/www.schiebener.net\/wordpress\/it-nrw-frauen-in-den-kommunalen-vertretungen-und-in-der-verwaltungsspitze-weiter-in-der-minderheit\/","title":{"rendered":"IT.NRW: Frauen in den kommunalen Vertretungen und in der Verwaltungsspitze weiter in der Minderheit"},"content":{"rendered":"\n<ul class=\"wp-block-list\">\n<li><strong>Jedes dritte Mitglied in den Kreistagen und den R\u00e4ten der kreisfreien St\u00e4dte ist eine Frau (33,3&nbsp;%).<\/strong><\/li>\n\n\n\n<li><strong>Frauenanteil in den Vertretungen der kreisangeh\u00f6rigen Gemeinden f\u00e4llt mit 28,4&nbsp;% noch geringer aus.<\/strong><\/li>\n\n\n\n<li><strong>In den kreisangeh\u00f6rigen Gemeinden gibt es derzeit 43 B\u00fcrgermeisterinnen, dies entspricht einem Frauenanteil von 11,5&nbsp;%.<\/strong><\/li>\n\n\n\n<li><strong>In Hallenberg gibt nur ein weibliches Ratsmitglied und der Frauenanteil liegt hier bei&nbsp;5% (Winterberg 15,6%, Olsberg 31,3%, Brilon 28,9%, Marsberg 8,8%, Schmallenberg 15,8%, Arnsberg 30,4%, Bestwig 32,1%, Meschede 34,2%, Medebach 21,4%, Eslohe 25%, Sundern 27,3%) .<\/strong><\/li>\n<\/ul>\n\n\n\n<!--more-->\n\n\n<div class=\"wp-block-image\">\n<figure class=\"aligncenter size-large\"><a href=\"https:\/\/www.schiebener.net\/wordpress\/wp-content\/uploads\/2026\/03\/2026030502Frauenanteil.png\" target=\"_blank\" rel=\" noreferrer noopener\"><img loading=\"lazy\" decoding=\"async\" width=\"1024\" height=\"956\" src=\"https:\/\/www.schiebener.net\/wordpress\/wp-content\/uploads\/2026\/03\/2026030502Frauenanteil-1024x956.png\" alt=\"\" class=\"wp-image-63482\" srcset=\"https:\/\/www.schiebener.net\/wordpress\/wp-content\/uploads\/2026\/03\/2026030502Frauenanteil-1024x956.png 1024w, https:\/\/www.schiebener.net\/wordpress\/wp-content\/uploads\/2026\/03\/2026030502Frauenanteil-300x280.png 300w, https:\/\/www.schiebener.net\/wordpress\/wp-content\/uploads\/2026\/03\/2026030502Frauenanteil-768x717.png 768w, https:\/\/www.schiebener.net\/wordpress\/wp-content\/uploads\/2026\/03\/2026030502Frauenanteil-1536x1433.png 1536w, https:\/\/www.schiebener.net\/wordpress\/wp-content\/uploads\/2026\/03\/2026030502Frauenanteil-2048x1911.png 2048w, https:\/\/www.schiebener.net\/wordpress\/wp-content\/uploads\/2026\/03\/2026030502Frauenanteil-1200x1120.png 1200w\" sizes=\"auto, (max-width: 709px) 85vw, (max-width: 909px) 67vw, (max-width: 1362px) 62vw, 840px\" \/><\/a><figcaption class=\"wp-element-caption\"><a href=\"https:\/\/www.it.nrw\/system\/files\/media\/document\/file\/053a_26.xlsx\" target=\"_blank\" rel=\"noreferrer noopener\">Daten zur Grafik<\/a> XLSX, 38,61 KB (Grafik: IT.NRW)<\/figcaption><\/figure>\n<\/div>\n\n\n<p><\/p>\n\n\n\n<p><strong>D\u00fcsseldorf (<a href=\"https:\/\/www.it.nrw\/nrw-frauen-den-kommunalen-vertretungen-und-der-verwaltungsspitze-weiter-der-minderheit-128189\" target=\"_blank\" rel=\"noreferrer noopener\">IT.NRW<\/a>). Die Mitglieder der kommunalen Vertretungen in NRW sind weiterhin \u00fcberwiegend m\u00e4nnlich. Wie Information und Technik Nordrhein-Westfalen als Statistisches Landesamt anl\u00e4sslich des internationalen Frauentages am 8. M\u00e4rz mitteilt, ist in den Kreistagen und den R\u00e4ten der kreisfreien St\u00e4dte nur etwa jedes dritte Mitglied eine Frau (33,3&nbsp;%).<\/strong> <\/p>\n\n\n\n<p>Im Vergleich zu den Ergebnissen der Kommunalwahlen 2020 ist der Frauenanteil um 1,2 Prozentpunkte gesunken. In den R\u00e4ten der St\u00e4dte Bonn, K\u00f6ln und M\u00fcnster ist der Frauenanteil mit \u00fcber 42&nbsp;% am h\u00f6chsten, w\u00e4hrend in den Kreisen Euskirchen, Herford und H\u00f6xter nur etwa jedes vierte Kreistagsmitglied eine Frau ist.<\/p>\n\n\n\n<p><strong>Frauenanteil in den Gemeinder\u00e4ten variiert deutlich<\/strong><br \/>In den Vertretungen der kreisangeh\u00f6rigen Gemeinden f\u00e4llt der Frauenanteil mit 28,4&nbsp;% noch etwas geringer aus, trotz einer leichten Steigerung um 0,8 Prozentpunkte im Vergleich zu den Kommunalwahlen 2020. Dabei zeigen sich deutliche Unterschiede zwischen einzelnen Gemeinden: In Haan und in Legden ist der Frauenanteil mit 50&nbsp;% besonders hoch, dagegen gibt es in Nieheim und Hallenberg jeweils nur ein weibliches Ratsmitglied und der Frauenanteil liegt hier bei 5&nbsp;% und niedriger.<\/p>\n\n\n<div class=\"wp-block-image\">\n<figure class=\"aligncenter size-large\"><a href=\"https:\/\/www.schiebener.net\/wordpress\/wp-content\/uploads\/2026\/03\/2026030501Frauenanteil.png\" target=\"_blank\" rel=\" noreferrer noopener\"><img loading=\"lazy\" decoding=\"async\" width=\"1024\" height=\"956\" src=\"https:\/\/www.schiebener.net\/wordpress\/wp-content\/uploads\/2026\/03\/2026030501Frauenanteil-1024x956.png\" alt=\"\" class=\"wp-image-63483\" srcset=\"https:\/\/www.schiebener.net\/wordpress\/wp-content\/uploads\/2026\/03\/2026030501Frauenanteil-1024x956.png 1024w, https:\/\/www.schiebener.net\/wordpress\/wp-content\/uploads\/2026\/03\/2026030501Frauenanteil-300x280.png 300w, https:\/\/www.schiebener.net\/wordpress\/wp-content\/uploads\/2026\/03\/2026030501Frauenanteil-768x717.png 768w, https:\/\/www.schiebener.net\/wordpress\/wp-content\/uploads\/2026\/03\/2026030501Frauenanteil-1536x1433.png 1536w, https:\/\/www.schiebener.net\/wordpress\/wp-content\/uploads\/2026\/03\/2026030501Frauenanteil-2048x1911.png 2048w, https:\/\/www.schiebener.net\/wordpress\/wp-content\/uploads\/2026\/03\/2026030501Frauenanteil-1200x1120.png 1200w\" sizes=\"auto, (max-width: 709px) 85vw, (max-width: 909px) 67vw, (max-width: 1362px) 62vw, 840px\" \/><\/a><figcaption class=\"wp-element-caption\"><a href=\"https:\/\/www.it.nrw\/system\/files\/media\/document\/file\/053b_26_kartogramm_2.xlsx\" target=\"_blank\" rel=\"noreferrer noopener\">Daten zur Grafik<\/a> (XLSX, 54,09 KB) (Grafik: IT.NRW)<\/figcaption><\/figure>\n<\/div>\n\n\n<p><strong>Wenige (Ober-)B\u00fcrgermeisterinnen und Landr\u00e4tinnen<\/strong><br \/>Ein \u00e4hnliches Bild zeigt sich bei den amtierenden Hauptverwaltungsbeamten und -beamtinnen: Aktuell haben insgesamt nur sechs Frauen das Amt einer Oberb\u00fcrgermeisterin bzw. einer Landr\u00e4tin inne, nach den Kommunalwahlen 2020 waren es sieben. Dem stehen aktuell 48 m\u00e4nnliche Oberb\u00fcrgermeister bzw. Landr\u00e4te gegen\u00fcber, sodass sich der Frauenanteil hier auf 11,1 % bel\u00e4uft.<\/p>\n\n\n\n<p>In den kreisangeh\u00f6rigen Gemeinden setzte sich bei den B\u00fcrgermeisterwahlen 2025 nur 43-mal eine weibliche Kandidatin durch, in 330 Gemeinden erreichte ein Mann das B\u00fcrgermeisteramt. Der Frauenanteil in den kreisangeh\u00f6rigen Gemeinden betr\u00e4gt somit 11,5 %, ein Minus von 3,2 Prozentpunkten im Vergleich zu den Kommunalwahlergebnissen 2020.<\/p>\n\n\n\n<p><strong>Hinweise zur Statistik<\/strong><br \/>Die ausgewiesenen Ergebnisse beziehen sich auf die letzten beiden allgemeinen Kommunalwahlen in NRW, die am 14.09.2025 bzw. 13.09.2020 stattgefunden haben, unter Ber\u00fccksichtigung nachgelagerter Stichwahlen um das Amt der Verwaltungsspitze. \u00c4nderungen in den kommunalen Parlamenten, die nach dem Wahltag beispielsweise durch Amtsniederlegungen erfolgt sind, sind in den Ergebnissen nicht ber\u00fccksichtigt.&nbsp;<\/p>\n\n\n\n<p><a href=\"https:\/\/www.it.nrw\/system\/files\/media\/document\/file\/053_26_anhangtabelle.xlsx\" target=\"_blank\" rel=\"noreferrer noopener\">Ergebnisse f\u00fcr kreisfreie St\u00e4dte, Kreise und Gemeinden<\/a> (XLSX, 50,53 KB)<\/p>\n\n\n\n<p><\/p>\n","protected":false},"excerpt":{"rendered":"","protected":false},"author":3,"featured_media":0,"comment_status":"open","ping_status":"open","sticky":false,"template":"","format":"standard","meta":{"footnotes":""},"categories":[1075,2620,303,80,24,1043],"tags":[9426,835,9458,1368,598],"class_list":["post-63481","post","type-post","status-publish","format-standard","hentry","category-frauen","category-frauenpolitik","category-in-unserem-briefkasten","category-lokales","category-politik","category-pressemitteilungen","tag-9426","tag-hochsauerlandkreis","tag-internationaler-frauentag","tag-kommunalverwaltungen","tag-kommunalwahlen"],"_links":{"self":[{"href":"https:\/\/www.schiebener.net\/wordpress\/wp-json\/wp\/v2\/posts\/63481","targetHints":{"allow":["GET"]}}],"collection":[{"href":"https:\/\/www.schiebener.net\/wordpress\/wp-json\/wp\/v2\/posts"}],"about":[{"href":"https:\/\/www.schiebener.net\/wordpress\/wp-json\/wp\/v2\/types\/post"}],"author":[{"embeddable":true,"href":"https:\/\/www.schiebener.net\/wordpress\/wp-json\/wp\/v2\/users\/3"}],"replies":[{"embeddable":true,"href":"https:\/\/www.schiebener.net\/wordpress\/wp-json\/wp\/v2\/comments?post=63481"}],"version-history":[{"count":0,"href":"https:\/\/www.schiebener.net\/wordpress\/wp-json\/wp\/v2\/posts\/63481\/revisions"}],"wp:attachment":[{"href":"https:\/\/www.schiebener.net\/wordpress\/wp-json\/wp\/v2\/media?parent=63481"}],"wp:term":[{"taxonomy":"category","embeddable":true,"href":"https:\/\/www.schiebener.net\/wordpress\/wp-json\/wp\/v2\/categories?post=63481"},{"taxonomy":"post_tag","embeddable":true,"href":"https:\/\/www.schiebener.net\/wordpress\/wp-json\/wp\/v2\/tags?post=63481"}],"curies":[{"name":"wp","href":"https:\/\/api.w.org\/{rel}","templated":true}]}}