{"id":63412,"date":"2026-02-23T16:09:50","date_gmt":"2026-02-23T15:09:50","guid":{"rendered":"https:\/\/www.schiebener.net\/wordpress\/?p=63412"},"modified":"2026-02-23T16:09:50","modified_gmt":"2026-02-23T15:09:50","slug":"sauerland-vielfalt-migrantinnen-bringen-menschen-im-hsk-zusammen","status":"publish","type":"post","link":"https:\/\/www.schiebener.net\/wordpress\/sauerland-vielfalt-migrantinnen-bringen-menschen-im-hsk-zusammen\/","title":{"rendered":"\u201eSauerland-Vielfalt\u201c \u2013 Migrant*innen bringen Menschen im HSK zusammen"},"content":{"rendered":"\n<h3 class=\"wp-block-heading\">Freitag, 13. M\u00e4rz 2026, 15:00\u201318:00 Uhr, Stadthalle Meschede<\/h3>\n\n\n<div class=\"wp-block-image\">\n<figure class=\"aligncenter size-large\"><a href=\"https:\/\/www.schiebener.net\/wordpress\/wp-content\/uploads\/2026\/02\/20260223ComedienneKlein.jpg\" target=\"_blank\" rel=\" noreferrer noopener\"><img loading=\"lazy\" decoding=\"async\" width=\"683\" height=\"1024\" src=\"https:\/\/www.schiebener.net\/wordpress\/wp-content\/uploads\/2026\/02\/20260223ComedienneKlein-683x1024.jpg\" alt=\"Eine junge Frau in einem Leopardenanzug h\u00e4lt in der erhobenen linken Hand l\u00e4ssig ein Mikrophon, mit der rechten h\u00e4lt sie das Kabel.\nSie hat am linken Ohr einen gro\u00dfen goldenen Ohrring und tr\u00e4gt ein beiges modisches Kopftuch. Sie steht vor einer violetten Wand.\" class=\"wp-image-63413\" srcset=\"https:\/\/www.schiebener.net\/wordpress\/wp-content\/uploads\/2026\/02\/20260223ComedienneKlein-683x1024.jpg 683w, https:\/\/www.schiebener.net\/wordpress\/wp-content\/uploads\/2026\/02\/20260223ComedienneKlein-200x300.jpg 200w, https:\/\/www.schiebener.net\/wordpress\/wp-content\/uploads\/2026\/02\/20260223ComedienneKlein-768x1152.jpg 768w, https:\/\/www.schiebener.net\/wordpress\/wp-content\/uploads\/2026\/02\/20260223ComedienneKlein.jpg 1024w\" sizes=\"auto, (max-width: 709px) 85vw, (max-width: 909px) 67vw, (max-width: 984px) 61vw, (max-width: 1362px) 45vw, 600px\" \/><\/a><figcaption class=\"wp-element-caption\">Comedienne Anissa Loucif greift mit Humor und Tiefgang gesellschaftliche Themen auf (Foto: LAS Live Artist Studio GmbH)<\/figcaption><\/figure>\n<\/div>\n\n\n<p><strong>Das Sauerland lebt von seinem Miteinander \u2013 von Engagement, Offenheit und Vielfalt. Genau das steht im Mittelpunkt der Veranstaltung \u201eSauerland-Vielfalt\u201c, zu der der Landrat des Hochsauerlandkreises alle B\u00fcrgerinnen und B\u00fcrger herzlich einl\u00e4dt.<\/strong><\/p>\n\n\n\n<p>Seit vielen Jahren leisten Migranten- und Migrantinnen-Selbstorganisationen (MSO) einen unverzichtbaren Beitrag f\u00fcr ein gelingendes Zusammenleben im Hochsauerlandkreis. Sie begleiten Menschen mit Migrations- und Fluchtgeschichte beim Ankommen, schaffen Begegnungen und gestalten unsere Gesellschaft aktiv mit. Dieses Engagement soll sichtbar gemacht, gew\u00fcrdigt und weiter gest\u00e4rkt werden.<\/p>\n\n\n\n<p>Im Rahmen der \u201eSauerland-Vielfalt\u201c-Veranstaltung pr\u00e4sentieren sich die unterschiedlichsten MSO und geben Einblick in ihre Arbeit und ihre Geschichte. Weiter bietet die Veranstaltung Raum f\u00fcr Austausch, neue Impulse und pers\u00f6nliche Gespr\u00e4che. Anregungen f\u00fcr die Integrationsarbeit sind ausdr\u00fccklich willkommen.<\/p>\n\n\n\n<p>\u201eIntegration gelingt dort am besten, wo Menschen sich begegnen, miteinander lachen, diskutieren und voneinander lernen. So entsteht eine Sauerland-Vielfalt, von der wir alle profitieren\u201c, betont Landrat Grosche. \u201eIch lade alle Sauerl\u00e4nderinnen und Sauerl\u00e4nder ein, dabei zu sein und ein Zeichen f\u00fcr Offenheit und Zusammenhalt zu setzen.\u201c<\/p>\n\n\n\n<p>Ein besonderes Highlight an diesem Tag ist der Auftritt der bekannten Comedienne Anissa Loucif, die mit Humor und Tiefgang gesellschaftliche Themen aufgreift und f\u00fcr Leichtigkeit im Dialog sorgt.<\/p>\n\n\n\n<p><strong>Ablauf der Veranstaltung:<\/strong><br \/>15:00 Uhr \u2013 Begr\u00fc\u00dfung und Gru\u00dfwort des Landrates<br \/>15:15 Uhr \u2013 Comedy mit Anissa Loucif<br \/>15:45 Uhr \u2013 Impuls: \u201eIntegration im HSK \u2013 alles Zufall?\u201c<br \/>16:00 Uhr \u2013 Marktplatz der MSO<br \/>17:00 Uhr \u2013 Comedy mit Anissa Loucif<br \/>17:30 Uhr \u2013 Gemeinsamer Ausklang<br \/>18:00 Uhr \u2013 Ende<\/p>\n\n\n\n<p><strong>Termin:<\/strong> Freitag, 13. M\u00e4rz 2026, 15:00\u201318:00 Uhr<br \/><strong>Ort:<\/strong> Stadthalle Meschede, Winziger Platz 10, 59872 Meschede<br \/><strong>Der Eintritt ist frei<\/strong>, au\u00dferdem wird es eine Kinderbetreuung geben.<\/p>\n","protected":false},"excerpt":{"rendered":"<p>Freitag, 13. M\u00e4rz 2026, 15:00\u201318:00 Uhr, Stadthalle Meschede Das Sauerland lebt von seinem Miteinander \u2013 von Engagement, Offenheit und Vielfalt. Genau das steht im Mittelpunkt der Veranstaltung \u201eSauerland-Vielfalt\u201c, zu der &hellip; <a href=\"https:\/\/www.schiebener.net\/wordpress\/sauerland-vielfalt-migrantinnen-bringen-menschen-im-hsk-zusammen\/\" class=\"more-link\"><span class=\"screen-reader-text\">\u201e\u201eSauerland-Vielfalt\u201c \u2013 Migrant*innen bringen Menschen im HSK zusammen\u201c <\/span>weiterlesen<\/a><\/p>\n","protected":false},"author":17,"featured_media":0,"comment_status":"open","ping_status":"open","sticky":false,"template":"","format":"standard","meta":{"footnotes":""},"categories":[303,80,1043],"tags":[835,9452,6663],"class_list":["post-63412","post","type-post","status-publish","format-standard","hentry","category-in-unserem-briefkasten","category-lokales","category-pressemitteilungen","tag-hochsauerlandkreis","tag-migrantinnen","tag-vielfalt"],"_links":{"self":[{"href":"https:\/\/www.schiebener.net\/wordpress\/wp-json\/wp\/v2\/posts\/63412","targetHints":{"allow":["GET"]}}],"collection":[{"href":"https:\/\/www.schiebener.net\/wordpress\/wp-json\/wp\/v2\/posts"}],"about":[{"href":"https:\/\/www.schiebener.net\/wordpress\/wp-json\/wp\/v2\/types\/post"}],"author":[{"embeddable":true,"href":"https:\/\/www.schiebener.net\/wordpress\/wp-json\/wp\/v2\/users\/17"}],"replies":[{"embeddable":true,"href":"https:\/\/www.schiebener.net\/wordpress\/wp-json\/wp\/v2\/comments?post=63412"}],"version-history":[{"count":0,"href":"https:\/\/www.schiebener.net\/wordpress\/wp-json\/wp\/v2\/posts\/63412\/revisions"}],"wp:attachment":[{"href":"https:\/\/www.schiebener.net\/wordpress\/wp-json\/wp\/v2\/media?parent=63412"}],"wp:term":[{"taxonomy":"category","embeddable":true,"href":"https:\/\/www.schiebener.net\/wordpress\/wp-json\/wp\/v2\/categories?post=63412"},{"taxonomy":"post_tag","embeddable":true,"href":"https:\/\/www.schiebener.net\/wordpress\/wp-json\/wp\/v2\/tags?post=63412"}],"curies":[{"name":"wp","href":"https:\/\/api.w.org\/{rel}","templated":true}]}}