{"id":63392,"date":"2026-02-20T22:14:46","date_gmt":"2026-02-20T21:14:46","guid":{"rendered":"https:\/\/www.schiebener.net\/wordpress\/?p=63392"},"modified":"2026-02-21T11:08:38","modified_gmt":"2026-02-21T10:08:38","slug":"thema-rechtsextremismus-neue-angebote-der-bundeszentrale-fuer-politische-bildung","status":"publish","type":"post","link":"https:\/\/www.schiebener.net\/wordpress\/thema-rechtsextremismus-neue-angebote-der-bundeszentrale-fuer-politische-bildung\/","title":{"rendered":"Thema Rechtsextremismus: neue Angebote der Bundeszentrale f\u00fcr politische Bildung"},"content":{"rendered":"<div class=\"wp-block-image\">\n<figure class=\"aligncenter size-large\"><a href=\"https:\/\/www.schiebener.net\/wordpress\/wp-content\/uploads\/2025\/02\/2025020209KasselDemo.jpg\" target=\"_blank\" rel=\" noreferrer noopener\"><img loading=\"lazy\" decoding=\"async\" width=\"1006\" height=\"1024\" src=\"https:\/\/www.schiebener.net\/wordpress\/wp-content\/uploads\/2025\/02\/2025020209KasselDemo-1006x1024.jpg\" alt=\"Ein gelborangenes Pappplakat auf einer Demo. Oben ein schwarzer Springerstiefel der kleine Strichmenschen zertritt. Darunter der Text:\nNAZI-MACHTHABER\nLASSEN SICH\nNICHT MEHR\nABW\u00c4HLEN\" class=\"wp-image-60296\" srcset=\"https:\/\/www.schiebener.net\/wordpress\/wp-content\/uploads\/2025\/02\/2025020209KasselDemo-1006x1024.jpg 1006w, https:\/\/www.schiebener.net\/wordpress\/wp-content\/uploads\/2025\/02\/2025020209KasselDemo-295x300.jpg 295w, https:\/\/www.schiebener.net\/wordpress\/wp-content\/uploads\/2025\/02\/2025020209KasselDemo-768x782.jpg 768w, https:\/\/www.schiebener.net\/wordpress\/wp-content\/uploads\/2025\/02\/2025020209KasselDemo-1509x1536.jpg 1509w, https:\/\/www.schiebener.net\/wordpress\/wp-content\/uploads\/2025\/02\/2025020209KasselDemo-1200x1221.jpg 1200w, https:\/\/www.schiebener.net\/wordpress\/wp-content\/uploads\/2025\/02\/2025020209KasselDemo.jpg 2012w\" sizes=\"auto, (max-width: 709px) 85vw, (max-width: 909px) 67vw, (max-width: 1362px) 62vw, 840px\" \/><\/a><\/figure>\n<\/div>\n\n\n<p><strong>Rechtsextremismus setze so die Bundeszentrale f\u00fcr politische Bildung (bpb) liberale Demokratien weltweit unter Druck. Das <a href=\"https:\/\/www.bpb.de\/themen\/rechtsextremismus\/dossier-rechtsextremismus\/575346\/ursachen-des-rechtsextremismus\/\" target=\"_blank\" rel=\"noreferrer noopener\">Dossier Rechtsextremismus<\/a> der bpb geht den \u00f6konomischen, kulturellen und politischen Ursachen dieses Ph\u00e4nomens auf den Grund.<\/strong><br \/><br \/>Im <a href=\"https:\/\/www.bpb.de\/themen\/rechtsextremismus\/infopool-rechtsextremismus\/\" target=\"_blank\" rel=\"noreferrer noopener\">InfoPool Rechtsextremismus<\/a> befassen sich die Autoren eines <a href=\"https:\/\/www.bpb.de\/themen\/rechtsextremismus\/infopool-rechtsextremismus\/575145\/nicht-nur-von-rechtsextremen-antisemitismus-als-zunehmende-gefahr-fuer-juedische-communities\/\" target=\"_blank\" rel=\"noreferrer noopener\">Essays<\/a> mit dem wachsenden Antisemitismus, der J\u00fcdinnen und Juden in Deutschland bedroht. Die <a href=\"https:\/\/www.bpb.de\/lernen\/digitale-bildung\/werkstatt\/574498\/geschichtsrevisionismus-digital-wie-rechtsextreme-akteure-auf-social-media-geschichte-umdeuten\/\" target=\"_blank\" rel=\"noreferrer noopener\">Werkstatt<\/a> zeigt auf, wie rechtsextreme Akteure auf Social Media Geschichte umdeuten und wie digitale Quellenkritik im Unterricht dem begegnen kann.<\/p>\n\n\n\n<p><strong>WERKSTATT<\/strong><br \/><strong>Geschichtsrevisionismus digital: Wie rechtsextreme Akteure auf Social Media Geschichte umdeuten<\/strong><\/p>\n\n\n\n<p>Geschichtsrevisionismus verharmlost NS-Verbrechen durch Verf\u00e4lschung historischer Fakten. In den sozialen Medien erreichen diese Narrative Millionen \u2013 und gef\u00e4hrden Erinnerungskultur und Demokratie.<br \/><br \/><strong>Zum Angebot:<\/strong><br \/><a href=\"https:\/\/www.bpb.de\/lernen\/digitale-bildung\/werkstatt\/574498\/geschichtsrevisionismus-digital-wie-rechtsextreme-akteure-auf-social-media-geschichte-umdeuten\/\" target=\"_blank\" rel=\"noreferrer noopener\">https:\/\/www.bpb.de\/lernen\/digitale-bildung\/werkstatt\/574498\/geschichtsrevisionismus-digital-wie-rechtsextreme-akteure-auf-social-media-geschichte-umdeuten\/<\/a><\/p>\n\n\n\n<p><strong>INFOPOOL RECHTSEXTREMISMUS<\/strong><br \/><strong>Antisemitismus als zunehmende Gefahr f\u00fcr j\u00fcdische Communities<\/strong><\/p>\n\n\n\n<p>Ein Essay \u00fcber die angespannte Situation, unter der j\u00fcdische Menschen in Deutschland leben und den Erhalt des demokratischen Systems in Zeiten eines wiedererstarkenden Antisemitismus.<\/p>\n\n\n\n<p><strong>Zum Angebot: <\/strong><br \/><a href=\"https:\/\/www.bpb.de\/themen\/rechtsextremismus\/infopool-rechtsextremismus\/575145\/nicht-nur-von-rechtsextremen-antisemitismus-als-zunehmende-gefahr-fuer-juedische-communities\/\" target=\"_blank\" rel=\"noreferrer noopener\">https:\/\/www.bpb.de\/themen\/rechtsextremismus\/infopool-rechtsextremismus\/575145\/nicht-nur-von-rechtsextremen-antisemitismus-als-zunehmende-gefahr-fuer-juedische-communities\/<\/a><\/p>\n\n\n\n<p><strong>RECHTSEXTREMISMUS<\/strong><br \/><strong>Ursachen des Rechtsextremismus<\/strong><\/p>\n\n\n\n<p>Rechtsextremismus setzt Demokratien weltweit unter Druck. F\u00fcr den Aufschwung gibt es nicht die eine Ursache: Welche Erkl\u00e4rungsans\u00e4tze eine Rolle spielen, fasst die Professorin Susanne Rippl zusammen.<\/p>\n\n\n\n<p><strong>Zum Angebot:<\/strong><br \/><a href=\"https:\/\/www.bpb.de\/themen\/rechtsextremismus\/dossier-rechtsextremismus\/575346\/ursachen-des-rechtsextremismus\/\" target=\"_blank\" rel=\"noreferrer noopener\">https:\/\/www.bpb.de\/themen\/rechtsextremismus\/dossier-rechtsextremismus\/575346\/ursachen-des-rechtsextremismus\/<\/a> <\/p>\n","protected":false},"excerpt":{"rendered":"<p>Rechtsextremismus setze so die Bundeszentrale f\u00fcr politische Bildung (bpb) liberale Demokratien weltweit unter Druck. Das Dossier Rechtsextremismus der bpb geht den \u00f6konomischen, kulturellen und politischen Ursachen dieses Ph\u00e4nomens auf den &hellip; <a href=\"https:\/\/www.schiebener.net\/wordpress\/thema-rechtsextremismus-neue-angebote-der-bundeszentrale-fuer-politische-bildung\/\" class=\"more-link\"><span class=\"screen-reader-text\">\u201eThema Rechtsextremismus: neue Angebote der Bundeszentrale f\u00fcr politische Bildung\u201c <\/span>weiterlesen<\/a><\/p>\n","protected":false},"author":3,"featured_media":0,"comment_status":"open","ping_status":"open","sticky":false,"template":"","format":"standard","meta":{"footnotes":""},"categories":[8668,3,319,303,7507,8669,6314],"tags":[4513],"class_list":["post-63392","post","type-post","status-publish","format-standard","hentry","category-antisemitismus","category-bildung-und-schule","category-geschichte","category-in-unserem-briefkasten","category-nationalsozialismus","category-rassismus","category-rechtsextremismus","tag-bundeszentrale-fuer-politische-bildung"],"_links":{"self":[{"href":"https:\/\/www.schiebener.net\/wordpress\/wp-json\/wp\/v2\/posts\/63392","targetHints":{"allow":["GET"]}}],"collection":[{"href":"https:\/\/www.schiebener.net\/wordpress\/wp-json\/wp\/v2\/posts"}],"about":[{"href":"https:\/\/www.schiebener.net\/wordpress\/wp-json\/wp\/v2\/types\/post"}],"author":[{"embeddable":true,"href":"https:\/\/www.schiebener.net\/wordpress\/wp-json\/wp\/v2\/users\/3"}],"replies":[{"embeddable":true,"href":"https:\/\/www.schiebener.net\/wordpress\/wp-json\/wp\/v2\/comments?post=63392"}],"version-history":[{"count":0,"href":"https:\/\/www.schiebener.net\/wordpress\/wp-json\/wp\/v2\/posts\/63392\/revisions"}],"wp:attachment":[{"href":"https:\/\/www.schiebener.net\/wordpress\/wp-json\/wp\/v2\/media?parent=63392"}],"wp:term":[{"taxonomy":"category","embeddable":true,"href":"https:\/\/www.schiebener.net\/wordpress\/wp-json\/wp\/v2\/categories?post=63392"},{"taxonomy":"post_tag","embeddable":true,"href":"https:\/\/www.schiebener.net\/wordpress\/wp-json\/wp\/v2\/tags?post=63392"}],"curies":[{"name":"wp","href":"https:\/\/api.w.org\/{rel}","templated":true}]}}